{"id":10049,"date":"2017-10-16T13:57:39","date_gmt":"2017-10-16T12:57:39","guid":{"rendered":"http:\/\/www.imelasavoie.fr\/?p=10049"},"modified":"2017-10-16T14:08:33","modified_gmt":"2017-10-16T13:08:33","slug":"parcours-de-co-la-praille-5","status":"publish","type":"post","link":"https:\/\/www.imelasavoie.fr\/?p=10049","title":{"rendered":"Parcours de CO: La Praille 5 violet"},"content":{"rendered":"<p>Voici le cinqui\u00e8me parcours violet: tr\u00e8s difficile, 15 balises \u00e0 trouver<\/p>\n<p>&nbsp;<\/p>\n<p><!-- x-tinymce\/html --><!-- x-tinymce\/html --><a href=\"https:\/\/www.imelasavoie.fr\/wp-content\/uploads\/2017\/10\/la-Praille-5-Violet-recto-1.jpg\"><img loading=\"lazy\" decoding=\"async\" class=\"aligncenter wp-image-10050\" src=\"https:\/\/www.imelasavoie.fr\/wp-content\/uploads\/2017\/10\/la-Praille-5-Violet-recto-1-210x300.jpg\" alt=\"\" width=\"532\" height=\"760\" srcset=\"https:\/\/www.imelasavoie.fr\/wp-content\/uploads\/2017\/10\/la-Praille-5-Violet-recto-1-210x300.jpg 210w, https:\/\/www.imelasavoie.fr\/wp-content\/uploads\/2017\/10\/la-Praille-5-Violet-recto-1-768x1097.jpg 768w, https:\/\/www.imelasavoie.fr\/wp-content\/uploads\/2017\/10\/la-Praille-5-Violet-recto-1-717x1024.jpg 717w, https:\/\/www.imelasavoie.fr\/wp-content\/uploads\/2017\/10\/la-Praille-5-Violet-recto-1.jpg 1564w\" sizes=\"auto, (max-width: 532px) 100vw, 532px\" \/><\/a><\/p>\n<p>&nbsp;<\/p>\n<p><a href=\"https:\/\/www.imelasavoie.fr\/wp-content\/uploads\/2017\/10\/la-Praille-5-Violet-verso-1.jpg\"><img loading=\"lazy\" decoding=\"async\" class=\"aligncenter wp-image-10051\" src=\"https:\/\/www.imelasavoie.fr\/wp-content\/uploads\/2017\/10\/la-Praille-5-Violet-verso-1-210x300.jpg\" alt=\"\" width=\"511\" height=\"730\" srcset=\"https:\/\/www.imelasavoie.fr\/wp-content\/uploads\/2017\/10\/la-Praille-5-Violet-verso-1-210x300.jpg 210w, https:\/\/www.imelasavoie.fr\/wp-content\/uploads\/2017\/10\/la-Praille-5-Violet-verso-1-768x1097.jpg 768w, https:\/\/www.imelasavoie.fr\/wp-content\/uploads\/2017\/10\/la-Praille-5-Violet-verso-1-717x1024.jpg 717w, https:\/\/www.imelasavoie.fr\/wp-content\/uploads\/2017\/10\/la-Praille-5-Violet-verso-1.jpg 1562w\" sizes=\"auto, (max-width: 511px) 100vw, 511px\" \/><\/a><\/p>\n","protected":false},"excerpt":{"rendered":"<p>Voici le cinqui\u00e8me parcours violet: tr\u00e8s difficile, 15 balises \u00e0 trouver &nbsp; &nbsp;<\/p>\n","protected":false},"author":1,"featured_media":0,"comment_status":"open","ping_status":"closed","sticky":false,"template":"","format":"standard","meta":{"footnotes":""},"categories":[48,151],"tags":[153,152],"class_list":["post-10049","post","type-post","status-publish","format-standard","hentry","category-actualites","category-cartes-de-co","tag-orientation","tag-parcours-co"],"_links":{"self":[{"href":"https:\/\/www.imelasavoie.fr\/index.php?rest_route=\/wp\/v2\/posts\/10049","targetHints":{"allow":["GET"]}}],"collection":[{"href":"https:\/\/www.imelasavoie.fr\/index.php?rest_route=\/wp\/v2\/posts"}],"about":[{"href":"https:\/\/www.imelasavoie.fr\/index.php?rest_route=\/wp\/v2\/types\/post"}],"author":[{"embeddable":true,"href":"https:\/\/www.imelasavoie.fr\/index.php?rest_route=\/wp\/v2\/users\/1"}],"replies":[{"embeddable":true,"href":"https:\/\/www.imelasavoie.fr\/index.php?rest_route=%2Fwp%2Fv2%2Fcomments&post=10049"}],"version-history":[{"count":0,"href":"https:\/\/www.imelasavoie.fr\/index.php?rest_route=\/wp\/v2\/posts\/10049\/revisions"}],"wp:attachment":[{"href":"https:\/\/www.imelasavoie.fr\/index.php?rest_route=%2Fwp%2Fv2%2Fmedia&parent=10049"}],"wp:term":[{"taxonomy":"category","embeddable":true,"href":"https:\/\/www.imelasavoie.fr\/index.php?rest_route=%2Fwp%2Fv2%2Fcategories&post=10049"},{"taxonomy":"post_tag","embeddable":true,"href":"https:\/\/www.imelasavoie.fr\/index.php?rest_route=%2Fwp%2Fv2%2Ftags&post=10049"}],"curies":[{"name":"wp","href":"https:\/\/api.w.org\/{rel}","templated":true}]}}