{"id":10774,"date":"2017-12-22T16:02:11","date_gmt":"2017-12-22T15:02:11","guid":{"rendered":"http:\/\/www.imelasavoie.fr\/?p=10774"},"modified":"2017-12-22T19:22:39","modified_gmt":"2017-12-22T18:22:39","slug":"mon-departmikail-turna","status":"publish","type":"post","link":"https:\/\/www.imelasavoie.fr\/?p=10774","title":{"rendered":"[Mon d\u00e9part] Mikail Turna"},"content":{"rendered":"<p>Bonjour, je vais vous pr\u00e9senter mon article sur mon d\u00e9part.<\/p>\n<p>Jeudi 21 D\u00e9cembre, j&rsquo;ai r\u00e9alis\u00e9 mon bilan de stage au Foyer d&rsquo;Artemare et \u00e0 l&rsquo;ARIMC de Belley. J&rsquo;ai eu un super bilan qui \u00e9tait positif et\u00a0une proposition d&#8217;embauche pour le 8 Janvier. Je suis super content d&rsquo;avoir eu cette nouvelle car pour moi, c&rsquo;est une nouvelle vie qui commence !<\/p>\n<p>Pour cela, je voulais remercier tous les personnels de l&rsquo;Ime: Mr Bousquet, Mr Frezza Buet, Mme Lyaudet; mes \u00e9ducateurs : Gr\u00e9goire, Estelle; tous mes anciens \u00e9ducateurs et \u00e9ducatrices; Mr Duclos, Mr Lan\u00e7on et\u00a0Cindy et pour finir\u00a0Mr Pelizzoni.\u00a0Je remercie ce dernier de\u00a0m&rsquo;avoir aid\u00e9\u00a0cette derni\u00e8re ann\u00e9e.<\/p>\n<p>Merci de m&rsquo;avoir aid\u00e9.<\/p>\n<p>Vous\u00a0allez tous me manquer.<\/p>\n<p>Je voulais aussi\u00a0remercier Mr Barbier et Mme Thibert qui m&rsquo;ont beaucoup aid\u00e9\u00a0durant mon parcours\u00a0en Atelier Cuisine et SHL.<\/p>\n<p>UN GRAND MERCI !!!<\/p>\n<p>Si j&rsquo;en suis l\u00e0, c&rsquo;est gr\u00e2ce\u00a0\u00e0 vous mes copains et copines. Vous m&rsquo;avez beaucoup aid\u00e9, m\u00eame si parfois ce n&rsquo;\u00e9tait\u00a0pas le cas !<\/p>\n<p>Voici un long texte de remerciements !<\/p>\n<p>Mr Bousquet: Que dire de vous ? Pendant 7 ans ou plus, je vous ai toujours connu dans la joie et le\u00a0bonheur. Je voulais vous remercier pour tout !\u00a0Merci de m&rsquo;avoir accueilli \u00e0\u00a0l&rsquo;IME\u00a0La Savoie et maintenant L&rsquo;IME\u00a0DINAMO PRO ! Merci Beaucoup en esp\u00e9rant vous revoir !<\/p>\n<p>Mr Frezza Buet : Cela fait\u00a0maintenant depuis quelques mois\u00a0que vous \u00eates\u00a0\u00e0\u00a0l&rsquo;IME \u00a0et je vous ai connu \u00e0 la rentr\u00e9e de septembre. Mon plus beau souvenir est de m&rsquo;avoir pos\u00e9 des questions lors de mon\u00a0interview. Je n&rsquo;oublierais jamais de\u00a0m&rsquo;avoir suivi pendant ces 4 mois !<\/p>\n<p>Gr\u00e9goire : Que dire de vous !? Tout d&rsquo;abord, je voulais vous faire un \u00e9norme merci de m&rsquo;avoir aid\u00e9 dans les moments difficiles et de m&rsquo;avoir aid\u00e9 \u00e0 vivre en studio ! Mon plus beau souvenir, c&rsquo;est \u00e0 l&rsquo;appart quand vous\u00a0faites le foufou pour nous faire rigoler ! J&rsquo;esp\u00e8re vraiment vous revoir un jour dans\u00a0Artemare !<\/p>\n<p>Estelle : Que dire de toi ? Depuis quelques ann\u00e9es que l&rsquo;on se connait, je\u00a0voulais\u00a0te remercier pour cette\u00a0aide que tu m&rsquo;as apport\u00e9. Merci beaucoup de m&rsquo;avoir aid\u00e9\u00a0\u00e0 en arriver l\u00e0\u00a0!<\/p>\n<p>Mr Lan\u00e7on :\u00a0Ah mon prof ador\u00e9.\u00a0\u00a0Depuis je suis arriv\u00e9\u00a0dans votre classe, vous m&rsquo;avez aid\u00e9\u00a0pour tant de choses comme les math\u00e9matiques,\u00a0le fran\u00e7ais et enfin les sciences !\u00a0J&rsquo;ai vraiment \u00e9t\u00e9 heureux de vous avoir connu et merci beaucoup pour tout !!!!!<\/p>\n<p>Mr Duclos : A mon ancien prof depuis tant d&rsquo;ann\u00e9es, vous m&rsquo;avez suivi dans ce parcours jusqu&rsquo;au\u00a0CECOF. Merci beaucoup de m&rsquo;avoir aid\u00e9\u00a0pour tant de choses comme l&rsquo;anglais, l&rsquo;histoire,\u00a0les maths CAP 1 et la g\u00e9ographie !<\/p>\n<p>Cindy ! : Oui toi Cindy. Depuis je suis arriv\u00e9 \u00e0 l&rsquo;IME, je voulais te remercier pour tous ces moments difficiles o\u00f9 tu m&rsquo;as beaucoup aid\u00e9 \u00e0 progresser dans ma vie. Ca, je t&rsquo;en remercie beaucoup ! Cela a \u00e9t\u00e9 un honneur pour moi de t&rsquo;avoir connue ! Je suis\u00a0tr\u00e8s \u00e9mu, pour \u00e7a\u00a0mille MERCI !<\/p>\n<p>Mr Barbier : Pendant 5-6 ans, je suis venu dans votre Atelier cuisine, vous m&rsquo;avez fait d\u00e9couvrir tant de choses pendant cette ann\u00e9e ! Comme r\u00e9aliser de la confiture,\u00a0le b\u0153uf bourguignon, enfin plein de recette !!! Vraiment merci beaucoup pour ce long parcours !<\/p>\n<p>Mme Thibert : Depuis\u00a05 ans,\u00a0on se connait. Cela\u00a0fut pour moi de merveilleux moments, travailler avec vous comme pour le service au Restaurant p\u00e9dagogique et aussi pour le m\u00e9nage dans votre atelier ! Merci beaucoup pour ces moments !!!<\/p>\n<p>Pour finir, Mr Pelizzoni : Tout d&rsquo;abord, je voulais vous remercier pour\u00a0m&rsquo;avoir aid\u00e9 pour tout ce long chemin.\u00a0Pour commencer,\u00a0vous m&rsquo;avez\u00a0suivi au CECOF, en cuisine. J&rsquo;ai ador\u00e9 travailler avec vous\u00a0et \u00e7a je l&rsquo;oublierai jamais !\u00a0Enfin, le jour o\u00f9 je vous ai demand\u00e9 d&rsquo;effectuer un stage en imprimerie, vous m&rsquo;avez directement envoy\u00e9. Du 4 au 21 D\u00e9cembre j&rsquo;ai fait ce stage avec la joie et bonheur. Le Jour-J, oui le grand jour est arriv\u00e9 lorsque Gr\u00e9goire est venu pour mon bilan le matin \u00e0 8h. On m&rsquo;a alors\u00a0propos\u00e9 d&rsquo;\u00eatre embauch\u00e9 et l\u00e0 vous \u00eates arriv\u00e9 pour faire ce magnifique bilan: Merci beaucoup !!!!!!!<\/p>\n<p>Pour finir, un grand grand merci \u00e0 tous mes copains et copines pour ces merveilleux moments\u00a0pass\u00e9s ensemble, merci beaucoup sans vous je n&rsquo;en serais pas arriv\u00e9 l\u00e0 !<\/p>\n<p>Je vous dis \u00e0 tr\u00e8s bient\u00f4t, vous allez tous me manquer !!!!!!<\/p>\n<p>J&rsquo;ai des conseils\u00a0\u00e0 vous donner, si vous voulez\u00a0y arriver comme moi\u00a0 : Ne l\u00e2chez rien, ne faites pas de b\u00eatises, \u00e9coutez\u00a0toujours ce que votre patron vous demande et soyez forts. N&rsquo;oubliez pas comme on le dit\u00a0: TOUS CAPABLES !!<\/p>\n<p>Cordialement<\/p>\n<p style=\"text-align: left;\">Mikail Turna<\/p>\n<p>&nbsp;<\/p>\n","protected":false},"excerpt":{"rendered":"<p>Bonjour, je vais vous pr\u00e9senter mon article sur mon d\u00e9part. Jeudi 21 D\u00e9cembre, j&rsquo;ai r\u00e9alis\u00e9 mon bilan de stage au Foyer d&rsquo;Artemare et \u00e0 l&rsquo;ARIMC de Belley. J&rsquo;ai eu un super bilan qui \u00e9tait positif et\u00a0une proposition d&#8217;embauche pour le &hellip; <a href=\"https:\/\/www.imelasavoie.fr\/?p=10774\">Continuer la lecture <span class=\"meta-nav\">&rarr;<\/span><\/a><\/p>\n","protected":false},"author":1,"featured_media":0,"comment_status":"open","ping_status":"closed","sticky":false,"template":"","format":"standard","meta":{"footnotes":""},"categories":[48,64,61,56,62],"tags":[],"class_list":["post-10774","post","type-post","status-publish","format-standard","hentry","category-actualites","category-ava","category-dinamo2","category-les-classes-et-ateliers","category-les-groupes-educatifs"],"_links":{"self":[{"href":"https:\/\/www.imelasavoie.fr\/index.php?rest_route=\/wp\/v2\/posts\/10774","targetHints":{"allow":["GET"]}}],"collection":[{"href":"https:\/\/www.imelasavoie.fr\/index.php?rest_route=\/wp\/v2\/posts"}],"about":[{"href":"https:\/\/www.imelasavoie.fr\/index.php?rest_route=\/wp\/v2\/types\/post"}],"author":[{"embeddable":true,"href":"https:\/\/www.imelasavoie.fr\/index.php?rest_route=\/wp\/v2\/users\/1"}],"replies":[{"embeddable":true,"href":"https:\/\/www.imelasavoie.fr\/index.php?rest_route=%2Fwp%2Fv2%2Fcomments&post=10774"}],"version-history":[{"count":0,"href":"https:\/\/www.imelasavoie.fr\/index.php?rest_route=\/wp\/v2\/posts\/10774\/revisions"}],"wp:attachment":[{"href":"https:\/\/www.imelasavoie.fr\/index.php?rest_route=%2Fwp%2Fv2%2Fmedia&parent=10774"}],"wp:term":[{"taxonomy":"category","embeddable":true,"href":"https:\/\/www.imelasavoie.fr\/index.php?rest_route=%2Fwp%2Fv2%2Fcategories&post=10774"},{"taxonomy":"post_tag","embeddable":true,"href":"https:\/\/www.imelasavoie.fr\/index.php?rest_route=%2Fwp%2Fv2%2Ftags&post=10774"}],"curies":[{"name":"wp","href":"https:\/\/api.w.org\/{rel}","templated":true}]}}