{"id":11067,"date":"2018-01-19T22:44:54","date_gmt":"2018-01-19T21:44:54","guid":{"rendered":"http:\/\/www.imelasavoie.fr\/?p=11067"},"modified":"2018-01-20T16:55:56","modified_gmt":"2018-01-20T15:55:56","slug":"atelier-mythologie-le-feuilleton-de-thesee-episode-5-ou-il-est-question-de-la-naissance-mysterieuse-de-thesee","status":"publish","type":"post","link":"https:\/\/www.imelasavoie.fr\/?p=11067","title":{"rendered":"[atelier mythologie] Le feuilleton de Th\u00e9s\u00e9e \u2013 \u00e9pisode 5 \u00ab\u00a0o\u00f9 il est question de la naissance myst\u00e9rieuse de Th\u00e9s\u00e9e\u00a0\u00bb"},"content":{"rendered":"<p><a href=\"https:\/\/www.imelasavoie.fr\/wp-content\/uploads\/2018\/01\/images.duckduckgo.com_.jpeg\"><img loading=\"lazy\" decoding=\"async\" class=\"aligncenter size-medium wp-image-10948\" src=\"https:\/\/www.imelasavoie.fr\/wp-content\/uploads\/2018\/01\/images.duckduckgo.com_-300x300.jpeg\" alt=\"\" width=\"300\" height=\"300\" srcset=\"https:\/\/www.imelasavoie.fr\/wp-content\/uploads\/2018\/01\/images.duckduckgo.com_-300x300.jpeg 300w, https:\/\/www.imelasavoie.fr\/wp-content\/uploads\/2018\/01\/images.duckduckgo.com_-150x150.jpeg 150w, https:\/\/www.imelasavoie.fr\/wp-content\/uploads\/2018\/01\/images.duckduckgo.com_.jpeg 356w\" sizes=\"auto, (max-width: 300px) 100vw, 300px\" \/><\/a><b><i>Th\u00e9s\u00e9e est triste de ne pas savoir qui est son p\u00e8re. Connidas d\u00e9cide de lui raconter l&rsquo;\u00e9trange conception d&rsquo;H\u00e9racl\u00e8s.<\/i><\/b><i><b> <\/b>Pourquoi est-ce important pour Th\u00e9s\u00e9e de conna\u00eetre ses origines ? La m\u00e8re de Th\u00e9s\u00e9e a-t-elle raison de lui cacher la v\u00e9rit\u00e9 ?<\/i><\/p>\n<!--[if lt IE 9]><script>document.createElement('audio');<\/script><![endif]-->\n<audio class=\"wp-audio-shortcode\" id=\"audio-11067-1\" preload=\"none\" style=\"width: 100%;\" controls=\"controls\"><source type=\"audio\/mpeg\" src=\"https:\/\/www.imelasavoie.fr\/wp-content\/uploads\/2018\/01\/141218_th_s___pisode_5.mp3?_=1\" \/><a href=\"https:\/\/www.imelasavoie.fr\/wp-content\/uploads\/2018\/01\/141218_th_s___pisode_5.mp3\">https:\/\/www.imelasavoie.fr\/wp-content\/uploads\/2018\/01\/141218_th_s___pisode_5.mp3<\/a><\/audio>\n<p style=\"text-align: center;\">La classe Dinamo 1<\/p>\n","protected":false},"excerpt":{"rendered":"<p>Th\u00e9s\u00e9e est triste de ne pas savoir qui est son p\u00e8re. Connidas d\u00e9cide de lui raconter l&rsquo;\u00e9trange conception d&rsquo;H\u00e9racl\u00e8s. Pourquoi est-ce important pour Th\u00e9s\u00e9e de conna\u00eetre ses origines ? La m\u00e8re de Th\u00e9s\u00e9e a-t-elle raison de lui cacher la v\u00e9rit\u00e9 &hellip; <a href=\"https:\/\/www.imelasavoie.fr\/?p=11067\">Continuer la lecture <span class=\"meta-nav\">&rarr;<\/span><\/a><\/p>\n","protected":false},"author":1,"featured_media":0,"comment_status":"open","ping_status":"closed","sticky":false,"template":"","format":"standard","meta":{"footnotes":""},"categories":[48,59,172,56],"tags":[],"class_list":["post-11067","post","type-post","status-publish","format-standard","hentry","category-actualites","category-dinamo1","category-le-feuilleton-de-thesee","category-les-classes-et-ateliers"],"_links":{"self":[{"href":"https:\/\/www.imelasavoie.fr\/index.php?rest_route=\/wp\/v2\/posts\/11067","targetHints":{"allow":["GET"]}}],"collection":[{"href":"https:\/\/www.imelasavoie.fr\/index.php?rest_route=\/wp\/v2\/posts"}],"about":[{"href":"https:\/\/www.imelasavoie.fr\/index.php?rest_route=\/wp\/v2\/types\/post"}],"author":[{"embeddable":true,"href":"https:\/\/www.imelasavoie.fr\/index.php?rest_route=\/wp\/v2\/users\/1"}],"replies":[{"embeddable":true,"href":"https:\/\/www.imelasavoie.fr\/index.php?rest_route=%2Fwp%2Fv2%2Fcomments&post=11067"}],"version-history":[{"count":0,"href":"https:\/\/www.imelasavoie.fr\/index.php?rest_route=\/wp\/v2\/posts\/11067\/revisions"}],"wp:attachment":[{"href":"https:\/\/www.imelasavoie.fr\/index.php?rest_route=%2Fwp%2Fv2%2Fmedia&parent=11067"}],"wp:term":[{"taxonomy":"category","embeddable":true,"href":"https:\/\/www.imelasavoie.fr\/index.php?rest_route=%2Fwp%2Fv2%2Fcategories&post=11067"},{"taxonomy":"post_tag","embeddable":true,"href":"https:\/\/www.imelasavoie.fr\/index.php?rest_route=%2Fwp%2Fv2%2Ftags&post=11067"}],"curies":[{"name":"wp","href":"https:\/\/api.w.org\/{rel}","templated":true}]}}