{"id":11591,"date":"2018-03-09T11:37:53","date_gmt":"2018-03-09T10:37:53","guid":{"rendered":"http:\/\/www.imelasavoie.fr\/?p=11591"},"modified":"2018-03-09T11:37:53","modified_gmt":"2018-03-09T10:37:53","slug":"rosa-park-par-joshua","status":"publish","type":"post","link":"https:\/\/www.imelasavoie.fr\/?p=11591","title":{"rendered":"Rosa Park par Joshua"},"content":{"rendered":"<p>Rosa Park a \u00e9t\u00e9 \u00e0 l&rsquo;origine de la lutte pour l&rsquo;\u00e9galit\u00e9 entre personnes blanches et les personnes de couleur aux Etats-Unis.<\/p>\n<p><a href=\"https:\/\/www.imelasavoie.fr\/wp-content\/uploads\/2018\/03\/b9f49aeb7b7bedddc9ae92223083e6b7.jpg\"><img loading=\"lazy\" decoding=\"async\" class=\"aligncenter size-medium wp-image-11908\" src=\"https:\/\/www.imelasavoie.fr\/wp-content\/uploads\/2018\/03\/b9f49aeb7b7bedddc9ae92223083e6b7-300x225.jpg\" alt=\"\" width=\"300\" height=\"225\" srcset=\"https:\/\/www.imelasavoie.fr\/wp-content\/uploads\/2018\/03\/b9f49aeb7b7bedddc9ae92223083e6b7-300x225.jpg 300w, https:\/\/www.imelasavoie.fr\/wp-content\/uploads\/2018\/03\/b9f49aeb7b7bedddc9ae92223083e6b7-768x576.jpg 768w, https:\/\/www.imelasavoie.fr\/wp-content\/uploads\/2018\/03\/b9f49aeb7b7bedddc9ae92223083e6b7.jpg 1024w\" sizes=\"auto, (max-width: 300px) 100vw, 300px\" \/><\/a><\/p>\n<p><a href=\"https:\/\/www.imelasavoie.fr\/wp-content\/uploads\/2018\/03\/61acfca3c4cfa37260c8c0f71ecd0efb.jpg\"><img loading=\"lazy\" decoding=\"async\" class=\"aligncenter size-medium wp-image-11904\" src=\"https:\/\/www.imelasavoie.fr\/wp-content\/uploads\/2018\/03\/61acfca3c4cfa37260c8c0f71ecd0efb-300x225.jpg\" alt=\"\" width=\"300\" height=\"225\" srcset=\"https:\/\/www.imelasavoie.fr\/wp-content\/uploads\/2018\/03\/61acfca3c4cfa37260c8c0f71ecd0efb-300x225.jpg 300w, https:\/\/www.imelasavoie.fr\/wp-content\/uploads\/2018\/03\/61acfca3c4cfa37260c8c0f71ecd0efb-768x576.jpg 768w, https:\/\/www.imelasavoie.fr\/wp-content\/uploads\/2018\/03\/61acfca3c4cfa37260c8c0f71ecd0efb.jpg 1024w\" sizes=\"auto, (max-width: 300px) 100vw, 300px\" \/><\/a><\/p>\n<p>Cette personne a \u00e9t\u00e9 arr\u00eat\u00e9e le 1er d\u00e9cembre 1955\u00a0parce qu&rsquo;elle ne voulait pas laisser sa place\u00a0\u00e0 une personne blanche dans le bus.\u00a0 Elle a \u00e9t\u00e9\u00a0arr\u00eat\u00e9e\u00a0 parce qu&rsquo;elle \u00e9tait\u00a0assise\u00a0\u00a0\u00e0 une place r\u00e9serv\u00e9e pour les blancs. Elle a \u00e9t\u00e9 condamn\u00e9e\u00a0et a\u00a0eu une amende\u00a0de 50 dollars.<\/p>\n<p><a href=\"https:\/\/www.imelasavoie.fr\/wp-content\/uploads\/2018\/03\/rosa_parks.jpg\"><img loading=\"lazy\" decoding=\"async\" class=\"size-medium wp-image-11911\" src=\"https:\/\/www.imelasavoie.fr\/wp-content\/uploads\/2018\/03\/rosa_parks-300x200.jpg\" alt=\"\" width=\"300\" height=\"200\" srcset=\"https:\/\/www.imelasavoie.fr\/wp-content\/uploads\/2018\/03\/rosa_parks-300x200.jpg 300w, https:\/\/www.imelasavoie.fr\/wp-content\/uploads\/2018\/03\/rosa_parks.jpg 750w\" sizes=\"auto, (max-width: 300px) 100vw, 300px\" \/><\/a><\/p>\n<div id=\"attachment_11909\" style=\"width: 231px\" class=\"wp-caption aligncenter\"><a href=\"https:\/\/www.imelasavoie.fr\/wp-content\/uploads\/2018\/03\/le-combat-de-rosa-parks-photo-18.jpg\"><img loading=\"lazy\" decoding=\"async\" aria-describedby=\"caption-attachment-11909\" class=\"size-medium wp-image-11909\" src=\"https:\/\/www.imelasavoie.fr\/wp-content\/uploads\/2018\/03\/le-combat-de-rosa-parks-photo-18-221x300.jpg\" alt=\"\" width=\"221\" height=\"300\" srcset=\"https:\/\/www.imelasavoie.fr\/wp-content\/uploads\/2018\/03\/le-combat-de-rosa-parks-photo-18-221x300.jpg 221w, https:\/\/www.imelasavoie.fr\/wp-content\/uploads\/2018\/03\/le-combat-de-rosa-parks-photo-18-768x1042.jpg 768w, https:\/\/www.imelasavoie.fr\/wp-content\/uploads\/2018\/03\/le-combat-de-rosa-parks-photo-18-755x1024.jpg 755w, https:\/\/www.imelasavoie.fr\/wp-content\/uploads\/2018\/03\/le-combat-de-rosa-parks-photo-18.jpg 1401w\" sizes=\"auto, (max-width: 221px) 100vw, 221px\" \/><\/a><p id=\"caption-attachment-11909\" class=\"wp-caption-text\">Rosa Parks\u00a01955<\/p><\/div>\n<p>En 1955, les noirs et les blancs n&rsquo;allaient pas dans les m\u00eames toilettes publiques et n&rsquo;allaient pas dans les m\u00eames \u00e9coles et universit\u00e9s&#8230;<\/p>\n<p><a href=\"https:\/\/www.imelasavoie.fr\/wp-content\/uploads\/2018\/03\/640_rosa-parks.jpg\"><img loading=\"lazy\" decoding=\"async\" class=\"aligncenter size-medium wp-image-11905\" src=\"https:\/\/www.imelasavoie.fr\/wp-content\/uploads\/2018\/03\/640_rosa-parks-300x240.jpg\" alt=\"\" width=\"300\" height=\"240\" srcset=\"https:\/\/www.imelasavoie.fr\/wp-content\/uploads\/2018\/03\/640_rosa-parks-300x240.jpg 300w, https:\/\/www.imelasavoie.fr\/wp-content\/uploads\/2018\/03\/640_rosa-parks.jpg 513w\" sizes=\"auto, (max-width: 300px) 100vw, 300px\" \/><\/a><\/p>\n<p>Martin Luther King et Rosa Park\u00a0se sont oppos\u00e9s en manifestants et en faisant des grandes marches. Ils ont\u00a0aussi mis en place des boycoots.\u00a0Ca\u00a0veut dire\u00a0de refuser de acheter certains produits. Ca a dur\u00e9e 381 jours.<\/p>\n<p><a href=\"https:\/\/www.imelasavoie.fr\/wp-content\/uploads\/2018\/03\/sans-titre.png\"><img loading=\"lazy\" decoding=\"async\" class=\"aligncenter size-medium wp-image-11912\" src=\"https:\/\/www.imelasavoie.fr\/wp-content\/uploads\/2018\/03\/sans-titre-300x225.png\" alt=\"\" width=\"300\" height=\"225\" srcset=\"https:\/\/www.imelasavoie.fr\/wp-content\/uploads\/2018\/03\/sans-titre-300x225.png 300w, https:\/\/www.imelasavoie.fr\/wp-content\/uploads\/2018\/03\/sans-titre.png 480w\" sizes=\"auto, (max-width: 300px) 100vw, 300px\" \/><\/a><a href=\"https:\/\/www.imelasavoie.fr\/wp-content\/uploads\/2018\/03\/GettyImages-507246247-alt-A.jpg\"><img loading=\"lazy\" decoding=\"async\" class=\"aligncenter size-medium wp-image-11910\" src=\"https:\/\/www.imelasavoie.fr\/wp-content\/uploads\/2018\/03\/GettyImages-507246247-alt-A-300x172.jpg\" alt=\"\" width=\"300\" height=\"172\" srcset=\"https:\/\/www.imelasavoie.fr\/wp-content\/uploads\/2018\/03\/GettyImages-507246247-alt-A-300x172.jpg 300w, https:\/\/www.imelasavoie.fr\/wp-content\/uploads\/2018\/03\/GettyImages-507246247-alt-A.jpg 334w\" sizes=\"auto, (max-width: 300px) 100vw, 300px\" \/><\/a><\/p>\n<p>En 1956,\u00a0\u00a0la cour supr\u00eame\u00a0a cass\u00e9 la\u00a0loi\u00a0sur la s\u00e9gr\u00e9gation en d\u00e9clarant les\u00a0bus libres\u00a0.<\/p>\n<p>Rosa Park a contribu\u00e9\u00a0 \u00e0 la Prise de conscience des am\u00e9ricains et\u00a0a permis\u00a0l&rsquo;\u00e9galit\u00e9 entre les noirs et les blancs&#8230;<\/p>\n<p><a href=\"https:\/\/www.imelasavoie.fr\/wp-content\/uploads\/2018\/03\/79300.png\"><img loading=\"lazy\" decoding=\"async\" class=\"aligncenter size-medium wp-image-11907\" src=\"https:\/\/www.imelasavoie.fr\/wp-content\/uploads\/2018\/03\/79300-300x197.png\" alt=\"\" width=\"300\" height=\"197\" srcset=\"https:\/\/www.imelasavoie.fr\/wp-content\/uploads\/2018\/03\/79300-300x197.png 300w, https:\/\/www.imelasavoie.fr\/wp-content\/uploads\/2018\/03\/79300.png 604w\" sizes=\"auto, (max-width: 300px) 100vw, 300px\" \/><\/a><\/p>\n<p style=\"text-align: center;\">Joshua<\/p>\n<p>&nbsp;<\/p>\n","protected":false},"excerpt":{"rendered":"<p>Rosa Park a \u00e9t\u00e9 \u00e0 l&rsquo;origine de la lutte pour l&rsquo;\u00e9galit\u00e9 entre personnes blanches et les personnes de couleur aux Etats-Unis. Cette personne a \u00e9t\u00e9 arr\u00eat\u00e9e le 1er d\u00e9cembre 1955\u00a0parce qu&rsquo;elle ne voulait pas laisser sa place\u00a0\u00e0 une personne blanche &hellip; <a href=\"https:\/\/www.imelasavoie.fr\/?p=11591\">Continuer la lecture <span class=\"meta-nav\">&rarr;<\/span><\/a><\/p>\n","protected":false},"author":1,"featured_media":0,"comment_status":"open","ping_status":"closed","sticky":false,"template":"","format":"standard","meta":{"footnotes":""},"categories":[48,61,56],"tags":[],"class_list":["post-11591","post","type-post","status-publish","format-standard","hentry","category-actualites","category-dinamo2","category-les-classes-et-ateliers"],"_links":{"self":[{"href":"https:\/\/www.imelasavoie.fr\/index.php?rest_route=\/wp\/v2\/posts\/11591","targetHints":{"allow":["GET"]}}],"collection":[{"href":"https:\/\/www.imelasavoie.fr\/index.php?rest_route=\/wp\/v2\/posts"}],"about":[{"href":"https:\/\/www.imelasavoie.fr\/index.php?rest_route=\/wp\/v2\/types\/post"}],"author":[{"embeddable":true,"href":"https:\/\/www.imelasavoie.fr\/index.php?rest_route=\/wp\/v2\/users\/1"}],"replies":[{"embeddable":true,"href":"https:\/\/www.imelasavoie.fr\/index.php?rest_route=%2Fwp%2Fv2%2Fcomments&post=11591"}],"version-history":[{"count":0,"href":"https:\/\/www.imelasavoie.fr\/index.php?rest_route=\/wp\/v2\/posts\/11591\/revisions"}],"wp:attachment":[{"href":"https:\/\/www.imelasavoie.fr\/index.php?rest_route=%2Fwp%2Fv2%2Fmedia&parent=11591"}],"wp:term":[{"taxonomy":"category","embeddable":true,"href":"https:\/\/www.imelasavoie.fr\/index.php?rest_route=%2Fwp%2Fv2%2Fcategories&post=11591"},{"taxonomy":"post_tag","embeddable":true,"href":"https:\/\/www.imelasavoie.fr\/index.php?rest_route=%2Fwp%2Fv2%2Ftags&post=11591"}],"curies":[{"name":"wp","href":"https:\/\/api.w.org\/{rel}","templated":true}]}}