{"id":11621,"date":"2018-03-01T16:49:56","date_gmt":"2018-03-01T15:49:56","guid":{"rendered":"http:\/\/www.imelasavoie.fr\/?p=11621"},"modified":"2018-03-01T16:55:01","modified_gmt":"2018-03-01T15:55:01","slug":"texte-poetique-les-couleurs-de-lecriture-par-oceane","status":"publish","type":"post","link":"https:\/\/www.imelasavoie.fr\/?p=11621","title":{"rendered":"[Atelier po\u00e9sie]&#8230; Les couleurs de l&rsquo;\u00e9criture par Oc\u00e9ane.."},"content":{"rendered":"<p>On peut mettre des couleurs pour faire beau.<\/p>\n<p>Diff\u00e9rentes couleurs qui mettent en valeur mes mots..<\/p>\n<p>On peut faire des lettres avec ce m\u00e9lange.<\/p>\n<p>A chaque phrase, j&rsquo;en change.<\/p>\n<p>Plus il y a de couleurs, plus \u00e7a fait un arc-en ciel &#8230;<\/p>\n<p>Je souligne tout en bleu ciel.<\/p>\n<p>Quand je vois toutes ces couleurs, \u00e7a me fait briller les yeux &#8230;<\/p>\n<p>Et l\u00e0 mon cahier est joyeux !<\/p>\n<p>&#8230;Oc\u00e9ane&#8230;<\/p>\n<p>&#8230; Morgon &#8230;..<\/p>\n","protected":false},"excerpt":{"rendered":"<p>On peut mettre des couleurs pour faire beau. Diff\u00e9rentes couleurs qui mettent en valeur mes mots.. On peut faire des lettres avec ce m\u00e9lange. A chaque phrase, j&rsquo;en change. Plus il y a de couleurs, plus \u00e7a fait un arc-en &hellip; <a href=\"https:\/\/www.imelasavoie.fr\/?p=11621\">Continuer la lecture <span class=\"meta-nav\">&rarr;<\/span><\/a><\/p>\n","protected":false},"author":13,"featured_media":0,"comment_status":"open","ping_status":"closed","sticky":false,"template":"","format":"standard","meta":{"footnotes":""},"categories":[48,59,56],"tags":[173],"class_list":["post-11621","post","type-post","status-publish","format-standard","hentry","category-actualites","category-dinamo1","category-les-classes-et-ateliers","tag-poeme"],"_links":{"self":[{"href":"https:\/\/www.imelasavoie.fr\/index.php?rest_route=\/wp\/v2\/posts\/11621","targetHints":{"allow":["GET"]}}],"collection":[{"href":"https:\/\/www.imelasavoie.fr\/index.php?rest_route=\/wp\/v2\/posts"}],"about":[{"href":"https:\/\/www.imelasavoie.fr\/index.php?rest_route=\/wp\/v2\/types\/post"}],"author":[{"embeddable":true,"href":"https:\/\/www.imelasavoie.fr\/index.php?rest_route=\/wp\/v2\/users\/13"}],"replies":[{"embeddable":true,"href":"https:\/\/www.imelasavoie.fr\/index.php?rest_route=%2Fwp%2Fv2%2Fcomments&post=11621"}],"version-history":[{"count":0,"href":"https:\/\/www.imelasavoie.fr\/index.php?rest_route=\/wp\/v2\/posts\/11621\/revisions"}],"wp:attachment":[{"href":"https:\/\/www.imelasavoie.fr\/index.php?rest_route=%2Fwp%2Fv2%2Fmedia&parent=11621"}],"wp:term":[{"taxonomy":"category","embeddable":true,"href":"https:\/\/www.imelasavoie.fr\/index.php?rest_route=%2Fwp%2Fv2%2Fcategories&post=11621"},{"taxonomy":"post_tag","embeddable":true,"href":"https:\/\/www.imelasavoie.fr\/index.php?rest_route=%2Fwp%2Fv2%2Ftags&post=11621"}],"curies":[{"name":"wp","href":"https:\/\/api.w.org\/{rel}","templated":true}]}}