{"id":11942,"date":"2018-03-13T14:46:58","date_gmt":"2018-03-13T13:46:58","guid":{"rendered":"http:\/\/www.imelasavoie.fr\/?p=11942"},"modified":"2018-03-13T16:22:30","modified_gmt":"2018-03-13T15:22:30","slug":"atelier-poesie-lamour","status":"publish","type":"post","link":"https:\/\/www.imelasavoie.fr\/?p=11942","title":{"rendered":"[atelier po\u00e9sie] L&rsquo;amour"},"content":{"rendered":"<p>Pour le printemps des po\u00e8tes, nous avons \u00e9crit une po\u00e9sie \u00e0 deux voix sur l&rsquo;amour:<\/p>\n<p>Nous avons colori\u00e9 les sons qui riment.<\/p>\n<p><a href=\"https:\/\/www.imelasavoie.fr\/wp-content\/uploads\/2018\/03\/PJ93_LOGO-PDP-2coul-HD.jpg\"><img loading=\"lazy\" decoding=\"async\" class=\"aligncenter size-medium wp-image-11943\" src=\"https:\/\/www.imelasavoie.fr\/wp-content\/uploads\/2018\/03\/PJ93_LOGO-PDP-2coul-HD-300x284.jpg\" alt=\"\" width=\"300\" height=\"284\" srcset=\"https:\/\/www.imelasavoie.fr\/wp-content\/uploads\/2018\/03\/PJ93_LOGO-PDP-2coul-HD-300x284.jpg 300w, https:\/\/www.imelasavoie.fr\/wp-content\/uploads\/2018\/03\/PJ93_LOGO-PDP-2coul-HD-768x728.jpg 768w, https:\/\/www.imelasavoie.fr\/wp-content\/uploads\/2018\/03\/PJ93_LOGO-PDP-2coul-HD-1024x970.jpg 1024w, https:\/\/www.imelasavoie.fr\/wp-content\/uploads\/2018\/03\/PJ93_LOGO-PDP-2coul-HD.jpg 1334w\" sizes=\"auto, (max-width: 300px) 100vw, 300px\" \/><\/a><strong><span style=\"color: #ff0000;\">Une po\u00e9sie racont\u00e9e par une fille:<\/span><\/strong><\/p>\n<p>Je suis tomb\u00e9e amour<span style=\"color: #ff0000;\">euse<\/span>,<\/p>\n<p>Quand je suis avec lui, je suis heur<span style=\"color: #ff0000;\">euse<\/span>.<\/p>\n<p>Il est tellement mign<span style=\"color: #339966;\">on<\/span>,<\/p>\n<p>Quand je vois ce gar\u00e7on bl<span style=\"color: #ffcc00;\"><span style=\"color: #339966;\">ond<\/span>.<\/span><\/p>\n<p>Je me sens \u00e0 f<span style=\"color: #ff6600;\">ond<\/span>,<\/p>\n<p>Je monte au plaf<span style=\"color: #ff6600;\">ond<\/span>.<\/p>\n<p>Il a tir\u00e9 sur mon co<span style=\"color: #ff00ff;\">eur<\/span>,<\/p>\n<p>Je suis folle de toi toutes les h<span style=\"color: #ff00ff;\">eures<\/span>.<\/p>\n<p>Je suis dans une b<span style=\"color: #000000;\">ulle<\/span>,<\/p>\n<p>Je basc<span style=\"color: #000000;\">ule<\/span>.<\/p>\n<p>C&rsquo;est une belle hist<span style=\"color: #003366;\">oire<\/span>,<\/p>\n<p>J&rsquo;ai de l&rsquo;esp<span style=\"color: #003366;\">oir<\/span>.<\/p>\n<p><span style=\"color: #ff0000;\"><strong>Une po\u00e9sie racont\u00e9e par un gar\u00e7on:<\/strong><\/span><\/p>\n<p>Je suis tomb\u00e9 amour<span style=\"color: #ff0000;\">eux<\/span>,<\/p>\n<p>Quand je suis avec elle, je suis heur<span style=\"color: #ff0000;\">eux<\/span>.<\/p>\n<p>Elle est tellement mign<span style=\"color: #00ff00;\">onne<\/span>,<\/p>\n<p>Cette champi<span style=\"color: #00ff00;\">onne<\/span>.<\/p>\n<p>Je me sens \u00e0 f<span style=\"color: #ff00ff;\">ond<\/span>,<\/p>\n<p>Je monte au plaf<span style=\"color: #ff00ff;\">ond<\/span>.<\/p>\n<p>Elle a tir\u00e9 sur mon c<span style=\"color: #993300;\">\u0153ur<\/span>,<\/p>\n<p>Je suis fou de toi toutes les h<span style=\"color: #993300;\">eures<\/span>.<\/p>\n<p>Je suis dans une b<span style=\"color: #ff6600;\">ulle<\/span>,<\/p>\n<p>Je basc<span style=\"color: #ff6600;\">ule<\/span>.<\/p>\n<p>C&rsquo;est une belle hist<span style=\"color: #003366;\">oire<\/span>,<\/p>\n<p>J&rsquo;ai de l&rsquo;esp<span style=\"color: #003366;\">oir<\/span>.<\/p>\n<p>Audrey, Albin, Alexandre, Ramazan et K\u00e9vin.<\/p>\n","protected":false},"excerpt":{"rendered":"<p>Pour le printemps des po\u00e8tes, nous avons \u00e9crit une po\u00e9sie \u00e0 deux voix sur l&rsquo;amour: Nous avons colori\u00e9 les sons qui riment. Une po\u00e9sie racont\u00e9e par une fille: Je suis tomb\u00e9e amoureuse, Quand je suis avec lui, je suis heureuse. &hellip; <a href=\"https:\/\/www.imelasavoie.fr\/?p=11942\">Continuer la lecture <span class=\"meta-nav\">&rarr;<\/span><\/a><\/p>\n","protected":false},"author":10,"featured_media":0,"comment_status":"open","ping_status":"closed","sticky":false,"template":"","format":"standard","meta":{"footnotes":""},"categories":[48,60],"tags":[181],"class_list":["post-11942","post","type-post","status-publish","format-standard","hentry","category-actualites","category-cecof","tag-poesie"],"_links":{"self":[{"href":"https:\/\/www.imelasavoie.fr\/index.php?rest_route=\/wp\/v2\/posts\/11942","targetHints":{"allow":["GET"]}}],"collection":[{"href":"https:\/\/www.imelasavoie.fr\/index.php?rest_route=\/wp\/v2\/posts"}],"about":[{"href":"https:\/\/www.imelasavoie.fr\/index.php?rest_route=\/wp\/v2\/types\/post"}],"author":[{"embeddable":true,"href":"https:\/\/www.imelasavoie.fr\/index.php?rest_route=\/wp\/v2\/users\/10"}],"replies":[{"embeddable":true,"href":"https:\/\/www.imelasavoie.fr\/index.php?rest_route=%2Fwp%2Fv2%2Fcomments&post=11942"}],"version-history":[{"count":0,"href":"https:\/\/www.imelasavoie.fr\/index.php?rest_route=\/wp\/v2\/posts\/11942\/revisions"}],"wp:attachment":[{"href":"https:\/\/www.imelasavoie.fr\/index.php?rest_route=%2Fwp%2Fv2%2Fmedia&parent=11942"}],"wp:term":[{"taxonomy":"category","embeddable":true,"href":"https:\/\/www.imelasavoie.fr\/index.php?rest_route=%2Fwp%2Fv2%2Fcategories&post=11942"},{"taxonomy":"post_tag","embeddable":true,"href":"https:\/\/www.imelasavoie.fr\/index.php?rest_route=%2Fwp%2Fv2%2Ftags&post=11942"}],"curies":[{"name":"wp","href":"https:\/\/api.w.org\/{rel}","templated":true}]}}