{"id":12136,"date":"2018-03-26T14:38:25","date_gmt":"2018-03-26T13:38:25","guid":{"rendered":"http:\/\/www.imelasavoie.fr\/?p=12136"},"modified":"2018-03-29T16:14:38","modified_gmt":"2018-03-29T15:14:38","slug":"chantier-espace-vert-le-balcon","status":"publish","type":"post","link":"https:\/\/www.imelasavoie.fr\/?p=12136","title":{"rendered":"[atelier espace vert] chantier"},"content":{"rendered":"<p align=\"center\">Rapport de chantier<\/p>\n<p>Nom: Bacalhau<\/p>\n<p>Pr\u00e9nom: Steven<\/p>\n<p>Lieu du chantier: Hauteville lompnes.<\/p>\n<p>Date ou lieu du chantier: Jeudi 22 mars 2018.<\/p>\n<p>Description:<\/p>\n<p>Les activit\u00e9s que j&rsquo;ai effectu\u00e9:<\/p>\n<p>Nous avons partag\u00e9 l&rsquo;\u00e9quipe\u00a0en 6\u00a0:<\/p>\n<p>Un \u00e9l\u00e8ve \u00a0ratissait le jardin.<\/p>\n<p>Deux autres ramassaient les d\u00e9chets verts.<\/p>\n<p>Nous \u00e9tions deux \u00e0 aider Mr Rigaud sur le balcon.<\/p>\n<p>Nous avons r\u00e9nov\u00e9 un balcon en bois.<\/p>\n<p>Nous avons enlev\u00e9 les planches ab\u00eem\u00e9es.<\/p>\n<p>Le professeur a mesur\u00e9 la longueur des chevrons (90cm). Il a trac\u00e9 un trait.<\/p>\n<p>Je coupais avec la scie \u00e9go\u00efne. Je prenais le rep\u00e8re avec mon doigt et je faisais une entaille dans le bois pour me guider. D\u00e8s que l&rsquo;entaille \u00e9tait assez profonde, je sciais plus fort.<\/p>\n<p>J&rsquo;ai coup\u00e9 deux chevrons.<\/p>\n<div style=\"width: 275px\" class=\"wp-caption alignnone\"><a id=\"irc_mil\" href=\"http:\/\/www.google.fr\/url?sa=i&amp;rct=j&amp;q=&amp;esrc=s&amp;source=images&amp;cd=&amp;cad=rja&amp;uact=8&amp;ved=2ahUKEwi51f2pjYraAhUMbxQKHdzECsgQjRx6BAgAEAU&amp;url=http%3A%2F%2Fwww.bricocash.fr%2Fproduits%2Fmateriaux%2Fcouverture%2Fbois-de-charpentes-et-connecteurs%2Fchevrons-8164.html&amp;psig=AOvVaw3BWQBnl1nk1Ns2AN5E9zAg&amp;ust=1522157656779168\" data-ved=\"2ahUKEwi51f2pjYraAhUMbxQKHdzECsgQjRx6BAgAEAU\" data-cthref=\"http:\/\/www.google.fr\/url?sa=i&amp;rct=j&amp;q=&amp;esrc=s&amp;source=images&amp;cd=&amp;cad=rja&amp;uact=8&amp;ved=2ahUKEwi51f2pjYraAhUMbxQKHdzECsgQjRx6BAgAEAU&amp;url=http%3A%2F%2Fwww.bricocash.fr%2Fproduits%2Fmateriaux%2Fcouverture%2Fbois-de-charpentes-et-connecteurs%2Fchevrons-8164.html&amp;psig=AOvVaw3BWQBnl1nk1Ns2AN5E9zAg&amp;ust=1522157656779168\"><img loading=\"lazy\" decoding=\"async\" id=\"irc_mi\" src=\"http:\/\/www.bricocash.fr\/media\/catalog\/product\/cache\/22\/image\/328x\/9df78eab33525d08d6e5fb8d27136e95\/\/2\/9\/G92015592-0.jpg\" alt=\"R\u00e9sultat de recherche d'images pour &quot;chevron bois&quot;\" width=\"265\" height=\"265\" \/><\/a><p class=\"wp-caption-text\">un chevron<\/p><\/div>\n<p>&nbsp;<\/p>\n<p>J&rsquo;ai \u00e9galement coup\u00e9 une planche que Mr Rigaud a viss\u00e9 dans le chevron apr\u00e8s v\u00e9rification.<\/p>\n<p>Les outils que j&rsquo;ai utilis\u00e9: La scie \u00e0 main.<\/p>\n<div style=\"width: 447px\" class=\"wp-caption alignnone\"><a id=\"irc_mil\" href=\"https:\/\/www.google.fr\/url?sa=i&amp;rct=j&amp;q=&amp;esrc=s&amp;source=images&amp;cd=&amp;cad=rja&amp;uact=8&amp;ved=2ahUKEwionO3wjYraAhXKVhQKHZJXAdUQjRx6BAgAEAU&amp;url=https%3A%2F%2Fwww.amazon.fr%2FStanley-2-15-288-%25C3%25A9go%25C3%25AFne-moyenne-section%2Fdp%2FB0006JJS3U&amp;psig=AOvVaw2AtuAmDtAmhzybw-edAhJo&amp;ust=1522157802986158\" data-ved=\"2ahUKEwionO3wjYraAhXKVhQKHZJXAdUQjRx6BAgAEAU\" data-cthref=\"\/url?sa=i&amp;rct=j&amp;q=&amp;esrc=s&amp;source=images&amp;cd=&amp;cad=rja&amp;uact=8&amp;ved=2ahUKEwionO3wjYraAhXKVhQKHZJXAdUQjRx6BAgAEAU&amp;url=https%3A%2F%2Fwww.amazon.fr%2FStanley-2-15-288-%25C3%25A9go%25C3%25AFne-moyenne-section%2Fdp%2FB0006JJS3U&amp;psig=AOvVaw2AtuAmDtAmhzybw-edAhJo&amp;ust=1522157802986158\"><img loading=\"lazy\" decoding=\"async\" id=\"irc_mi\" src=\"https:\/\/images-eu.ssl-images-amazon.com\/images\/I\/71zTdbDbi0L._SL1500_.jpg\" alt=\"R\u00e9sultat de recherche d'images pour &quot;scie \u00e9go\u00efne&quot;\" width=\"437\" height=\"211\" \/><\/a><p class=\"wp-caption-text\">une scie \u00e9go\u00efne<\/p><\/div>\n<p>&nbsp;<\/p>\n<p>Ce que j&rsquo;ai appris: \u00e0 mettre des chevilles dans les trous que Mr Rigaud a perc\u00e9 dans le mur.<\/p>\n<div style=\"width: 232px\" class=\"wp-caption alignnone\"><a id=\"irc_mil\" href=\"http:\/\/www.google.fr\/url?sa=i&amp;rct=j&amp;q=&amp;esrc=s&amp;source=images&amp;cd=&amp;cad=rja&amp;uact=8&amp;ved=2ahUKEwidrLDOjYraAhXHUhQKHcn1CUsQjRx6BAgAEAU&amp;url=http%3A%2F%2Fwww.referencebatiment.com%2Ffr-FR%2Fvisserie-fixations-consommables%2Fchevilles-goujons-scellement%2Fboite-100-chevilles-polypropylene-type-bolix-c-8-x-40-mm-ref-008269-%2F008269&amp;psig=AOvVaw3hgzf588IY_sWlaUtEo1IZ&amp;ust=1522157740124081\" data-ved=\"2ahUKEwidrLDOjYraAhXHUhQKHcn1CUsQjRx6BAgAEAU\" data-cthref=\"http:\/\/www.google.fr\/url?sa=i&amp;rct=j&amp;q=&amp;esrc=s&amp;source=images&amp;cd=&amp;cad=rja&amp;uact=8&amp;ved=2ahUKEwidrLDOjYraAhXHUhQKHcn1CUsQjRx6BAgAEAU&amp;url=http%3A%2F%2Fwww.referencebatiment.com%2Ffr-FR%2Fvisserie-fixations-consommables%2Fchevilles-goujons-scellement%2Fboite-100-chevilles-polypropylene-type-bolix-c-8-x-40-mm-ref-008269-%2F008269&amp;psig=AOvVaw3hgzf588IY_sWlaUtEo1IZ&amp;ust=1522157740124081\"><img loading=\"lazy\" decoding=\"async\" id=\"irc_mi\" src=\"http:\/\/www.referencebatiment.com\/Content\/images\/F256_\/F256_Bol008269.jpg\" alt=\"R\u00e9sultat de recherche d'images pour &quot;cheville batiment&quot;\" width=\"222\" height=\"211\" \/><\/a><p class=\"wp-caption-text\">une cheville<\/p><\/div>\n<p>&nbsp;<\/p>\n<p>Mes difficult\u00e9s: J&rsquo;ai eu du mal \u00e0 couper droit.<\/p>\n<p style=\"text-align: right;\">Steven<\/p>\n<p>&nbsp;<\/p>\n","protected":false},"excerpt":{"rendered":"<p>Rapport de chantier Nom: Bacalhau Pr\u00e9nom: Steven Lieu du chantier: Hauteville lompnes. Date ou lieu du chantier: Jeudi 22 mars 2018. Description: Les activit\u00e9s que j&rsquo;ai effectu\u00e9: Nous avons partag\u00e9 l&rsquo;\u00e9quipe\u00a0en 6\u00a0: Un \u00e9l\u00e8ve \u00a0ratissait le jardin. Deux autres ramassaient &hellip; <a href=\"https:\/\/www.imelasavoie.fr\/?p=12136\">Continuer la lecture <span class=\"meta-nav\">&rarr;<\/span><\/a><\/p>\n","protected":false},"author":10,"featured_media":0,"comment_status":"open","ping_status":"closed","sticky":false,"template":"","format":"standard","meta":{"footnotes":""},"categories":[48,60],"tags":[],"class_list":["post-12136","post","type-post","status-publish","format-standard","hentry","category-actualites","category-cecof"],"_links":{"self":[{"href":"https:\/\/www.imelasavoie.fr\/index.php?rest_route=\/wp\/v2\/posts\/12136","targetHints":{"allow":["GET"]}}],"collection":[{"href":"https:\/\/www.imelasavoie.fr\/index.php?rest_route=\/wp\/v2\/posts"}],"about":[{"href":"https:\/\/www.imelasavoie.fr\/index.php?rest_route=\/wp\/v2\/types\/post"}],"author":[{"embeddable":true,"href":"https:\/\/www.imelasavoie.fr\/index.php?rest_route=\/wp\/v2\/users\/10"}],"replies":[{"embeddable":true,"href":"https:\/\/www.imelasavoie.fr\/index.php?rest_route=%2Fwp%2Fv2%2Fcomments&post=12136"}],"version-history":[{"count":0,"href":"https:\/\/www.imelasavoie.fr\/index.php?rest_route=\/wp\/v2\/posts\/12136\/revisions"}],"wp:attachment":[{"href":"https:\/\/www.imelasavoie.fr\/index.php?rest_route=%2Fwp%2Fv2%2Fmedia&parent=12136"}],"wp:term":[{"taxonomy":"category","embeddable":true,"href":"https:\/\/www.imelasavoie.fr\/index.php?rest_route=%2Fwp%2Fv2%2Fcategories&post=12136"},{"taxonomy":"post_tag","embeddable":true,"href":"https:\/\/www.imelasavoie.fr\/index.php?rest_route=%2Fwp%2Fv2%2Ftags&post=12136"}],"curies":[{"name":"wp","href":"https:\/\/api.w.org\/{rel}","templated":true}]}}