{"id":12138,"date":"2018-03-28T10:15:37","date_gmt":"2018-03-28T09:15:37","guid":{"rendered":"http:\/\/www.imelasavoie.fr\/?p=12138"},"modified":"2018-03-28T10:18:18","modified_gmt":"2018-03-28T09:18:18","slug":"atelier-menuiserie-supports-de-telephone-par-adrien-et-alexandre-g","status":"publish","type":"post","link":"https:\/\/www.imelasavoie.fr\/?p=12138","title":{"rendered":"[Atelier menuiserie] Supports de t\u00e9l\u00e9phone par Adrien et Alexandre G"},"content":{"rendered":"<p>La semaine derni\u00e8re,\u00a0\u00a0nous avons\u00a0fait un support\u00a0de t\u00e9l\u00e9phone. Pour commencer, nous avons\u00a0d\u00e9bit\u00e9 une planche en bois avec une scie \u00e9go\u00efne. Ensuite, nous l&rsquo;avons recoup\u00e9e \u00e0 la bonne taille \u00e0 l&rsquo;aide de la scie circulaire (100 mm par 169 mm).<\/p>\n<p>Apr\u00e8s,\u00a0\u00a0nous avons\u00a0trac\u00e9 un rectangle (80 mm par 18 mm)\u00a0puis nous avons trac\u00e9 trois cercles de diff\u00e9rentes tailles.<\/p>\n<p><a href=\"https:\/\/www.imelasavoie.fr\/wp-content\/uploads\/2018\/03\/DSCN0110.jpg\"><img loading=\"lazy\" decoding=\"async\" class=\"aligncenter size-medium wp-image-12177\" src=\"https:\/\/www.imelasavoie.fr\/wp-content\/uploads\/2018\/03\/DSCN0110-300x225.jpg\" alt=\"\" width=\"300\" height=\"225\" srcset=\"https:\/\/www.imelasavoie.fr\/wp-content\/uploads\/2018\/03\/DSCN0110-300x225.jpg 300w, https:\/\/www.imelasavoie.fr\/wp-content\/uploads\/2018\/03\/DSCN0110-768x576.jpg 768w, https:\/\/www.imelasavoie.fr\/wp-content\/uploads\/2018\/03\/DSCN0110-1024x768.jpg 1024w\" sizes=\"auto, (max-width: 300px) 100vw, 300px\" \/><\/a><\/p>\n<p>Ensuite,\u00a0nous avons\u00a0\u00e9vid\u00e9 ces trois cercles \u00e0 l&rsquo;aide d&rsquo;une perceuse \u00e0 colonne.\u00a0Nous avons\u00a0utilis\u00e9 des m\u00e8ches \u00e0 bois avec une t\u00eate plate de diff\u00e9rentes diam\u00e8tres (18, 28, 38).<\/p>\n<p><a href=\"https:\/\/www.imelasavoie.fr\/wp-content\/uploads\/2018\/03\/2fbb8760b09b5b7004a31d24cb62f52f_image_420x280.png\"><img loading=\"lazy\" decoding=\"async\" class=\"aligncenter size-medium wp-image-12203\" src=\"https:\/\/www.imelasavoie.fr\/wp-content\/uploads\/2018\/03\/2fbb8760b09b5b7004a31d24cb62f52f_image_420x280-300x200.png\" alt=\"\" width=\"300\" height=\"200\" srcset=\"https:\/\/www.imelasavoie.fr\/wp-content\/uploads\/2018\/03\/2fbb8760b09b5b7004a31d24cb62f52f_image_420x280-300x200.png 300w, https:\/\/www.imelasavoie.fr\/wp-content\/uploads\/2018\/03\/2fbb8760b09b5b7004a31d24cb62f52f_image_420x280.png 420w\" sizes=\"auto, (max-width: 300px) 100vw, 300px\" \/><\/a><a href=\"https:\/\/www.imelasavoie.fr\/wp-content\/uploads\/2018\/03\/803da08e8fd2a412a4cfd810297cf92b_image_420x280.png\"><img loading=\"lazy\" decoding=\"async\" class=\"aligncenter size-medium wp-image-12204\" src=\"https:\/\/www.imelasavoie.fr\/wp-content\/uploads\/2018\/03\/803da08e8fd2a412a4cfd810297cf92b_image_420x280-300x200.png\" alt=\"\" width=\"300\" height=\"200\" srcset=\"https:\/\/www.imelasavoie.fr\/wp-content\/uploads\/2018\/03\/803da08e8fd2a412a4cfd810297cf92b_image_420x280-300x200.png 300w, https:\/\/www.imelasavoie.fr\/wp-content\/uploads\/2018\/03\/803da08e8fd2a412a4cfd810297cf92b_image_420x280.png 420w\" sizes=\"auto, (max-width: 300px) 100vw, 300px\" \/><\/a><a href=\"https:\/\/www.imelasavoie.fr\/wp-content\/uploads\/2018\/03\/imagesW6T5Q47E.jpg\"><img loading=\"lazy\" decoding=\"async\" class=\"aligncenter size-medium wp-image-12206\" src=\"https:\/\/www.imelasavoie.fr\/wp-content\/uploads\/2018\/03\/imagesW6T5Q47E-300x108.jpg\" alt=\"\" width=\"300\" height=\"108\" srcset=\"https:\/\/www.imelasavoie.fr\/wp-content\/uploads\/2018\/03\/imagesW6T5Q47E-300x108.jpg 300w, https:\/\/www.imelasavoie.fr\/wp-content\/uploads\/2018\/03\/imagesW6T5Q47E.jpg 375w\" sizes=\"auto, (max-width: 300px) 100vw, 300px\" \/><\/a><\/p>\n<p>&nbsp;<\/p>\n<p><a href=\"https:\/\/www.imelasavoie.fr\/wp-content\/uploads\/2018\/03\/DSCN0109.jpg\"><img loading=\"lazy\" decoding=\"async\" class=\"aligncenter size-medium wp-image-12176\" src=\"https:\/\/www.imelasavoie.fr\/wp-content\/uploads\/2018\/03\/DSCN0109-300x225.jpg\" alt=\"\" width=\"300\" height=\"225\" srcset=\"https:\/\/www.imelasavoie.fr\/wp-content\/uploads\/2018\/03\/DSCN0109-300x225.jpg 300w, https:\/\/www.imelasavoie.fr\/wp-content\/uploads\/2018\/03\/DSCN0109-768x576.jpg 768w, https:\/\/www.imelasavoie.fr\/wp-content\/uploads\/2018\/03\/DSCN0109-1024x768.jpg 1024w\" sizes=\"auto, (max-width: 300px) 100vw, 300px\" \/><\/a><\/p>\n<p>Puis,\u00a0nous avons\u00a0\u00e9vid\u00e9 le rectangle. Nous avons perc\u00e9 des trous avec une m\u00e8che \u00e0 bois\u00a0de 8 pour faire passer le chargeur dans une planche de 124 mm par 77 mm.<\/p>\n<p>Apr\u00e8s le per\u00e7age ,\u00a0nous avons\u00a0pris une\u00a0r\u00e2pe\u00a0\u00e0 bois (moyennes dents, pour ne pas \u00e9clater le bois derri\u00e8re)\u00a0et nous avons r\u00e2p\u00e9 le rectangle pour le mettre \u00e0 la bonne c\u00f4te.<\/p>\n<p><a href=\"https:\/\/www.imelasavoie.fr\/wp-content\/uploads\/2018\/03\/rape-a-bois1-777x437.jpg\"><img loading=\"lazy\" decoding=\"async\" class=\"aligncenter size-medium wp-image-12213\" src=\"https:\/\/www.imelasavoie.fr\/wp-content\/uploads\/2018\/03\/rape-a-bois1-777x437-300x169.jpg\" alt=\"\" width=\"300\" height=\"169\" srcset=\"https:\/\/www.imelasavoie.fr\/wp-content\/uploads\/2018\/03\/rape-a-bois1-777x437-300x169.jpg 300w, https:\/\/www.imelasavoie.fr\/wp-content\/uploads\/2018\/03\/rape-a-bois1-777x437-768x432.jpg 768w, https:\/\/www.imelasavoie.fr\/wp-content\/uploads\/2018\/03\/rape-a-bois1-777x437.jpg 777w\" sizes=\"auto, (max-width: 300px) 100vw, 300px\" \/><\/a><a href=\"https:\/\/www.imelasavoie.fr\/wp-content\/uploads\/2018\/03\/rape-mi-ronde-ou-cabinette-moyenne-dexter-200-mm.jpg\"><img loading=\"lazy\" decoding=\"async\" class=\"aligncenter size-medium wp-image-12214\" src=\"https:\/\/www.imelasavoie.fr\/wp-content\/uploads\/2018\/03\/rape-mi-ronde-ou-cabinette-moyenne-dexter-200-mm-300x300.jpg\" alt=\"\" width=\"300\" height=\"300\" srcset=\"https:\/\/www.imelasavoie.fr\/wp-content\/uploads\/2018\/03\/rape-mi-ronde-ou-cabinette-moyenne-dexter-200-mm-300x300.jpg 300w, https:\/\/www.imelasavoie.fr\/wp-content\/uploads\/2018\/03\/rape-mi-ronde-ou-cabinette-moyenne-dexter-200-mm-150x150.jpg 150w, https:\/\/www.imelasavoie.fr\/wp-content\/uploads\/2018\/03\/rape-mi-ronde-ou-cabinette-moyenne-dexter-200-mm.jpg 358w\" sizes=\"auto, (max-width: 300px) 100vw, 300px\" \/><\/a><\/p>\n<p>&nbsp;<\/p>\n<p><a href=\"https:\/\/www.imelasavoie.fr\/wp-content\/uploads\/2018\/03\/DSCN0108.jpg\"><img loading=\"lazy\" decoding=\"async\" class=\"aligncenter size-medium wp-image-12175\" src=\"https:\/\/www.imelasavoie.fr\/wp-content\/uploads\/2018\/03\/DSCN0108-300x225.jpg\" alt=\"\" width=\"300\" height=\"225\" srcset=\"https:\/\/www.imelasavoie.fr\/wp-content\/uploads\/2018\/03\/DSCN0108-300x225.jpg 300w, https:\/\/www.imelasavoie.fr\/wp-content\/uploads\/2018\/03\/DSCN0108-768x576.jpg 768w, https:\/\/www.imelasavoie.fr\/wp-content\/uploads\/2018\/03\/DSCN0108-1024x768.jpg 1024w\" sizes=\"auto, (max-width: 300px) 100vw, 300px\" \/><\/a><\/p>\n<p>Ensuite,\u00a0nous avons\u00a0cass\u00e9 les bords avec une r\u00e2pe a bois pour faire un angle.<\/p>\n<p>Nous avons fait\u00a0de m\u00eame sur une grande pi\u00e8ce qui sert \u00e0 poser le t\u00e9l\u00e9phone.<\/p>\n<p><a href=\"https:\/\/www.imelasavoie.fr\/wp-content\/uploads\/2018\/03\/DSCN0107.jpg\"><img loading=\"lazy\" decoding=\"async\" class=\"aligncenter size-medium wp-image-12174\" src=\"https:\/\/www.imelasavoie.fr\/wp-content\/uploads\/2018\/03\/DSCN0107-300x225.jpg\" alt=\"\" width=\"300\" height=\"225\" srcset=\"https:\/\/www.imelasavoie.fr\/wp-content\/uploads\/2018\/03\/DSCN0107-300x225.jpg 300w, https:\/\/www.imelasavoie.fr\/wp-content\/uploads\/2018\/03\/DSCN0107-768x576.jpg 768w, https:\/\/www.imelasavoie.fr\/wp-content\/uploads\/2018\/03\/DSCN0107-1024x768.jpg 1024w\" sizes=\"auto, (max-width: 300px) 100vw, 300px\" \/><\/a><\/p>\n<p style=\"text-align: center;\">Adrien et Alexandre G<\/p>\n<p>&nbsp;<\/p>\n<p>&nbsp;<\/p>\n","protected":false},"excerpt":{"rendered":"<p>La semaine derni\u00e8re,\u00a0\u00a0nous avons\u00a0fait un support\u00a0de t\u00e9l\u00e9phone. Pour commencer, nous avons\u00a0d\u00e9bit\u00e9 une planche en bois avec une scie \u00e9go\u00efne. Ensuite, nous l&rsquo;avons recoup\u00e9e \u00e0 la bonne taille \u00e0 l&rsquo;aide de la scie circulaire (100 mm par 169 mm). Apr\u00e8s,\u00a0\u00a0nous avons\u00a0trac\u00e9 &hellip; <a href=\"https:\/\/www.imelasavoie.fr\/?p=12138\">Continuer la lecture <span class=\"meta-nav\">&rarr;<\/span><\/a><\/p>\n","protected":false},"author":1,"featured_media":0,"comment_status":"open","ping_status":"closed","sticky":false,"template":"","format":"standard","meta":{"footnotes":""},"categories":[48,61,56],"tags":[],"class_list":["post-12138","post","type-post","status-publish","format-standard","hentry","category-actualites","category-dinamo2","category-les-classes-et-ateliers"],"_links":{"self":[{"href":"https:\/\/www.imelasavoie.fr\/index.php?rest_route=\/wp\/v2\/posts\/12138","targetHints":{"allow":["GET"]}}],"collection":[{"href":"https:\/\/www.imelasavoie.fr\/index.php?rest_route=\/wp\/v2\/posts"}],"about":[{"href":"https:\/\/www.imelasavoie.fr\/index.php?rest_route=\/wp\/v2\/types\/post"}],"author":[{"embeddable":true,"href":"https:\/\/www.imelasavoie.fr\/index.php?rest_route=\/wp\/v2\/users\/1"}],"replies":[{"embeddable":true,"href":"https:\/\/www.imelasavoie.fr\/index.php?rest_route=%2Fwp%2Fv2%2Fcomments&post=12138"}],"version-history":[{"count":0,"href":"https:\/\/www.imelasavoie.fr\/index.php?rest_route=\/wp\/v2\/posts\/12138\/revisions"}],"wp:attachment":[{"href":"https:\/\/www.imelasavoie.fr\/index.php?rest_route=%2Fwp%2Fv2%2Fmedia&parent=12138"}],"wp:term":[{"taxonomy":"category","embeddable":true,"href":"https:\/\/www.imelasavoie.fr\/index.php?rest_route=%2Fwp%2Fv2%2Fcategories&post=12138"},{"taxonomy":"post_tag","embeddable":true,"href":"https:\/\/www.imelasavoie.fr\/index.php?rest_route=%2Fwp%2Fv2%2Ftags&post=12138"}],"curies":[{"name":"wp","href":"https:\/\/api.w.org\/{rel}","templated":true}]}}