{"id":12243,"date":"2018-03-28T10:54:45","date_gmt":"2018-03-28T09:54:45","guid":{"rendered":"http:\/\/www.imelasavoie.fr\/?p=12243"},"modified":"2018-03-30T10:38:56","modified_gmt":"2018-03-30T09:38:56","slug":"atelier-histoire-la-sortie-au-chateau-des-allymes","status":"publish","type":"post","link":"https:\/\/www.imelasavoie.fr\/?p=12243","title":{"rendered":"[Atelier Histoire] La sortie aux ch\u00e2teaux des Allymes et de Luisandre"},"content":{"rendered":"<p><iframe loading=\"lazy\" src=\"https:\/\/www.youtube.com\/embed\/QWbK04lDqWg\" width=\"560\" height=\"315\" frameborder=\"0\" allowfullscreen=\"allowfullscreen\"><\/iframe><\/p>\n<p>En 1305, dans la plaine de l\u2019Ain, la guerre fait rage depuis plus de vingt ans. Ces terres, qui ne font pas encore partie du royaume de France, sont soumises aux ambitions de deux grandes familles : les comtes de Savoie et les comtes du Dauphin\u00e9 qui s\u2019affrontent en diff\u00e9rents lieux depuis le milieu du XIIe si\u00e8cle.<\/p>\n<p style=\"text-align: center;\"><a href=\"https:\/\/www.imelasavoie.fr\/wp-content\/uploads\/2018\/03\/les-armes-des-comtes-de-viennois.png\"><img loading=\"lazy\" decoding=\"async\" class=\"size-medium wp-image-12264 aligncenter\" src=\"https:\/\/www.imelasavoie.fr\/wp-content\/uploads\/2018\/03\/les-armes-des-comtes-de-viennois-273x300.png\" alt=\"\" width=\"273\" height=\"300\" srcset=\"https:\/\/www.imelasavoie.fr\/wp-content\/uploads\/2018\/03\/les-armes-des-comtes-de-viennois-273x300.png 273w, https:\/\/www.imelasavoie.fr\/wp-content\/uploads\/2018\/03\/les-armes-des-comtes-de-viennois-768x844.png 768w, https:\/\/www.imelasavoie.fr\/wp-content\/uploads\/2018\/03\/les-armes-des-comtes-de-viennois-931x1024.png 931w, https:\/\/www.imelasavoie.fr\/wp-content\/uploads\/2018\/03\/les-armes-des-comtes-de-viennois.png 965w\" sizes=\"auto, (max-width: 273px) 100vw, 273px\" \/><\/a>Blason du Dauphin\u00e9<\/p>\n<p><a href=\"https:\/\/www.imelasavoie.fr\/wp-content\/uploads\/2018\/03\/IMG_0604.jpg\"><img loading=\"lazy\" decoding=\"async\" class=\"aligncenter size-medium wp-image-12160\" src=\"https:\/\/www.imelasavoie.fr\/wp-content\/uploads\/2018\/03\/IMG_0604-300x300.jpg\" alt=\"\" width=\"300\" height=\"300\" srcset=\"https:\/\/www.imelasavoie.fr\/wp-content\/uploads\/2018\/03\/IMG_0604-300x300.jpg 300w, https:\/\/www.imelasavoie.fr\/wp-content\/uploads\/2018\/03\/IMG_0604-150x150.jpg 150w, https:\/\/www.imelasavoie.fr\/wp-content\/uploads\/2018\/03\/IMG_0604-768x768.jpg 768w, https:\/\/www.imelasavoie.fr\/wp-content\/uploads\/2018\/03\/IMG_0604-1024x1024.jpg 1024w\" sizes=\"auto, (max-width: 300px) 100vw, 300px\" \/><\/a><\/p>\n<p style=\"text-align: center;\"><a href=\"https:\/\/www.imelasavoie.fr\/wp-content\/uploads\/2018\/03\/DSCN0141-e1522229708826.jpg\"><img loading=\"lazy\" decoding=\"async\" class=\"aligncenter size-medium wp-image-12209\" src=\"https:\/\/www.imelasavoie.fr\/wp-content\/uploads\/2018\/03\/DSCN0141-e1522229708826-225x300.jpg\" alt=\"\" width=\"225\" height=\"300\" srcset=\"https:\/\/www.imelasavoie.fr\/wp-content\/uploads\/2018\/03\/DSCN0141-e1522229708826-225x300.jpg 225w, https:\/\/www.imelasavoie.fr\/wp-content\/uploads\/2018\/03\/DSCN0141-e1522229708826-768x1024.jpg 768w\" sizes=\"auto, (max-width: 225px) 100vw, 225px\" \/><\/a>Chevalier Dauphinois<\/p>\n<p style=\"text-align: center;\"><a href=\"https:\/\/www.imelasavoie.fr\/wp-content\/uploads\/2018\/03\/sticker-blason-savoie-xl.jpg\"><img loading=\"lazy\" decoding=\"async\" class=\"size-medium wp-image-12263 aligncenter\" src=\"https:\/\/www.imelasavoie.fr\/wp-content\/uploads\/2018\/03\/sticker-blason-savoie-xl-300x300.jpg\" alt=\"\" width=\"300\" height=\"300\" srcset=\"https:\/\/www.imelasavoie.fr\/wp-content\/uploads\/2018\/03\/sticker-blason-savoie-xl-300x300.jpg 300w, https:\/\/www.imelasavoie.fr\/wp-content\/uploads\/2018\/03\/sticker-blason-savoie-xl-150x150.jpg 150w, https:\/\/www.imelasavoie.fr\/wp-content\/uploads\/2018\/03\/sticker-blason-savoie-xl.jpg 458w\" sizes=\"auto, (max-width: 300px) 100vw, 300px\" \/><\/a>Blason de la Savoie<\/p>\n<p><a href=\"https:\/\/www.imelasavoie.fr\/wp-content\/uploads\/2018\/03\/IMG_0601.jpg\"><img loading=\"lazy\" decoding=\"async\" class=\"aligncenter size-medium wp-image-12158\" src=\"https:\/\/www.imelasavoie.fr\/wp-content\/uploads\/2018\/03\/IMG_0601-300x300.jpg\" alt=\"\" width=\"300\" height=\"300\" srcset=\"https:\/\/www.imelasavoie.fr\/wp-content\/uploads\/2018\/03\/IMG_0601-300x300.jpg 300w, https:\/\/www.imelasavoie.fr\/wp-content\/uploads\/2018\/03\/IMG_0601-150x150.jpg 150w, https:\/\/www.imelasavoie.fr\/wp-content\/uploads\/2018\/03\/IMG_0601-768x768.jpg 768w, https:\/\/www.imelasavoie.fr\/wp-content\/uploads\/2018\/03\/IMG_0601-1024x1024.jpg 1024w\" sizes=\"auto, (max-width: 300px) 100vw, 300px\" \/><\/a><\/p>\n<p style=\"text-align: center;\"><a href=\"https:\/\/www.imelasavoie.fr\/wp-content\/uploads\/2018\/03\/DSCN0147-e1522229573815.jpg\"><img loading=\"lazy\" decoding=\"async\" class=\"aligncenter size-medium wp-image-12219\" src=\"https:\/\/www.imelasavoie.fr\/wp-content\/uploads\/2018\/03\/DSCN0147-e1522229573815-225x300.jpg\" alt=\"\" width=\"225\" height=\"300\" srcset=\"https:\/\/www.imelasavoie.fr\/wp-content\/uploads\/2018\/03\/DSCN0147-e1522229573815-225x300.jpg 225w, https:\/\/www.imelasavoie.fr\/wp-content\/uploads\/2018\/03\/DSCN0147-e1522229573815-768x1024.jpg 768w\" sizes=\"auto, (max-width: 225px) 100vw, 225px\" \/><\/a>Bouclier Savoyard<\/p>\n<p>La famille de Savoie\u00a0 souhaite alors s\u00e9curiser la route reliant le Bugey et la Bresse, qui traverse la plaine de l\u2019Ain. Ils construisent alors une forteresse\u00a0 qui sera situ\u00e9e au sommet du mont Luisandre, afin de contr\u00f4ler le col de Brey-de-Vent emprunt\u00e9 par les voyageurs. Le secteur de l&rsquo;abbaye d&rsquo;Ambronay est alors tr\u00e8s convoit\u00e9 par les deux familles&#8230;<\/p>\n<p><a href=\"https:\/\/www.imelasavoie.fr\/wp-content\/uploads\/2018\/03\/Haut.jpg\"><img loading=\"lazy\" decoding=\"async\" class=\"size-medium wp-image-12330 aligncenter\" src=\"https:\/\/www.imelasavoie.fr\/wp-content\/uploads\/2018\/03\/Haut-195x300.jpg\" alt=\"\" width=\"195\" height=\"300\" srcset=\"https:\/\/www.imelasavoie.fr\/wp-content\/uploads\/2018\/03\/Haut-195x300.jpg 195w, https:\/\/www.imelasavoie.fr\/wp-content\/uploads\/2018\/03\/Haut.jpg 383w\" sizes=\"auto, (max-width: 195px) 100vw, 195px\" \/><\/a>La famille du Dauphin\u00e9 fait construire, cette m\u00eame ann\u00e9e 1305, une forteresse semblable sur la montagne des Allymes voisine.<\/p>\n<p>D\u00e9sormais, deux forteresses ennemies se font face, \u00e0 moins d\u2019un kilom\u00e8tre de distance.<\/p>\n<p><iframe loading=\"lazy\" src=\"https:\/\/www.youtube.com\/embed\/qW49HmPvchs\" width=\"560\" height=\"315\" frameborder=\"0\" allowfullscreen=\"allowfullscreen\"><\/iframe><\/p>\n<p>&nbsp;<\/p>\n<p style=\"text-align: center;\"><a href=\"https:\/\/www.imelasavoie.fr\/wp-content\/uploads\/2018\/03\/Ruines-de-Luisandre-Amis-du-Canton-de-St-Rambert-resized-768x576.jpg\"><img loading=\"lazy\" decoding=\"async\" class=\"aligncenter size-medium wp-image-12266\" src=\"https:\/\/www.imelasavoie.fr\/wp-content\/uploads\/2018\/03\/Ruines-de-Luisandre-Amis-du-Canton-de-St-Rambert-resized-768x576-300x225.jpg\" alt=\"\" width=\"300\" height=\"225\" srcset=\"https:\/\/www.imelasavoie.fr\/wp-content\/uploads\/2018\/03\/Ruines-de-Luisandre-Amis-du-Canton-de-St-Rambert-resized-768x576-300x225.jpg 300w, https:\/\/www.imelasavoie.fr\/wp-content\/uploads\/2018\/03\/Ruines-de-Luisandre-Amis-du-Canton-de-St-Rambert-resized-768x576.jpg 768w\" sizes=\"auto, (max-width: 300px) 100vw, 300px\" \/><\/a><em>Ruines du ch\u00e2teau de Luisandre (C\u00f4t\u00e9 savoyard)<br \/>\n<\/em><\/p>\n<p style=\"text-align: center;\"><a href=\"https:\/\/www.imelasavoie.fr\/wp-content\/uploads\/2018\/03\/IMG_0618.jpg\"><img loading=\"lazy\" decoding=\"async\" class=\"aligncenter size-medium wp-image-12167\" src=\"https:\/\/www.imelasavoie.fr\/wp-content\/uploads\/2018\/03\/IMG_0618-300x300.jpg\" alt=\"\" width=\"300\" height=\"300\" srcset=\"https:\/\/www.imelasavoie.fr\/wp-content\/uploads\/2018\/03\/IMG_0618-300x300.jpg 300w, https:\/\/www.imelasavoie.fr\/wp-content\/uploads\/2018\/03\/IMG_0618-150x150.jpg 150w, https:\/\/www.imelasavoie.fr\/wp-content\/uploads\/2018\/03\/IMG_0618-768x768.jpg 768w, https:\/\/www.imelasavoie.fr\/wp-content\/uploads\/2018\/03\/IMG_0618-1024x1024.jpg 1024w\" sizes=\"auto, (max-width: 300px) 100vw, 300px\" \/><\/a><em>Ruines du ch\u00e2teau de Luisandre (C\u00f4t\u00e9 savoyard)<br \/>\n<\/em><\/p>\n<p style=\"text-align: center;\"><a href=\"https:\/\/www.imelasavoie.fr\/wp-content\/uploads\/2018\/03\/IMG_0611.jpg\"><img loading=\"lazy\" decoding=\"async\" class=\"aligncenter size-medium wp-image-12165\" src=\"https:\/\/www.imelasavoie.fr\/wp-content\/uploads\/2018\/03\/IMG_0611-300x300.jpg\" alt=\"\" width=\"300\" height=\"300\" srcset=\"https:\/\/www.imelasavoie.fr\/wp-content\/uploads\/2018\/03\/IMG_0611-300x300.jpg 300w, https:\/\/www.imelasavoie.fr\/wp-content\/uploads\/2018\/03\/IMG_0611-150x150.jpg 150w, https:\/\/www.imelasavoie.fr\/wp-content\/uploads\/2018\/03\/IMG_0611-768x768.jpg 768w, https:\/\/www.imelasavoie.fr\/wp-content\/uploads\/2018\/03\/IMG_0611-1024x1024.jpg 1024w\" sizes=\"auto, (max-width: 300px) 100vw, 300px\" \/><\/a>Le col de Brey-de-Vent <em>(C\u00f4t\u00e9 savoyard)<\/em><\/p>\n<p style=\"text-align: center;\"><img loading=\"lazy\" decoding=\"async\" class=\"aligncenter size-medium wp-image-12153\" src=\"https:\/\/www.imelasavoie.fr\/wp-content\/uploads\/2018\/03\/IMG_0595-300x300.jpg\" alt=\"\" width=\"300\" height=\"300\" srcset=\"https:\/\/www.imelasavoie.fr\/wp-content\/uploads\/2018\/03\/IMG_0595-300x300.jpg 300w, https:\/\/www.imelasavoie.fr\/wp-content\/uploads\/2018\/03\/IMG_0595-150x150.jpg 150w, https:\/\/www.imelasavoie.fr\/wp-content\/uploads\/2018\/03\/IMG_0595-768x768.jpg 768w, https:\/\/www.imelasavoie.fr\/wp-content\/uploads\/2018\/03\/IMG_0595-1024x1024.jpg 1024w\" sizes=\"auto, (max-width: 300px) 100vw, 300px\" \/>Le ch\u00e2teau des Allymes <em>(C\u00f4t\u00e9 Dauphin\u00e9)<\/em><\/p>\n<p style=\"text-align: center;\"><a href=\"https:\/\/www.imelasavoie.fr\/wp-content\/uploads\/2018\/03\/DSCN0112-1.jpg\"><img loading=\"lazy\" decoding=\"async\" class=\"size-medium wp-image-12234 aligncenter\" src=\"https:\/\/www.imelasavoie.fr\/wp-content\/uploads\/2018\/03\/DSCN0112-1-300x225.jpg\" alt=\"\" width=\"300\" height=\"225\" srcset=\"https:\/\/www.imelasavoie.fr\/wp-content\/uploads\/2018\/03\/DSCN0112-1-300x225.jpg 300w, https:\/\/www.imelasavoie.fr\/wp-content\/uploads\/2018\/03\/DSCN0112-1-768x576.jpg 768w, https:\/\/www.imelasavoie.fr\/wp-content\/uploads\/2018\/03\/DSCN0112-1-1024x768.jpg 1024w\" sizes=\"auto, (max-width: 300px) 100vw, 300px\" \/><\/a>Le ch\u00e2teau des Allymes <em>(C\u00f4t\u00e9 Dauphin\u00e9)<\/em><\/p>\n<p>&nbsp;<\/p>\n<p><a href=\"https:\/\/www.imelasavoie.fr\/wp-content\/uploads\/2018\/03\/circuit-des-4-chateaux.pdf\">Carte des ch\u00e2teaux<\/a><\/p>\n<p><a href=\"https:\/\/www.imelasavoie.fr\/wp-content\/uploads\/2018\/03\/Vue-cavali\u00e8re-de-la-b\u00e2tie-des-Allymes-avant-1355-dessin-Alain-Kersuzan-legende.jpg\"><img loading=\"lazy\" decoding=\"async\" class=\"aligncenter size-medium wp-image-12258\" src=\"https:\/\/www.imelasavoie.fr\/wp-content\/uploads\/2018\/03\/Vue-cavali\u00e8re-de-la-b\u00e2tie-des-Allymes-avant-1355-dessin-Alain-Kersuzan-legende-300x197.jpg\" alt=\"\" width=\"300\" height=\"197\" srcset=\"https:\/\/www.imelasavoie.fr\/wp-content\/uploads\/2018\/03\/Vue-cavali\u00e8re-de-la-b\u00e2tie-des-Allymes-avant-1355-dessin-Alain-Kersuzan-legende-300x197.jpg 300w, https:\/\/www.imelasavoie.fr\/wp-content\/uploads\/2018\/03\/Vue-cavali\u00e8re-de-la-b\u00e2tie-des-Allymes-avant-1355-dessin-Alain-Kersuzan-legende-768x505.jpg 768w, https:\/\/www.imelasavoie.fr\/wp-content\/uploads\/2018\/03\/Vue-cavali\u00e8re-de-la-b\u00e2tie-des-Allymes-avant-1355-dessin-Alain-Kersuzan-legende-1024x673.jpg 1024w\" sizes=\"auto, (max-width: 300px) 100vw, 300px\" \/><\/a><a href=\"https:\/\/www.imelasavoie.fr\/wp-content\/uploads\/2018\/03\/Vue-de-la-grande-tour-des-Allymes-depuis-la-cour-avant-1355-dessin-Alain-Kersuzan-resized-legend.jpg\"><img loading=\"lazy\" decoding=\"async\" class=\"aligncenter size-medium wp-image-12259\" src=\"https:\/\/www.imelasavoie.fr\/wp-content\/uploads\/2018\/03\/Vue-de-la-grande-tour-des-Allymes-depuis-la-cour-avant-1355-dessin-Alain-Kersuzan-resized-legend-200x300.jpg\" alt=\"\" width=\"200\" height=\"300\" srcset=\"https:\/\/www.imelasavoie.fr\/wp-content\/uploads\/2018\/03\/Vue-de-la-grande-tour-des-Allymes-depuis-la-cour-avant-1355-dessin-Alain-Kersuzan-resized-legend-200x300.jpg 200w, https:\/\/www.imelasavoie.fr\/wp-content\/uploads\/2018\/03\/Vue-de-la-grande-tour-des-Allymes-depuis-la-cour-avant-1355-dessin-Alain-Kersuzan-resized-legend-768x1152.jpg 768w, https:\/\/www.imelasavoie.fr\/wp-content\/uploads\/2018\/03\/Vue-de-la-grande-tour-des-Allymes-depuis-la-cour-avant-1355-dessin-Alain-Kersuzan-resized-legend-683x1024.jpg 683w, https:\/\/www.imelasavoie.fr\/wp-content\/uploads\/2018\/03\/Vue-de-la-grande-tour-des-Allymes-depuis-la-cour-avant-1355-dessin-Alain-Kersuzan-resized-legend.jpg 1152w\" sizes=\"auto, (max-width: 200px) 100vw, 200px\" \/><\/a><a href=\"https:\/\/www.imelasavoie.fr\/wp-content\/uploads\/2018\/03\/Essai-de-reconstitution-du-sas-dentr\u00e9e-de-la-b\u00e2tie-des-Allymes-dessin-Alain-Kersuzan-legende.jpg\"><img loading=\"lazy\" decoding=\"async\" class=\"aligncenter size-medium wp-image-12260\" src=\"https:\/\/www.imelasavoie.fr\/wp-content\/uploads\/2018\/03\/Essai-de-reconstitution-du-sas-dentr\u00e9e-de-la-b\u00e2tie-des-Allymes-dessin-Alain-Kersuzan-legende-300x178.jpg\" alt=\"\" width=\"300\" height=\"178\" srcset=\"https:\/\/www.imelasavoie.fr\/wp-content\/uploads\/2018\/03\/Essai-de-reconstitution-du-sas-dentr\u00e9e-de-la-b\u00e2tie-des-Allymes-dessin-Alain-Kersuzan-legende-300x178.jpg 300w, https:\/\/www.imelasavoie.fr\/wp-content\/uploads\/2018\/03\/Essai-de-reconstitution-du-sas-dentr\u00e9e-de-la-b\u00e2tie-des-Allymes-dessin-Alain-Kersuzan-legende-768x456.jpg 768w, https:\/\/www.imelasavoie.fr\/wp-content\/uploads\/2018\/03\/Essai-de-reconstitution-du-sas-dentr\u00e9e-de-la-b\u00e2tie-des-Allymes-dessin-Alain-Kersuzan-legende-1024x608.jpg 1024w\" sizes=\"auto, (max-width: 300px) 100vw, 300px\" \/><\/a><\/p>\n<p>Joshua: C&rsquo;\u00e9tait vraiment bien. Le ch\u00e2teau des Allymes \u00e9tait fantastique parce qu&rsquo;il \u00e9tait bien conserv\u00e9 et restaur\u00e9.<\/p>\n<p><a href=\"https:\/\/www.imelasavoie.fr\/wp-content\/uploads\/2018\/03\/DSCN0117.jpg\"><img loading=\"lazy\" decoding=\"async\" class=\"aligncenter size-medium wp-image-12183\" src=\"https:\/\/www.imelasavoie.fr\/wp-content\/uploads\/2018\/03\/DSCN0117-300x225.jpg\" alt=\"\" width=\"300\" height=\"225\" srcset=\"https:\/\/www.imelasavoie.fr\/wp-content\/uploads\/2018\/03\/DSCN0117-300x225.jpg 300w, https:\/\/www.imelasavoie.fr\/wp-content\/uploads\/2018\/03\/DSCN0117-768x576.jpg 768w, https:\/\/www.imelasavoie.fr\/wp-content\/uploads\/2018\/03\/DSCN0117-1024x768.jpg 1024w\" sizes=\"auto, (max-width: 300px) 100vw, 300px\" \/><\/a><\/p>\n<p>Oriane: J&rsquo;ai bien aim\u00e9 voir comment le ch\u00e2teau fort \u00e9tait fait. Je m&rsquo;imaginais des sc\u00e8nes du Moyen-\u00e2ge dans ma t\u00eate. j&rsquo;ai retenu une date: 1305.<\/p>\n<p><a href=\"https:\/\/www.imelasavoie.fr\/wp-content\/uploads\/2018\/03\/DSCN0112-1.jpg\"><img loading=\"lazy\" decoding=\"async\" class=\"aligncenter size-medium wp-image-12234\" src=\"https:\/\/www.imelasavoie.fr\/wp-content\/uploads\/2018\/03\/DSCN0112-1-300x225.jpg\" alt=\"\" width=\"300\" height=\"225\" srcset=\"https:\/\/www.imelasavoie.fr\/wp-content\/uploads\/2018\/03\/DSCN0112-1-300x225.jpg 300w, https:\/\/www.imelasavoie.fr\/wp-content\/uploads\/2018\/03\/DSCN0112-1-768x576.jpg 768w, https:\/\/www.imelasavoie.fr\/wp-content\/uploads\/2018\/03\/DSCN0112-1-1024x768.jpg 1024w\" sizes=\"auto, (max-width: 300px) 100vw, 300px\" \/><\/a><\/p>\n<p>Lionel: J&rsquo;ai bien aim\u00e9 les chemins dans le ch\u00e2teau. J&rsquo;ai ador\u00e9 la tour. J&rsquo;ai mieux compris comment c&rsquo;\u00e9tait fait dedans.<\/p>\n<p><a href=\"https:\/\/www.imelasavoie.fr\/wp-content\/uploads\/2018\/03\/DSCN0136.jpg\"><img loading=\"lazy\" decoding=\"async\" class=\"aligncenter size-medium wp-image-12252\" src=\"https:\/\/www.imelasavoie.fr\/wp-content\/uploads\/2018\/03\/DSCN0136-225x300.jpg\" alt=\"\" width=\"225\" height=\"300\" srcset=\"https:\/\/www.imelasavoie.fr\/wp-content\/uploads\/2018\/03\/DSCN0136-225x300.jpg 225w, https:\/\/www.imelasavoie.fr\/wp-content\/uploads\/2018\/03\/DSCN0136-768x1024.jpg 768w\" sizes=\"auto, (max-width: 225px) 100vw, 225px\" \/><\/a><\/p>\n<p style=\"text-align: center;\"><a href=\"https:\/\/www.imelasavoie.fr\/wp-content\/uploads\/2018\/03\/DSCN0151.jpg\"><img loading=\"lazy\" decoding=\"async\" class=\"size-medium wp-image-12223 aligncenter\" src=\"https:\/\/www.imelasavoie.fr\/wp-content\/uploads\/2018\/03\/DSCN0151-300x225.jpg\" alt=\"\" width=\"300\" height=\"225\" srcset=\"https:\/\/www.imelasavoie.fr\/wp-content\/uploads\/2018\/03\/DSCN0151-300x225.jpg 300w, https:\/\/www.imelasavoie.fr\/wp-content\/uploads\/2018\/03\/DSCN0151-768x576.jpg 768w, https:\/\/www.imelasavoie.fr\/wp-content\/uploads\/2018\/03\/DSCN0151-1024x768.jpg 1024w\" sizes=\"auto, (max-width: 300px) 100vw, 300px\" \/><\/a><a href=\"https:\/\/www.imelasavoie.fr\/wp-content\/uploads\/2018\/03\/DSCN0149-e1522229514861.jpg\"><img loading=\"lazy\" decoding=\"async\" class=\"aligncenter size-medium wp-image-12221\" src=\"https:\/\/www.imelasavoie.fr\/wp-content\/uploads\/2018\/03\/DSCN0149-e1522229514861-225x300.jpg\" alt=\"\" width=\"225\" height=\"300\" srcset=\"https:\/\/www.imelasavoie.fr\/wp-content\/uploads\/2018\/03\/DSCN0149-e1522229514861-225x300.jpg 225w, https:\/\/www.imelasavoie.fr\/wp-content\/uploads\/2018\/03\/DSCN0149-e1522229514861-768x1024.jpg 768w\" sizes=\"auto, (max-width: 225px) 100vw, 225px\" \/><\/a><em>Vue depuis le ch\u00e2teau des Allymes, au sommet de la montagne en face, le ch\u00e2teau de Luisandre&#8230;<\/em><\/p>\n<p>R\u00e9my: J&rsquo;ai bien aim\u00e9 la salle o\u00f9 il y avait les armes: arbal\u00e8tes, les lances de diff\u00e9rentes formes avec diff\u00e9rentes lames.\u00a0 J&rsquo;ai bien aim\u00e9 le ch\u00e2teau en pierre qui \u00e9tait dans un joli paysage.<\/p>\n<p><a href=\"https:\/\/www.imelasavoie.fr\/wp-content\/uploads\/2018\/03\/DSCN0143-e1522229637124.jpg\"><img loading=\"lazy\" decoding=\"async\" class=\"aligncenter size-medium wp-image-12215\" src=\"https:\/\/www.imelasavoie.fr\/wp-content\/uploads\/2018\/03\/DSCN0143-e1522229637124-225x300.jpg\" alt=\"\" width=\"225\" height=\"300\" srcset=\"https:\/\/www.imelasavoie.fr\/wp-content\/uploads\/2018\/03\/DSCN0143-e1522229637124-225x300.jpg 225w, https:\/\/www.imelasavoie.fr\/wp-content\/uploads\/2018\/03\/DSCN0143-e1522229637124-768x1024.jpg 768w\" sizes=\"auto, (max-width: 225px) 100vw, 225px\" \/><\/a><\/p>\n<p><a href=\"https:\/\/www.imelasavoie.fr\/wp-content\/uploads\/2018\/03\/DSCN0144-e1522229617980.jpg\"><img loading=\"lazy\" decoding=\"async\" class=\"aligncenter size-medium wp-image-12217\" src=\"https:\/\/www.imelasavoie.fr\/wp-content\/uploads\/2018\/03\/DSCN0144-e1522229617980-225x300.jpg\" alt=\"\" width=\"225\" height=\"300\" srcset=\"https:\/\/www.imelasavoie.fr\/wp-content\/uploads\/2018\/03\/DSCN0144-e1522229617980-225x300.jpg 225w, https:\/\/www.imelasavoie.fr\/wp-content\/uploads\/2018\/03\/DSCN0144-e1522229617980-768x1024.jpg 768w\" sizes=\"auto, (max-width: 225px) 100vw, 225px\" \/><\/a><\/p>\n<p><a href=\"https:\/\/www.imelasavoie.fr\/wp-content\/uploads\/2018\/03\/DSCN0145-e1522229595413.jpg\"><img loading=\"lazy\" decoding=\"async\" class=\"aligncenter size-medium wp-image-12218\" src=\"https:\/\/www.imelasavoie.fr\/wp-content\/uploads\/2018\/03\/DSCN0145-e1522229595413-225x300.jpg\" alt=\"\" width=\"225\" height=\"300\" srcset=\"https:\/\/www.imelasavoie.fr\/wp-content\/uploads\/2018\/03\/DSCN0145-e1522229595413-225x300.jpg 225w, https:\/\/www.imelasavoie.fr\/wp-content\/uploads\/2018\/03\/DSCN0145-e1522229595413-768x1024.jpg 768w\" sizes=\"auto, (max-width: 225px) 100vw, 225px\" \/><\/a><\/p>\n<p><a href=\"https:\/\/www.imelasavoie.fr\/wp-content\/uploads\/2018\/03\/DSCN0131.jpg\"><img loading=\"lazy\" decoding=\"async\" class=\"aligncenter size-medium wp-image-12198\" src=\"https:\/\/www.imelasavoie.fr\/wp-content\/uploads\/2018\/03\/DSCN0131-300x225.jpg\" alt=\"\" width=\"300\" height=\"225\" srcset=\"https:\/\/www.imelasavoie.fr\/wp-content\/uploads\/2018\/03\/DSCN0131-300x225.jpg 300w, https:\/\/www.imelasavoie.fr\/wp-content\/uploads\/2018\/03\/DSCN0131-768x576.jpg 768w, https:\/\/www.imelasavoie.fr\/wp-content\/uploads\/2018\/03\/DSCN0131-1024x768.jpg 1024w\" sizes=\"auto, (max-width: 300px) 100vw, 300px\" \/><\/a><a href=\"https:\/\/www.imelasavoie.fr\/wp-content\/uploads\/2018\/03\/DSCN0133.jpg\"><img loading=\"lazy\" decoding=\"async\" class=\"aligncenter size-medium wp-image-12202\" src=\"https:\/\/www.imelasavoie.fr\/wp-content\/uploads\/2018\/03\/DSCN0133-300x225.jpg\" alt=\"\" width=\"300\" height=\"225\" srcset=\"https:\/\/www.imelasavoie.fr\/wp-content\/uploads\/2018\/03\/DSCN0133-300x225.jpg 300w, https:\/\/www.imelasavoie.fr\/wp-content\/uploads\/2018\/03\/DSCN0133-768x576.jpg 768w, https:\/\/www.imelasavoie.fr\/wp-content\/uploads\/2018\/03\/DSCN0133-1024x768.jpg 1024w\" sizes=\"auto, (max-width: 300px) 100vw, 300px\" \/><\/a><a href=\"https:\/\/www.imelasavoie.fr\/wp-content\/uploads\/2018\/03\/DSCN0134.jpg\"><img loading=\"lazy\" decoding=\"async\" class=\"aligncenter size-medium wp-image-12207\" src=\"https:\/\/www.imelasavoie.fr\/wp-content\/uploads\/2018\/03\/DSCN0134-300x225.jpg\" alt=\"\" width=\"300\" height=\"225\" srcset=\"https:\/\/www.imelasavoie.fr\/wp-content\/uploads\/2018\/03\/DSCN0134-300x225.jpg 300w, https:\/\/www.imelasavoie.fr\/wp-content\/uploads\/2018\/03\/DSCN0134-768x576.jpg 768w, https:\/\/www.imelasavoie.fr\/wp-content\/uploads\/2018\/03\/DSCN0134-1024x768.jpg 1024w\" sizes=\"auto, (max-width: 300px) 100vw, 300px\" \/><\/a><a href=\"https:\/\/www.imelasavoie.fr\/wp-content\/uploads\/2018\/03\/DSCN0155-e1522229434976.jpg\"><img loading=\"lazy\" decoding=\"async\" class=\"aligncenter size-medium wp-image-12227\" src=\"https:\/\/www.imelasavoie.fr\/wp-content\/uploads\/2018\/03\/DSCN0155-e1522229434976-225x300.jpg\" alt=\"\" width=\"225\" height=\"300\" srcset=\"https:\/\/www.imelasavoie.fr\/wp-content\/uploads\/2018\/03\/DSCN0155-e1522229434976-225x300.jpg 225w, https:\/\/www.imelasavoie.fr\/wp-content\/uploads\/2018\/03\/DSCN0155-e1522229434976-768x1024.jpg 768w\" sizes=\"auto, (max-width: 225px) 100vw, 225px\" \/><\/a><a href=\"https:\/\/www.imelasavoie.fr\/wp-content\/uploads\/2018\/03\/DSCN0128-e1522230322973.jpg\"><img loading=\"lazy\" decoding=\"async\" class=\"aligncenter size-medium wp-image-12194\" src=\"https:\/\/www.imelasavoie.fr\/wp-content\/uploads\/2018\/03\/DSCN0128-e1522230322973-225x300.jpg\" alt=\"\" width=\"225\" height=\"300\" srcset=\"https:\/\/www.imelasavoie.fr\/wp-content\/uploads\/2018\/03\/DSCN0128-e1522230322973-225x300.jpg 225w, https:\/\/www.imelasavoie.fr\/wp-content\/uploads\/2018\/03\/DSCN0128-e1522230322973-768x1024.jpg 768w\" sizes=\"auto, (max-width: 225px) 100vw, 225px\" \/><\/a><a href=\"https:\/\/www.imelasavoie.fr\/wp-content\/uploads\/2018\/03\/DSCN0127.jpg\"><img loading=\"lazy\" decoding=\"async\" class=\"aligncenter size-medium wp-image-12191\" src=\"https:\/\/www.imelasavoie.fr\/wp-content\/uploads\/2018\/03\/DSCN0127-300x225.jpg\" alt=\"\" width=\"300\" height=\"225\" srcset=\"https:\/\/www.imelasavoie.fr\/wp-content\/uploads\/2018\/03\/DSCN0127-300x225.jpg 300w, https:\/\/www.imelasavoie.fr\/wp-content\/uploads\/2018\/03\/DSCN0127-768x576.jpg 768w, https:\/\/www.imelasavoie.fr\/wp-content\/uploads\/2018\/03\/DSCN0127-1024x768.jpg 1024w\" sizes=\"auto, (max-width: 300px) 100vw, 300px\" \/><\/a><\/p>\n<p>Anthony; C&rsquo;\u00e9tait vraiment tr\u00e8s bien. j&rsquo;ai ador\u00e9 le ch\u00e2teau et la balade autour du ch\u00e2teau. je me suis demand\u00e9 comment ils l&rsquo;ont construit.<\/p>\n<p><a href=\"https:\/\/www.imelasavoie.fr\/wp-content\/uploads\/2018\/03\/DSCN0114-e1522229658335.jpg\"><img loading=\"lazy\" decoding=\"async\" class=\"aligncenter size-medium wp-image-12235\" src=\"https:\/\/www.imelasavoie.fr\/wp-content\/uploads\/2018\/03\/DSCN0114-e1522229658335-225x300.jpg\" alt=\"\" width=\"225\" height=\"300\" srcset=\"https:\/\/www.imelasavoie.fr\/wp-content\/uploads\/2018\/03\/DSCN0114-e1522229658335-225x300.jpg 225w, https:\/\/www.imelasavoie.fr\/wp-content\/uploads\/2018\/03\/DSCN0114-e1522229658335-768x1024.jpg 768w\" sizes=\"auto, (max-width: 225px) 100vw, 225px\" \/><\/a><a href=\"https:\/\/www.imelasavoie.fr\/wp-content\/uploads\/2018\/03\/DSCN0115-e1522230517801.jpg\"><img loading=\"lazy\" decoding=\"async\" class=\"aligncenter size-medium wp-image-12180\" src=\"https:\/\/www.imelasavoie.fr\/wp-content\/uploads\/2018\/03\/DSCN0115-e1522230517801-225x300.jpg\" alt=\"\" width=\"225\" height=\"300\" srcset=\"https:\/\/www.imelasavoie.fr\/wp-content\/uploads\/2018\/03\/DSCN0115-e1522230517801-225x300.jpg 225w, https:\/\/www.imelasavoie.fr\/wp-content\/uploads\/2018\/03\/DSCN0115-e1522230517801-768x1024.jpg 768w\" sizes=\"auto, (max-width: 225px) 100vw, 225px\" \/><\/a><a href=\"https:\/\/www.imelasavoie.fr\/wp-content\/uploads\/2018\/03\/DSCN0148-e1522229543903.jpg\"><img loading=\"lazy\" decoding=\"async\" class=\"aligncenter size-medium wp-image-12220\" src=\"https:\/\/www.imelasavoie.fr\/wp-content\/uploads\/2018\/03\/DSCN0148-e1522229543903-225x300.jpg\" alt=\"\" width=\"225\" height=\"300\" srcset=\"https:\/\/www.imelasavoie.fr\/wp-content\/uploads\/2018\/03\/DSCN0148-e1522229543903-225x300.jpg 225w, https:\/\/www.imelasavoie.fr\/wp-content\/uploads\/2018\/03\/DSCN0148-e1522229543903-768x1024.jpg 768w\" sizes=\"auto, (max-width: 225px) 100vw, 225px\" \/><\/a><a href=\"https:\/\/www.imelasavoie.fr\/wp-content\/uploads\/2018\/03\/DSCN0151.jpg\"><img loading=\"lazy\" decoding=\"async\" class=\"aligncenter size-medium wp-image-12223\" src=\"https:\/\/www.imelasavoie.fr\/wp-content\/uploads\/2018\/03\/DSCN0151-300x225.jpg\" alt=\"\" width=\"300\" height=\"225\" srcset=\"https:\/\/www.imelasavoie.fr\/wp-content\/uploads\/2018\/03\/DSCN0151-300x225.jpg 300w, https:\/\/www.imelasavoie.fr\/wp-content\/uploads\/2018\/03\/DSCN0151-768x576.jpg 768w, https:\/\/www.imelasavoie.fr\/wp-content\/uploads\/2018\/03\/DSCN0151-1024x768.jpg 1024w\" sizes=\"auto, (max-width: 300px) 100vw, 300px\" \/><\/a><a href=\"https:\/\/www.imelasavoie.fr\/wp-content\/uploads\/2018\/03\/DSCN0116-e1522230481446.jpg\"><img loading=\"lazy\" decoding=\"async\" class=\"aligncenter size-medium wp-image-12182\" src=\"https:\/\/www.imelasavoie.fr\/wp-content\/uploads\/2018\/03\/DSCN0116-e1522230481446-225x300.jpg\" alt=\"\" width=\"225\" height=\"300\" srcset=\"https:\/\/www.imelasavoie.fr\/wp-content\/uploads\/2018\/03\/DSCN0116-e1522230481446-225x300.jpg 225w, https:\/\/www.imelasavoie.fr\/wp-content\/uploads\/2018\/03\/DSCN0116-e1522230481446-768x1024.jpg 768w\" sizes=\"auto, (max-width: 225px) 100vw, 225px\" \/><\/a><\/p>\n<p>Joshua: La balade jusqu&rsquo;au ch\u00e2teau de Luisandre \u00e9tait glissante. Il n&rsquo;y avait pas de douves mais plut\u00f4t des foss\u00e9s.<\/p>\n<p><a href=\"https:\/\/www.imelasavoie.fr\/wp-content\/uploads\/2018\/03\/DSCN0160.jpg\"><img loading=\"lazy\" decoding=\"async\" class=\"aligncenter size-medium wp-image-12230\" src=\"https:\/\/www.imelasavoie.fr\/wp-content\/uploads\/2018\/03\/DSCN0160-300x225.jpg\" alt=\"\" width=\"300\" height=\"225\" srcset=\"https:\/\/www.imelasavoie.fr\/wp-content\/uploads\/2018\/03\/DSCN0160-300x225.jpg 300w, https:\/\/www.imelasavoie.fr\/wp-content\/uploads\/2018\/03\/DSCN0160-768x576.jpg 768w, https:\/\/www.imelasavoie.fr\/wp-content\/uploads\/2018\/03\/DSCN0160-1024x768.jpg 1024w\" sizes=\"auto, (max-width: 300px) 100vw, 300px\" \/><\/a><\/p>\n<p>Dylan: J&rsquo;ai tout aim\u00e9 dans cette sortie.<\/p>\n<p>Elisa: J&rsquo;ai bien aim\u00e9 la visite du ch\u00e2teau o\u00f9 il y avait les maquettes et les blasons des deux comtes.<\/p>\n<p><a href=\"https:\/\/www.imelasavoie.fr\/wp-content\/uploads\/2018\/03\/DSCN0119.jpg\"><img loading=\"lazy\" decoding=\"async\" class=\"aligncenter size-medium wp-image-12184\" src=\"https:\/\/www.imelasavoie.fr\/wp-content\/uploads\/2018\/03\/DSCN0119-300x225.jpg\" alt=\"\" width=\"300\" height=\"225\" srcset=\"https:\/\/www.imelasavoie.fr\/wp-content\/uploads\/2018\/03\/DSCN0119-300x225.jpg 300w, https:\/\/www.imelasavoie.fr\/wp-content\/uploads\/2018\/03\/DSCN0119-768x576.jpg 768w, https:\/\/www.imelasavoie.fr\/wp-content\/uploads\/2018\/03\/DSCN0119-1024x768.jpg 1024w\" sizes=\"auto, (max-width: 300px) 100vw, 300px\" \/><\/a><\/p>\n<p><a href=\"https:\/\/www.imelasavoie.fr\/wp-content\/uploads\/2018\/03\/DSCN0120-e1522230447199.jpg\"><img loading=\"lazy\" decoding=\"async\" class=\"aligncenter size-medium wp-image-12185\" src=\"https:\/\/www.imelasavoie.fr\/wp-content\/uploads\/2018\/03\/DSCN0120-e1522230447199-225x300.jpg\" alt=\"\" width=\"225\" height=\"300\" srcset=\"https:\/\/www.imelasavoie.fr\/wp-content\/uploads\/2018\/03\/DSCN0120-e1522230447199-225x300.jpg 225w, https:\/\/www.imelasavoie.fr\/wp-content\/uploads\/2018\/03\/DSCN0120-e1522230447199-768x1024.jpg 768w\" sizes=\"auto, (max-width: 225px) 100vw, 225px\" \/><\/a><\/p>\n<p><a href=\"https:\/\/www.imelasavoie.fr\/wp-content\/uploads\/2018\/03\/DSCN0121-e1522230416136.jpg\"><img loading=\"lazy\" decoding=\"async\" class=\"aligncenter size-medium wp-image-12186\" src=\"https:\/\/www.imelasavoie.fr\/wp-content\/uploads\/2018\/03\/DSCN0121-e1522230416136-225x300.jpg\" alt=\"\" width=\"225\" height=\"300\" srcset=\"https:\/\/www.imelasavoie.fr\/wp-content\/uploads\/2018\/03\/DSCN0121-e1522230416136-225x300.jpg 225w, https:\/\/www.imelasavoie.fr\/wp-content\/uploads\/2018\/03\/DSCN0121-e1522230416136-768x1024.jpg 768w\" sizes=\"auto, (max-width: 225px) 100vw, 225px\" \/><\/a><a href=\"https:\/\/www.imelasavoie.fr\/wp-content\/uploads\/2018\/03\/DSCN0122-e1522230385958.jpg\"><img loading=\"lazy\" decoding=\"async\" class=\"aligncenter size-medium wp-image-12187\" src=\"https:\/\/www.imelasavoie.fr\/wp-content\/uploads\/2018\/03\/DSCN0122-e1522230385958-225x300.jpg\" alt=\"\" width=\"225\" height=\"300\" srcset=\"https:\/\/www.imelasavoie.fr\/wp-content\/uploads\/2018\/03\/DSCN0122-e1522230385958-225x300.jpg 225w, https:\/\/www.imelasavoie.fr\/wp-content\/uploads\/2018\/03\/DSCN0122-e1522230385958-768x1024.jpg 768w\" sizes=\"auto, (max-width: 225px) 100vw, 225px\" \/><\/a><a href=\"https:\/\/www.imelasavoie.fr\/wp-content\/uploads\/2018\/03\/DSCN0123-e1522230353116.jpg\"><img loading=\"lazy\" decoding=\"async\" class=\"aligncenter size-medium wp-image-12188\" src=\"https:\/\/www.imelasavoie.fr\/wp-content\/uploads\/2018\/03\/DSCN0123-e1522230353116-225x300.jpg\" alt=\"\" width=\"225\" height=\"300\" srcset=\"https:\/\/www.imelasavoie.fr\/wp-content\/uploads\/2018\/03\/DSCN0123-e1522230353116-225x300.jpg 225w, https:\/\/www.imelasavoie.fr\/wp-content\/uploads\/2018\/03\/DSCN0123-e1522230353116-768x1024.jpg 768w\" sizes=\"auto, (max-width: 225px) 100vw, 225px\" \/><\/a><a href=\"https:\/\/www.imelasavoie.fr\/wp-content\/uploads\/2018\/03\/DSCN0125.jpg\"><img loading=\"lazy\" decoding=\"async\" class=\"aligncenter size-medium wp-image-12189\" src=\"https:\/\/www.imelasavoie.fr\/wp-content\/uploads\/2018\/03\/DSCN0125-300x225.jpg\" alt=\"\" width=\"300\" height=\"225\" srcset=\"https:\/\/www.imelasavoie.fr\/wp-content\/uploads\/2018\/03\/DSCN0125-300x225.jpg 300w, https:\/\/www.imelasavoie.fr\/wp-content\/uploads\/2018\/03\/DSCN0125-768x576.jpg 768w, https:\/\/www.imelasavoie.fr\/wp-content\/uploads\/2018\/03\/DSCN0125-1024x768.jpg 1024w\" sizes=\"auto, (max-width: 300px) 100vw, 300px\" \/><\/a><\/p>\n<p>Zo\u00e9: Le blason du Dauphin\u00e9, c&rsquo;\u00e9tait un Dauphin et celui de Savoie, c&rsquo;\u00e9tait une croix blanche sur fond rouge.<\/p>\n<p><a href=\"https:\/\/www.imelasavoie.fr\/wp-content\/uploads\/2018\/03\/DSCN0142-e1522229682553.jpg\"><img loading=\"lazy\" decoding=\"async\" class=\"aligncenter size-medium wp-image-12212\" src=\"https:\/\/www.imelasavoie.fr\/wp-content\/uploads\/2018\/03\/DSCN0142-e1522229682553-225x300.jpg\" alt=\"\" width=\"225\" height=\"300\" srcset=\"https:\/\/www.imelasavoie.fr\/wp-content\/uploads\/2018\/03\/DSCN0142-e1522229682553-225x300.jpg 225w, https:\/\/www.imelasavoie.fr\/wp-content\/uploads\/2018\/03\/DSCN0142-e1522229682553-768x1024.jpg 768w\" sizes=\"auto, (max-width: 225px) 100vw, 225px\" \/><\/a><\/p>\n<p>&nbsp;<\/p>\n<p><a href=\"https:\/\/www.imelasavoie.fr\/wp-content\/uploads\/2018\/03\/DSCN0126.jpg\"><img loading=\"lazy\" decoding=\"async\" class=\"aligncenter size-medium wp-image-12190\" src=\"https:\/\/www.imelasavoie.fr\/wp-content\/uploads\/2018\/03\/DSCN0126-300x225.jpg\" alt=\"\" width=\"300\" height=\"225\" srcset=\"https:\/\/www.imelasavoie.fr\/wp-content\/uploads\/2018\/03\/DSCN0126-300x225.jpg 300w, https:\/\/www.imelasavoie.fr\/wp-content\/uploads\/2018\/03\/DSCN0126-768x576.jpg 768w, https:\/\/www.imelasavoie.fr\/wp-content\/uploads\/2018\/03\/DSCN0126-1024x768.jpg 1024w\" sizes=\"auto, (max-width: 300px) 100vw, 300px\" \/><\/a><\/p>\n<p>&nbsp;<\/p>\n<p><a href=\"https:\/\/www.imelasavoie.fr\/wp-content\/uploads\/2018\/03\/DSCN0135.jpg\"><img loading=\"lazy\" decoding=\"async\" class=\"aligncenter size-medium wp-image-12208\" src=\"https:\/\/www.imelasavoie.fr\/wp-content\/uploads\/2018\/03\/DSCN0135-300x225.jpg\" alt=\"\" width=\"300\" height=\"225\" srcset=\"https:\/\/www.imelasavoie.fr\/wp-content\/uploads\/2018\/03\/DSCN0135-300x225.jpg 300w, https:\/\/www.imelasavoie.fr\/wp-content\/uploads\/2018\/03\/DSCN0135-768x576.jpg 768w, https:\/\/www.imelasavoie.fr\/wp-content\/uploads\/2018\/03\/DSCN0135-1024x768.jpg 1024w\" sizes=\"auto, (max-width: 300px) 100vw, 300px\" \/><\/a><\/p>\n<p>&nbsp;<\/p>\n<p><a href=\"https:\/\/www.imelasavoie.fr\/wp-content\/uploads\/2018\/03\/DSCN0153-e1522229486924.jpg\"><img loading=\"lazy\" decoding=\"async\" class=\"aligncenter size-medium wp-image-12225\" src=\"https:\/\/www.imelasavoie.fr\/wp-content\/uploads\/2018\/03\/DSCN0153-e1522229486924-225x300.jpg\" alt=\"\" width=\"225\" height=\"300\" srcset=\"https:\/\/www.imelasavoie.fr\/wp-content\/uploads\/2018\/03\/DSCN0153-e1522229486924-225x300.jpg 225w, https:\/\/www.imelasavoie.fr\/wp-content\/uploads\/2018\/03\/DSCN0153-e1522229486924-768x1024.jpg 768w\" sizes=\"auto, (max-width: 225px) 100vw, 225px\" \/><\/a><a href=\"https:\/\/www.imelasavoie.fr\/wp-content\/uploads\/2018\/03\/DSCN0154-e1522229462571.jpg\"><img loading=\"lazy\" decoding=\"async\" class=\"aligncenter size-medium wp-image-12226\" src=\"https:\/\/www.imelasavoie.fr\/wp-content\/uploads\/2018\/03\/DSCN0154-e1522229462571-225x300.jpg\" alt=\"\" width=\"225\" height=\"300\" srcset=\"https:\/\/www.imelasavoie.fr\/wp-content\/uploads\/2018\/03\/DSCN0154-e1522229462571-225x300.jpg 225w, https:\/\/www.imelasavoie.fr\/wp-content\/uploads\/2018\/03\/DSCN0154-e1522229462571-768x1024.jpg 768w\" sizes=\"auto, (max-width: 225px) 100vw, 225px\" \/><\/a><\/p>\n","protected":false},"excerpt":{"rendered":"<p>En 1305, dans la plaine de l\u2019Ain, la guerre fait rage depuis plus de vingt ans. Ces terres, qui ne font pas encore partie du royaume de France, sont soumises aux ambitions de deux grandes familles : les comtes de &hellip; <a href=\"https:\/\/www.imelasavoie.fr\/?p=12243\">Continuer la lecture <span class=\"meta-nav\">&rarr;<\/span><\/a><\/p>\n","protected":false},"author":1,"featured_media":0,"comment_status":"open","ping_status":"closed","sticky":false,"template":"","format":"standard","meta":{"footnotes":""},"categories":[48,59,61,56],"tags":[],"class_list":["post-12243","post","type-post","status-publish","format-standard","hentry","category-actualites","category-dinamo1","category-dinamo2","category-les-classes-et-ateliers"],"_links":{"self":[{"href":"https:\/\/www.imelasavoie.fr\/index.php?rest_route=\/wp\/v2\/posts\/12243","targetHints":{"allow":["GET"]}}],"collection":[{"href":"https:\/\/www.imelasavoie.fr\/index.php?rest_route=\/wp\/v2\/posts"}],"about":[{"href":"https:\/\/www.imelasavoie.fr\/index.php?rest_route=\/wp\/v2\/types\/post"}],"author":[{"embeddable":true,"href":"https:\/\/www.imelasavoie.fr\/index.php?rest_route=\/wp\/v2\/users\/1"}],"replies":[{"embeddable":true,"href":"https:\/\/www.imelasavoie.fr\/index.php?rest_route=%2Fwp%2Fv2%2Fcomments&post=12243"}],"version-history":[{"count":0,"href":"https:\/\/www.imelasavoie.fr\/index.php?rest_route=\/wp\/v2\/posts\/12243\/revisions"}],"wp:attachment":[{"href":"https:\/\/www.imelasavoie.fr\/index.php?rest_route=%2Fwp%2Fv2%2Fmedia&parent=12243"}],"wp:term":[{"taxonomy":"category","embeddable":true,"href":"https:\/\/www.imelasavoie.fr\/index.php?rest_route=%2Fwp%2Fv2%2Fcategories&post=12243"},{"taxonomy":"post_tag","embeddable":true,"href":"https:\/\/www.imelasavoie.fr\/index.php?rest_route=%2Fwp%2Fv2%2Ftags&post=12243"}],"curies":[{"name":"wp","href":"https:\/\/api.w.org\/{rel}","templated":true}]}}