{"id":12427,"date":"2018-04-04T10:25:45","date_gmt":"2018-04-04T09:25:45","guid":{"rendered":"http:\/\/www.imelasavoie.fr\/?p=12427"},"modified":"2018-04-04T19:55:42","modified_gmt":"2018-04-04T18:55:42","slug":"stage-rapport","status":"publish","type":"post","link":"https:\/\/www.imelasavoie.fr\/?p=12427","title":{"rendered":"[stage] rapport"},"content":{"rendered":"<p><strong><u>Je vais vous pr\u00e9senter mon rapport de stage<\/u><\/strong><\/p>\n<p>Dates de stage\u00a0: du 11 au 16 mars<\/p>\n<p>Employeur\u00a0: La maison des pays de l\u2019Ain, c\u2019est une entreprise adapt\u00e9e.<\/p>\n<div style=\"width: 370px\" class=\"wp-caption alignnone\"><a id=\"irc_mil\" href=\"http:\/\/www.google.fr\/url?sa=i&amp;rct=j&amp;q=&amp;esrc=s&amp;source=images&amp;cd=&amp;cad=rja&amp;uact=8&amp;ved=2ahUKEwifyNDepaDaAhVOrRQKHVbrCKMQjRx6BAgAEAU&amp;url=http%3A%2F%2Fwww.bresse-revermont.fr%2Fsejour-agenda-bresse-revermont-jura-aintourisme-manifestation%2Frestaurant-bresse-revermont-aintourisme%2Frestaurants%2F%3Frestaurant-la-maison-des-pays--s143165&amp;psig=AOvVaw0Z4kPvmfbIFv0uhCfJ7Zrs&amp;ust=1522920118824749\" data-ved=\"2ahUKEwifyNDepaDaAhVOrRQKHVbrCKMQjRx6BAgAEAU\" data-cthref=\"http:\/\/www.google.fr\/url?sa=i&amp;rct=j&amp;q=&amp;esrc=s&amp;source=images&amp;cd=&amp;cad=rja&amp;uact=8&amp;ved=2ahUKEwifyNDepaDaAhVOrRQKHVbrCKMQjRx6BAgAEAU&amp;url=http%3A%2F%2Fwww.bresse-revermont.fr%2Fsejour-agenda-bresse-revermont-jura-aintourisme-manifestation%2Frestaurant-bresse-revermont-aintourisme%2Frestaurants%2F%3Frestaurant-la-maison-des-pays--s143165&amp;psig=AOvVaw0Z4kPvmfbIFv0uhCfJ7Zrs&amp;ust=1522920118824749\"><img loading=\"lazy\" decoding=\"async\" id=\"irc_mi\" src=\"http:\/\/static.apidae-tourisme.com\/filestore\/objets-touristiques\/images\/40\/11\/2165544.jpg\" alt=\"R\u00e9sultat de recherche d'images pour &quot;maison des pays de l'ain&quot;\" width=\"360\" height=\"270\" \/><\/a><p class=\"wp-caption-text\">La maison des pays de l&rsquo;Ain<\/p><\/div>\n<div style=\"width: 378px\" class=\"wp-caption alignnone\"><a id=\"irc_mil\" href=\"http:\/\/www.google.fr\/url?sa=i&amp;rct=j&amp;q=&amp;esrc=s&amp;source=images&amp;cd=&amp;cad=rja&amp;uact=8&amp;ved=2ahUKEwifyNDepaDaAhVOrRQKHVbrCKMQjRx6BAgAEAU&amp;url=http%3A%2F%2Fwww.bresse-revermont.fr%2Fsejour-agenda-bresse-revermont-jura-aintourisme-manifestation%2Frestaurant-bresse-revermont-aintourisme%2Fbar-et-bar-a-vin%2F%3Fla-maison-des-pays-de-lain-s143165&amp;psig=AOvVaw0Z4kPvmfbIFv0uhCfJ7Zrs&amp;ust=1522920118824749\" data-ved=\"2ahUKEwifyNDepaDaAhVOrRQKHVbrCKMQjRx6BAgAEAU\" data-cthref=\"http:\/\/www.google.fr\/url?sa=i&amp;rct=j&amp;q=&amp;esrc=s&amp;source=images&amp;cd=&amp;cad=rja&amp;uact=8&amp;ved=2ahUKEwifyNDepaDaAhVOrRQKHVbrCKMQjRx6BAgAEAU&amp;url=http%3A%2F%2Fwww.bresse-revermont.fr%2Fsejour-agenda-bresse-revermont-jura-aintourisme-manifestation%2Frestaurant-bresse-revermont-aintourisme%2Fbar-et-bar-a-vin%2F%3Fla-maison-des-pays-de-lain-s143165&amp;psig=AOvVaw0Z4kPvmfbIFv0uhCfJ7Zrs&amp;ust=1522920118824749\"><img loading=\"lazy\" decoding=\"async\" id=\"irc_mi\" src=\"http:\/\/static.apidae-tourisme.com\/filestore\/objets-touristiques\/images\/43\/11\/2165547.jpg\" alt=\"Image associ\u00e9e\" width=\"368\" height=\"276\" \/><\/a><p class=\"wp-caption-text\">La grande salle de restaurant<\/p><\/div>\n<p>&nbsp;<\/p>\n<p>Lieu\u00a0: Montaplan, 01370 Saint-\u00c9tienne-du-Bois<\/p>\n<p><strong><u>Ma journ\u00e9e type\u00a0:<\/u><\/strong><\/p>\n<p>9h\u00a0: j\u2019arrivais en tenue de ville. Je me changeais dans les vestiaires avec ma tenue de travail ( robe noire et chemisier blanc pour le service).<\/p>\n<p>9h15\u00a0: pr\u00e9paration de salle. Installation des nappes, des assiettes et des couverts ( les couteaux \u00e0 droite et les fourchettes \u00e0 gauche). Puis, j&rsquo;installais le verre \u00e0 \u00a0eau \u00e0 droite et le verre \u00e0 vin \u00e0 gauche. Ensuite, je pr\u00e9parais les pichets de vin et de kir ainsi que la corbeille \u00e0 pain sur la table.<\/p>\n<p>11h\u00a0: repas des employ\u00e9s\u00a0: nous mangions ensemble avant le service.<\/p>\n<p>11h30 &#8211; 11h45\u00a0: je prenais une pause<\/p>\n<p>11h45\u00a0: le service commen\u00e7ait\u00a0: les clients s\u2019installaient aux tables et j&rsquo;amenais les plats en respectant le rythme de leur repas (entr\u00e9e\u00a0\/ dessert ).<\/p>\n<p>15h\u00a0:A partir de la fin du service, nous commencions \u00e0 d\u00e9barrasser, \u00e0 nettoyer et \u00e0 installer pour le lendemain.<\/p>\n<p>16h\u00a0: fin du service<\/p>\n<p><strong><u>Ce que j&rsquo;ai appris\u00a0:<\/u><\/strong><\/p>\n<p>Je n&rsquo;ai pas appris plus de choses qu&rsquo;avec Mme Thibert.<\/p>\n<p><strong><u>Les difficult\u00e9s\u00a0:<\/u><\/strong><\/p>\n<p>J\u2019ai eu des probl\u00e8mes de communication avec les coll\u00e8gues. Ils me reprochaient un manque de vigueur, nous ne nous sommes pas compris.<\/p>\n<p><strong><u>Les perspectives\u00a0: <\/u><\/strong><\/p>\n<p>J\u2019adore le service et je veux continuer \u00e0 d\u00e9couvrir ce champ professionnel mais pas en entreprise adapt\u00e9e.<\/p>\n<p>Cassandra<\/p>\n","protected":false},"excerpt":{"rendered":"<p>Je vais vous pr\u00e9senter mon rapport de stage Dates de stage\u00a0: du 11 au 16 mars Employeur\u00a0: La maison des pays de l\u2019Ain, c\u2019est une entreprise adapt\u00e9e. &nbsp; Lieu\u00a0: Montaplan, 01370 Saint-\u00c9tienne-du-Bois Ma journ\u00e9e type\u00a0: 9h\u00a0: j\u2019arrivais en tenue de &hellip; <a href=\"https:\/\/www.imelasavoie.fr\/?p=12427\">Continuer la lecture <span class=\"meta-nav\">&rarr;<\/span><\/a><\/p>\n","protected":false},"author":10,"featured_media":0,"comment_status":"open","ping_status":"closed","sticky":false,"template":"","format":"standard","meta":{"footnotes":""},"categories":[48,60],"tags":[191,168],"class_list":["post-12427","post","type-post","status-publish","format-standard","hentry","category-actualites","category-cecof","tag-entreprise","tag-stage"],"_links":{"self":[{"href":"https:\/\/www.imelasavoie.fr\/index.php?rest_route=\/wp\/v2\/posts\/12427","targetHints":{"allow":["GET"]}}],"collection":[{"href":"https:\/\/www.imelasavoie.fr\/index.php?rest_route=\/wp\/v2\/posts"}],"about":[{"href":"https:\/\/www.imelasavoie.fr\/index.php?rest_route=\/wp\/v2\/types\/post"}],"author":[{"embeddable":true,"href":"https:\/\/www.imelasavoie.fr\/index.php?rest_route=\/wp\/v2\/users\/10"}],"replies":[{"embeddable":true,"href":"https:\/\/www.imelasavoie.fr\/index.php?rest_route=%2Fwp%2Fv2%2Fcomments&post=12427"}],"version-history":[{"count":0,"href":"https:\/\/www.imelasavoie.fr\/index.php?rest_route=\/wp\/v2\/posts\/12427\/revisions"}],"wp:attachment":[{"href":"https:\/\/www.imelasavoie.fr\/index.php?rest_route=%2Fwp%2Fv2%2Fmedia&parent=12427"}],"wp:term":[{"taxonomy":"category","embeddable":true,"href":"https:\/\/www.imelasavoie.fr\/index.php?rest_route=%2Fwp%2Fv2%2Fcategories&post=12427"},{"taxonomy":"post_tag","embeddable":true,"href":"https:\/\/www.imelasavoie.fr\/index.php?rest_route=%2Fwp%2Fv2%2Ftags&post=12427"}],"curies":[{"name":"wp","href":"https:\/\/api.w.org\/{rel}","templated":true}]}}