{"id":12903,"date":"2018-06-07T17:40:29","date_gmt":"2018-06-07T16:40:29","guid":{"rendered":"http:\/\/www.imelasavoie.fr\/?p=12903"},"modified":"2018-06-07T17:41:06","modified_gmt":"2018-06-07T16:41:06","slug":"presentation-rsfp-par-joris","status":"publish","type":"post","link":"https:\/\/www.imelasavoie.fr\/?p=12903","title":{"rendered":"[Atelier espace-vert] Pr\u00e9sentation RSFP par Joris"},"content":{"rendered":"<p>Je vais vous pr\u00e9senter le RSFP.<\/p>\n<p>Le RSFP est un examen qui veut dire: Reconnaissance des Savoirs Faire professionnels.<\/p>\n<p>On a un premier rendez-vous \u00e0 l&rsquo;Afpa de Bourg-en-Bresse pour pr\u00e9senter l&rsquo;\u00e9preuve devant une personne qui nous accompagne pour l&rsquo;examen.<\/p>\n<p>Cet examen se d\u00e9roule un autre jour.<\/p>\n<p>L&rsquo;ann\u00e9e derni\u00e8re, j&rsquo;ai d\u00e9j\u00e0 pr\u00e9sent\u00e9 et valid\u00e9 le RSFP en tonte.<\/p>\n<p>Cette ann\u00e9e, je passe le RSFP en d\u00e9broussaillage.<\/p>\n<p>Le jour de l&rsquo;\u00e9preuve, on arrive avec notre mat\u00e9riel.<\/p>\n<p>L&rsquo;examinateur nous donne des consignes pour faire le travail. Une fois fini, il nous dit si on a le RSFP.<\/p>\n<p>Au d\u00e9but\u00a0je suis un peu stress\u00e9 et apr\u00e8s \u00e7a va mieux.<\/p>\n<p>A la fin, je suis content de l&rsquo;avoir valid\u00e9.<\/p>\n<p style=\"text-align: center;\">Joris<\/p>\n","protected":false},"excerpt":{"rendered":"<p>Je vais vous pr\u00e9senter le RSFP. Le RSFP est un examen qui veut dire: Reconnaissance des Savoirs Faire professionnels. On a un premier rendez-vous \u00e0 l&rsquo;Afpa de Bourg-en-Bresse pour pr\u00e9senter l&rsquo;\u00e9preuve devant une personne qui nous accompagne pour l&rsquo;examen. Cet &hellip; <a href=\"https:\/\/www.imelasavoie.fr\/?p=12903\">Continuer la lecture <span class=\"meta-nav\">&rarr;<\/span><\/a><\/p>\n","protected":false},"author":1,"featured_media":0,"comment_status":"open","ping_status":"closed","sticky":false,"template":"","format":"standard","meta":{"footnotes":""},"categories":[48,61,56],"tags":[],"class_list":["post-12903","post","type-post","status-publish","format-standard","hentry","category-actualites","category-dinamo2","category-les-classes-et-ateliers"],"_links":{"self":[{"href":"https:\/\/www.imelasavoie.fr\/index.php?rest_route=\/wp\/v2\/posts\/12903","targetHints":{"allow":["GET"]}}],"collection":[{"href":"https:\/\/www.imelasavoie.fr\/index.php?rest_route=\/wp\/v2\/posts"}],"about":[{"href":"https:\/\/www.imelasavoie.fr\/index.php?rest_route=\/wp\/v2\/types\/post"}],"author":[{"embeddable":true,"href":"https:\/\/www.imelasavoie.fr\/index.php?rest_route=\/wp\/v2\/users\/1"}],"replies":[{"embeddable":true,"href":"https:\/\/www.imelasavoie.fr\/index.php?rest_route=%2Fwp%2Fv2%2Fcomments&post=12903"}],"version-history":[{"count":0,"href":"https:\/\/www.imelasavoie.fr\/index.php?rest_route=\/wp\/v2\/posts\/12903\/revisions"}],"wp:attachment":[{"href":"https:\/\/www.imelasavoie.fr\/index.php?rest_route=%2Fwp%2Fv2%2Fmedia&parent=12903"}],"wp:term":[{"taxonomy":"category","embeddable":true,"href":"https:\/\/www.imelasavoie.fr\/index.php?rest_route=%2Fwp%2Fv2%2Fcategories&post=12903"},{"taxonomy":"post_tag","embeddable":true,"href":"https:\/\/www.imelasavoie.fr\/index.php?rest_route=%2Fwp%2Fv2%2Ftags&post=12903"}],"curies":[{"name":"wp","href":"https:\/\/api.w.org\/{rel}","templated":true}]}}