{"id":12908,"date":"2018-06-07T17:46:23","date_gmt":"2018-06-07T16:46:23","guid":{"rendered":"http:\/\/www.imelasavoie.fr\/?p=12908"},"modified":"2018-06-07T17:48:12","modified_gmt":"2018-06-07T16:48:12","slug":"l-atelier-cuisine-hier-par-maelys","status":"publish","type":"post","link":"https:\/\/www.imelasavoie.fr\/?p=12908","title":{"rendered":"[atelier cuisine] Ma matin\u00e9e d&rsquo;hier par Ma\u00eblys"},"content":{"rendered":"<p>Tout\u00a0 d&rsquo; abord , je suis all\u00e9e me changer\u00a0 mais je n&rsquo;arrivais\u00a0 pas \u00e0 mettre ma chemise alors j&rsquo;ai demand\u00e9 \u00e0 Tina de m&rsquo;aider.<\/p>\n<p>Ensuite, je l&rsquo;ai suivie\u00a0 pour\u00a0 qu&rsquo;elle m&rsquo;aide \u00e0 mettre mon tablier et Tina m&rsquo;a fait double un double n\u0153ud.<\/p>\n<p>On s&rsquo;est lav\u00e9 les mains et apr\u00e8s j&rsquo; ai mis une charlotte.<\/p>\n<p>Puis\u00a0 Mr Barbier nous a demand\u00e9 de couper les carottes et de les laver.<\/p>\n<p>Ensuite, il fallait mettre les carottes dans la machine \u00e9lectrique pour r\u00e2per\u00a0 les carottes.<\/p>\n<p>Apr\u00e8s, on les a mises dans un saladier.<\/p>\n<p>Et ensuite\u00a0 Mr Barbier m&rsquo;a demand\u00e9 si\u00a0 je voulais faire la sauce vinaigrette. Alors j&rsquo; ai dit oui \u00e0\u00a0 Mr Barbier.<\/p>\n<p>Et du coup, j&rsquo; ai fait ma sauce vinaigrette.<\/p>\n<p>Elle \u00e9tait tr\u00e8s bonne.<\/p>\n<p>J&rsquo; ai bien aim\u00e9 cette matin\u00e9e mais je n&rsquo;aime pas essuyer les couverts et les assiettes.<\/p>\n<p>Mais bon, j&rsquo; aime quand m\u00eame l&rsquo;atelier de Mr Barbier<\/p>\n<p style=\"text-align: center;\">Ma\u00eblys\u00a0 Daumas<\/p>\n<p>&nbsp;<\/p>\n","protected":false},"excerpt":{"rendered":"<p>Tout\u00a0 d&rsquo; abord , je suis all\u00e9e me changer\u00a0 mais je n&rsquo;arrivais\u00a0 pas \u00e0 mettre ma chemise alors j&rsquo;ai demand\u00e9 \u00e0 Tina de m&rsquo;aider. Ensuite, je l&rsquo;ai suivie\u00a0 pour\u00a0 qu&rsquo;elle m&rsquo;aide \u00e0 mettre mon tablier et Tina m&rsquo;a fait double &hellip; <a href=\"https:\/\/www.imelasavoie.fr\/?p=12908\">Continuer la lecture <span class=\"meta-nav\">&rarr;<\/span><\/a><\/p>\n","protected":false},"author":1,"featured_media":0,"comment_status":"open","ping_status":"closed","sticky":false,"template":"","format":"standard","meta":{"footnotes":""},"categories":[48,61,56],"tags":[],"class_list":["post-12908","post","type-post","status-publish","format-standard","hentry","category-actualites","category-dinamo2","category-les-classes-et-ateliers"],"_links":{"self":[{"href":"https:\/\/www.imelasavoie.fr\/index.php?rest_route=\/wp\/v2\/posts\/12908","targetHints":{"allow":["GET"]}}],"collection":[{"href":"https:\/\/www.imelasavoie.fr\/index.php?rest_route=\/wp\/v2\/posts"}],"about":[{"href":"https:\/\/www.imelasavoie.fr\/index.php?rest_route=\/wp\/v2\/types\/post"}],"author":[{"embeddable":true,"href":"https:\/\/www.imelasavoie.fr\/index.php?rest_route=\/wp\/v2\/users\/1"}],"replies":[{"embeddable":true,"href":"https:\/\/www.imelasavoie.fr\/index.php?rest_route=%2Fwp%2Fv2%2Fcomments&post=12908"}],"version-history":[{"count":0,"href":"https:\/\/www.imelasavoie.fr\/index.php?rest_route=\/wp\/v2\/posts\/12908\/revisions"}],"wp:attachment":[{"href":"https:\/\/www.imelasavoie.fr\/index.php?rest_route=%2Fwp%2Fv2%2Fmedia&parent=12908"}],"wp:term":[{"taxonomy":"category","embeddable":true,"href":"https:\/\/www.imelasavoie.fr\/index.php?rest_route=%2Fwp%2Fv2%2Fcategories&post=12908"},{"taxonomy":"post_tag","embeddable":true,"href":"https:\/\/www.imelasavoie.fr\/index.php?rest_route=%2Fwp%2Fv2%2Ftags&post=12908"}],"curies":[{"name":"wp","href":"https:\/\/api.w.org\/{rel}","templated":true}]}}