{"id":13010,"date":"2018-06-08T10:55:39","date_gmt":"2018-06-08T09:55:39","guid":{"rendered":"http:\/\/www.imelasavoie.fr\/?p=13010"},"modified":"2018-06-11T13:40:18","modified_gmt":"2018-06-11T12:40:18","slug":"stage-mes-deux-jours-au-cecof","status":"publish","type":"post","link":"https:\/\/www.imelasavoie.fr\/?p=13010","title":{"rendered":"[Stage] Mes deux jours au CECOF"},"content":{"rendered":"<p>Cette semaine, je suis all\u00e9e au CECOF pour d\u00e9couvrir. Je savais d\u00e9j\u00e0 qu&rsquo;il y avait des ateliers.<\/p>\n<p><strong>Mardi :<\/strong> Quand je suis arriv\u00e9e au CECOF, je me sentais tr\u00e8s bien, pas stress\u00e9e. Le matin \u00e0 9h30, je rentre dans la classe de Mr. Duclos, je lui dis \u00ab\u00a0bonjour\u00a0\u00bb et\u00a0apr\u00e8s, on a sorti le cahier de maths. On a fait des additions,\u00a0des soustractions, des multiplications. Apr\u00e8s les maths, on a\u00a0fait une pause dehors \u00e0 10h.\u00a0A la fin de la pause, je suis rentr\u00e9e dans la classe. Nous avons fait des maths,\u00a0du fran\u00e7ais, de l&rsquo;anglais, de la SVT. On a\u00a0fait la pause l&rsquo;apr\u00e8s-midi et \u00e0 15h nous sommes all\u00e9s\u00a0au stade foot faire du sport. Apr\u00e8s\u00a0cette journ\u00e9e, nous sommes tous rentr\u00e9s\u00a0\u00e0 17h\u00a0\u00e0 L&rsquo;IME.<\/p>\n<p><strong>Mercredi:<\/strong> J&rsquo;\u00e9tais au CECOF toujours \u00e0\u00a09h30: travailler, \u00e9crire,\u00a0faire des\u00a0maths, calculer, lire et \u00e9videment manger\u00a0\u00e0 la cantine avec des les \u00e9l\u00e8ves du CECOF !<\/p>\n<p>Drucilla<\/p>\n<p>&nbsp;<\/p>\n","protected":false},"excerpt":{"rendered":"<p>Cette semaine, je suis all\u00e9e au CECOF pour d\u00e9couvrir. Je savais d\u00e9j\u00e0 qu&rsquo;il y avait des ateliers. Mardi : Quand je suis arriv\u00e9e au CECOF, je me sentais tr\u00e8s bien, pas stress\u00e9e. Le matin \u00e0 9h30, je rentre dans la &hellip; <a href=\"https:\/\/www.imelasavoie.fr\/?p=13010\">Continuer la lecture <span class=\"meta-nav\">&rarr;<\/span><\/a><\/p>\n","protected":false},"author":13,"featured_media":0,"comment_status":"open","ping_status":"closed","sticky":false,"template":"","format":"standard","meta":{"footnotes":""},"categories":[48,59],"tags":[95,168],"class_list":["post-13010","post","type-post","status-publish","format-standard","hentry","category-actualites","category-dinamo1","tag-cecof","tag-stage"],"_links":{"self":[{"href":"https:\/\/www.imelasavoie.fr\/index.php?rest_route=\/wp\/v2\/posts\/13010","targetHints":{"allow":["GET"]}}],"collection":[{"href":"https:\/\/www.imelasavoie.fr\/index.php?rest_route=\/wp\/v2\/posts"}],"about":[{"href":"https:\/\/www.imelasavoie.fr\/index.php?rest_route=\/wp\/v2\/types\/post"}],"author":[{"embeddable":true,"href":"https:\/\/www.imelasavoie.fr\/index.php?rest_route=\/wp\/v2\/users\/13"}],"replies":[{"embeddable":true,"href":"https:\/\/www.imelasavoie.fr\/index.php?rest_route=%2Fwp%2Fv2%2Fcomments&post=13010"}],"version-history":[{"count":0,"href":"https:\/\/www.imelasavoie.fr\/index.php?rest_route=\/wp\/v2\/posts\/13010\/revisions"}],"wp:attachment":[{"href":"https:\/\/www.imelasavoie.fr\/index.php?rest_route=%2Fwp%2Fv2%2Fmedia&parent=13010"}],"wp:term":[{"taxonomy":"category","embeddable":true,"href":"https:\/\/www.imelasavoie.fr\/index.php?rest_route=%2Fwp%2Fv2%2Fcategories&post=13010"},{"taxonomy":"post_tag","embeddable":true,"href":"https:\/\/www.imelasavoie.fr\/index.php?rest_route=%2Fwp%2Fv2%2Ftags&post=13010"}],"curies":[{"name":"wp","href":"https:\/\/api.w.org\/{rel}","templated":true}]}}