{"id":13014,"date":"2018-06-08T10:57:19","date_gmt":"2018-06-08T09:57:19","guid":{"rendered":"http:\/\/www.imelasavoie.fr\/?p=13014"},"modified":"2018-06-08T10:57:19","modified_gmt":"2018-06-08T09:57:19","slug":"la-vie-a-la-mecs-week-end-a-valras-de-mohamed","status":"publish","type":"post","link":"https:\/\/www.imelasavoie.fr\/?p=13014","title":{"rendered":"[La vie \u00e0 la MECS] Week-end \u00e0 Valras de Mohamed"},"content":{"rendered":"<p>Le vendredi 1 juin, on est parti \u00e0 Valras avec le foyer. Avant de partir, on a pr\u00e9par\u00e9 nos affaires et les affaires du camping.\u00a0 On a aussi attendu les autres. On est parti \u00e0 17h00 de Meximieu et on est arriv\u00e9 \u00e0 Valras \u00e0 23h00.<\/p>\n<p><img loading=\"lazy\" decoding=\"async\" class=\"irc_mi aligncenter\" src=\"http:\/\/3.bp.blogspot.com\/-y8OzaQDd2Uo\/UuhRIN4IOyI\/AAAAAAAACes\/0hQ1NOBo7-A\/s1600\/carte+valras.jpg\" alt=\"R\u00e9sultat de recherche d'images pour &quot;valras carte&quot;\" width=\"275\" height=\"298\" \/><\/p>\n<p>&nbsp;<\/p>\n<p>Le Samedi matin,\u00a0 on a fait les courses pour le samedi midi et soir ainsi que pour le dimanche midi.<\/p>\n<p>Le samedi apr\u00e8s-midi, on a fait un petit tour dans la ville de Valras. On a vu plein de boutiques avec des v\u00eatements pas cher. Il y avait des casquette Nike et des peluches&#8230; Je n&rsquo;en croyais pas mes yeux.<\/p>\n<p>Apr\u00e8s, on s&rsquo;est baign\u00e9 \u00e0 la mer la mer.\u00a0 Elle \u00e9tait sal\u00e9e. J&rsquo;ai bu la tasse. Ce n&rsquo;\u00e9tait pas bon pour la bouche.<\/p>\n<p>Il faisait beau. On a eu de la chance car il devait faire mauvais. Le dimanche, on a\u00a0 fait le m\u00e9nage et on a rang\u00e9 nos affaires et les affaires du foyer. Puis on est parti le dimanche apr\u00e8s-midi.<\/p>\n<p>On a fait 4h00 de route au moins&#8230; On est arriv\u00e9 le soir au foyer et on a rang\u00e9 nos affaires et on a mang\u00e9.<\/p>\n<p><img loading=\"lazy\" decoding=\"async\" class=\"rg_ic rg_i\" src=\"https:\/\/encrypted-tbn0.gstatic.com\/images?q=tbn:ANd9GcSM-IpgbVQ-uyef6DC7hniftP6QnSha0VyDbu5uzdKWzyZSHY_M\" alt=\"R\u00e9sultat de recherche d'images pour &quot;valras&quot;\" width=\"188\" height=\"121\" data-src=\"https:\/\/encrypted-tbn0.gstatic.com\/images?q=tbn:ANd9GcSM-IpgbVQ-uyef6DC7hniftP6QnSha0VyDbu5uzdKWzyZSHY_M\" \/>\u00a0\u00a0\u00a0 <img loading=\"lazy\" decoding=\"async\" class=\"rg_ic rg_i\" src=\"https:\/\/encrypted-tbn0.gstatic.com\/images?q=tbn:ANd9GcQkaTmRS_7vrc3epqUVqCH5wQ8kv7AU3euB_XeOn3vBtxXngT_3\" alt=\"R\u00e9sultat de recherche d'images pour &quot;valras&quot;\" width=\"240\" height=\"119\" data-src=\"https:\/\/encrypted-tbn0.gstatic.com\/images?q=tbn:ANd9GcQkaTmRS_7vrc3epqUVqCH5wQ8kv7AU3euB_XeOn3vBtxXngT_3\" \/><\/p>\n<p><img decoding=\"async\" class=\"rg_ic rg_i\" src=\"https:\/\/encrypted-tbn0.gstatic.com\/images?q=tbn:ANd9GcQ9stZJqNBMzUwMGdmFLTtprqXr3m37WSzC4SNZHNe1IN8rauvd4g\" alt=\"R\u00e9sultat de recherche d'images pour &quot;valras camping&quot;\" data-src=\"https:\/\/encrypted-tbn0.gstatic.com\/images?q=tbn:ANd9GcQ9stZJqNBMzUwMGdmFLTtprqXr3m37WSzC4SNZHNe1IN8rauvd4g\" \/><\/p>\n<p style=\"text-align: center;\">Mohamed<\/p>\n","protected":false},"excerpt":{"rendered":"<p>Le vendredi 1 juin, on est parti \u00e0 Valras avec le foyer. Avant de partir, on a pr\u00e9par\u00e9 nos affaires et les affaires du camping.\u00a0 On a aussi attendu les autres. On est parti \u00e0 17h00 de Meximieu et on &hellip; <a href=\"https:\/\/www.imelasavoie.fr\/?p=13014\">Continuer la lecture <span class=\"meta-nav\">&rarr;<\/span><\/a><\/p>\n","protected":false},"author":1,"featured_media":0,"comment_status":"open","ping_status":"closed","sticky":false,"template":"","format":"standard","meta":{"footnotes":""},"categories":[48,61,56],"tags":[],"class_list":["post-13014","post","type-post","status-publish","format-standard","hentry","category-actualites","category-dinamo2","category-les-classes-et-ateliers"],"_links":{"self":[{"href":"https:\/\/www.imelasavoie.fr\/index.php?rest_route=\/wp\/v2\/posts\/13014","targetHints":{"allow":["GET"]}}],"collection":[{"href":"https:\/\/www.imelasavoie.fr\/index.php?rest_route=\/wp\/v2\/posts"}],"about":[{"href":"https:\/\/www.imelasavoie.fr\/index.php?rest_route=\/wp\/v2\/types\/post"}],"author":[{"embeddable":true,"href":"https:\/\/www.imelasavoie.fr\/index.php?rest_route=\/wp\/v2\/users\/1"}],"replies":[{"embeddable":true,"href":"https:\/\/www.imelasavoie.fr\/index.php?rest_route=%2Fwp%2Fv2%2Fcomments&post=13014"}],"version-history":[{"count":0,"href":"https:\/\/www.imelasavoie.fr\/index.php?rest_route=\/wp\/v2\/posts\/13014\/revisions"}],"wp:attachment":[{"href":"https:\/\/www.imelasavoie.fr\/index.php?rest_route=%2Fwp%2Fv2%2Fmedia&parent=13014"}],"wp:term":[{"taxonomy":"category","embeddable":true,"href":"https:\/\/www.imelasavoie.fr\/index.php?rest_route=%2Fwp%2Fv2%2Fcategories&post=13014"},{"taxonomy":"post_tag","embeddable":true,"href":"https:\/\/www.imelasavoie.fr\/index.php?rest_route=%2Fwp%2Fv2%2Ftags&post=13014"}],"curies":[{"name":"wp","href":"https:\/\/api.w.org\/{rel}","templated":true}]}}