{"id":13704,"date":"2018-07-05T19:03:09","date_gmt":"2018-07-05T18:03:09","guid":{"rendered":"http:\/\/www.imelasavoie.fr\/?p=13704"},"modified":"2018-07-06T05:51:08","modified_gmt":"2018-07-06T04:51:08","slug":"mythologie-quelle-sera-la-suite-du-feuilleton-de-thesee","status":"publish","type":"post","link":"https:\/\/www.imelasavoie.fr\/?p=13704","title":{"rendered":"(Mythologie) Quelle sera la suite du \u00a0\u00bb Feuilleton de Th\u00e9s\u00e9e \u00a0\u00bb ?"},"content":{"rendered":"<p style=\"text-align: center;\"><em>Les \u00e9l\u00e8ves des classes Dinamo 1 et 2 quittent Th\u00e9s\u00e9e et ses compagnons le temps des grandes vacances. Nous avons demand\u00e9 aux \u00e9l\u00e8ves quelle pourrait \u00eatre la suite de ses aventures. Voici donc ce qu&rsquo;ils ont imagin\u00e9 :<\/em><\/p>\n<p><strong>Ma\u00eblys<\/strong>: H\u00e9racl\u00e8s va faire une autre \u00e9preuve : combattre un ogre.<\/p>\n<p><strong>R\u00e9my<\/strong>: H\u00e9racl\u00e8s va affronter des loups .<\/p>\n<p><strong>Joshua <\/strong>: H\u00e9racl\u00e8s devient v\u00e9t\u00e9rinaire et aide \u00e0 faire naitre\u00a0des petits taureaux.<\/p>\n<p><strong>Elisa<\/strong> : H\u00e9racl\u00e8s devient spectateur d&rsquo;un\u00a0 spectacle de cirque.<\/p>\n<p><strong>Dylan<\/strong> : H\u00e9racl\u00e8s explose et tue les dieux de l&rsquo;olympe.<\/p>\n<p><strong>Ayseg\u00fcl <\/strong>: H\u00e9racl\u00e8s devient prof et il est violent avec ses \u00e9l\u00e8ves ! Mais il finit par offrir des cadeaux.<\/p>\n<p><strong>Ma\u00eblys <\/strong>: H\u00e9racl\u00e8s devient un sorcier et se transforme en animal puis en joueur de foot.<\/p>\n<p><strong>Zo\u00e9 : <\/strong>H\u00e9racl\u00e8s se baigne dans une rivi\u00e8re avec ses compagnons.<\/p>\n<p><strong>Ka\u00efssa<\/strong>: H\u00e9racl\u00e8s d\u00e9c\u00e8de et revient dans une autre vie avec un bon karma. Il devient g\u00e9n\u00e9reux et gentil avec les autres.<\/p>\n<p><strong>Anthony: <\/strong>H\u00e9racl\u00e8s devient boxer et se bat contre Mike Tyson.<\/p>\n","protected":false},"excerpt":{"rendered":"<p>Les \u00e9l\u00e8ves des classes Dinamo 1 et 2 quittent Th\u00e9s\u00e9e et ses compagnons le temps des grandes vacances. Nous avons demand\u00e9 aux \u00e9l\u00e8ves quelle pourrait \u00eatre la suite de ses aventures. Voici donc ce qu&rsquo;ils ont imagin\u00e9 : Ma\u00eblys: H\u00e9racl\u00e8s &hellip; <a href=\"https:\/\/www.imelasavoie.fr\/?p=13704\">Continuer la lecture <span class=\"meta-nav\">&rarr;<\/span><\/a><\/p>\n","protected":false},"author":1,"featured_media":0,"comment_status":"open","ping_status":"closed","sticky":false,"template":"","format":"standard","meta":{"footnotes":""},"categories":[48,59,61],"tags":[204],"class_list":["post-13704","post","type-post","status-publish","format-standard","hentry","category-actualites","category-dinamo1","category-dinamo2","tag-mythologie"],"_links":{"self":[{"href":"https:\/\/www.imelasavoie.fr\/index.php?rest_route=\/wp\/v2\/posts\/13704","targetHints":{"allow":["GET"]}}],"collection":[{"href":"https:\/\/www.imelasavoie.fr\/index.php?rest_route=\/wp\/v2\/posts"}],"about":[{"href":"https:\/\/www.imelasavoie.fr\/index.php?rest_route=\/wp\/v2\/types\/post"}],"author":[{"embeddable":true,"href":"https:\/\/www.imelasavoie.fr\/index.php?rest_route=\/wp\/v2\/users\/1"}],"replies":[{"embeddable":true,"href":"https:\/\/www.imelasavoie.fr\/index.php?rest_route=%2Fwp%2Fv2%2Fcomments&post=13704"}],"version-history":[{"count":0,"href":"https:\/\/www.imelasavoie.fr\/index.php?rest_route=\/wp\/v2\/posts\/13704\/revisions"}],"wp:attachment":[{"href":"https:\/\/www.imelasavoie.fr\/index.php?rest_route=%2Fwp%2Fv2%2Fmedia&parent=13704"}],"wp:term":[{"taxonomy":"category","embeddable":true,"href":"https:\/\/www.imelasavoie.fr\/index.php?rest_route=%2Fwp%2Fv2%2Fcategories&post=13704"},{"taxonomy":"post_tag","embeddable":true,"href":"https:\/\/www.imelasavoie.fr\/index.php?rest_route=%2Fwp%2Fv2%2Ftags&post=13704"}],"curies":[{"name":"wp","href":"https:\/\/api.w.org\/{rel}","templated":true}]}}