{"id":14158,"date":"2018-09-25T15:11:34","date_gmt":"2018-09-25T14:11:34","guid":{"rendered":"http:\/\/www.imelasavoie.fr\/?p=14158"},"modified":"2018-09-25T15:11:34","modified_gmt":"2018-09-25T14:11:34","slug":"mythologie-les-12-travaux-dhercule-a-ecouter","status":"publish","type":"post","link":"https:\/\/www.imelasavoie.fr\/?p=14158","title":{"rendered":"[Mythologie] Les 12 travaux d&rsquo;Hercule \u00e0 \u00e9couter"},"content":{"rendered":"<h2 style=\"text-align: center;\"><strong>Les 12 travaux d&rsquo;Hercule<\/strong><\/h2>\n<p><a href=\"https:\/\/www.imelasavoie.fr\/wp-content\/uploads\/2018\/09\/hercule.jpg\"><img loading=\"lazy\" decoding=\"async\" class=\"size-medium wp-image-14152 alignnone\" src=\"https:\/\/www.imelasavoie.fr\/wp-content\/uploads\/2018\/09\/hercule-300x169.jpg\" alt=\"\" width=\"300\" height=\"169\" srcset=\"https:\/\/www.imelasavoie.fr\/wp-content\/uploads\/2018\/09\/hercule-300x169.jpg 300w, https:\/\/www.imelasavoie.fr\/wp-content\/uploads\/2018\/09\/hercule.jpg 640w\" sizes=\"auto, (max-width: 300px) 100vw, 300px\" \/><\/a><a href=\"https:\/\/www.imelasavoie.fr\/wp-content\/uploads\/2018\/09\/images.png\"><img loading=\"lazy\" decoding=\"async\" class=\"size-medium wp-image-14159 alignleft\" src=\"https:\/\/www.imelasavoie.fr\/wp-content\/uploads\/2018\/09\/images-300x168.png\" alt=\"\" width=\"300\" height=\"168\" \/><\/a><\/p>\n<p>Nous avons voyag\u00e9 dans le temps avec Th\u00e9s\u00e9e. Nous avons pu observer H\u00e9racl\u00e8s r\u00e9aliser ses premiers travaux, punition donn\u00e9e par Eurysth\u00e9e.<\/p>\n<p><a href=\"https:\/\/www.imelasavoie.fr\/wp-content\/uploads\/2018\/09\/les_12_travaux_photos-vases.jpg\"><img loading=\"lazy\" decoding=\"async\" class=\"aligncenter size-medium wp-image-14154\" src=\"https:\/\/www.imelasavoie.fr\/wp-content\/uploads\/2018\/09\/les_12_travaux_photos-vases-275x300.jpg\" alt=\"\" width=\"275\" height=\"300\" srcset=\"https:\/\/www.imelasavoie.fr\/wp-content\/uploads\/2018\/09\/les_12_travaux_photos-vases-275x300.jpg 275w, https:\/\/www.imelasavoie.fr\/wp-content\/uploads\/2018\/09\/les_12_travaux_photos-vases-768x836.jpg 768w, https:\/\/www.imelasavoie.fr\/wp-content\/uploads\/2018\/09\/les_12_travaux_photos-vases-940x1024.jpg 940w, https:\/\/www.imelasavoie.fr\/wp-content\/uploads\/2018\/09\/les_12_travaux_photos-vases.jpg 1044w\" sizes=\"auto, (max-width: 275px) 100vw, 275px\" \/><\/a><\/p>\n<p>Chez les romains, l&rsquo;histoire des 12 travaux d&rsquo;H\u00e9racl\u00e8s est un peu diff\u00e9rente.<\/p>\n<p>Par exemple, les noms des personnages changent : H\u00e9racl\u00e8s devient Hercule.<\/p>\n<p>Voici cette histoire r\u00e9sum\u00e9e en 10 minutes :<\/p>\n<!--[if lt IE 9]><script>document.createElement('audio');<\/script><![endif]-->\n<audio class=\"wp-audio-shortcode\" id=\"audio-14158-1\" preload=\"none\" style=\"width: 100%;\" controls=\"controls\"><source type=\"audio\/mpeg\" src=\"https:\/\/www.imelasavoie.fr\/wp-content\/uploads\/2018\/09\/Les_Travaux_d_Hercule.mp3?_=1\" \/><a href=\"https:\/\/www.imelasavoie.fr\/wp-content\/uploads\/2018\/09\/Les_Travaux_d_Hercule.mp3\">https:\/\/www.imelasavoie.fr\/wp-content\/uploads\/2018\/09\/Les_Travaux_d_Hercule.mp3<\/a><\/audio>\n<p>&nbsp;<\/p>\n<p style=\"text-align: center;\"><strong>Quelles diff\u00e9rences remarquez-vous ?<\/strong><\/p>\n<p style=\"text-align: center;\"><span style=\"color: #ff0000;\">Astuce<\/span><\/p>\n<p style=\"text-align: center;\"><a href=\"https:\/\/www.imelasavoie.fr\/wp-content\/uploads\/2018\/09\/noms-grecs-et-romains.jpg\"><img loading=\"lazy\" decoding=\"async\" class=\"aligncenter size-full wp-image-14155\" src=\"https:\/\/www.imelasavoie.fr\/wp-content\/uploads\/2018\/09\/noms-grecs-et-romains.jpg\" alt=\"\" width=\"227\" height=\"222\" \/><\/a><\/p>\n","protected":false},"excerpt":{"rendered":"<p>Les 12 travaux d&rsquo;Hercule Nous avons voyag\u00e9 dans le temps avec Th\u00e9s\u00e9e. Nous avons pu observer H\u00e9racl\u00e8s r\u00e9aliser ses premiers travaux, punition donn\u00e9e par Eurysth\u00e9e. Chez les romains, l&rsquo;histoire des 12 travaux d&rsquo;H\u00e9racl\u00e8s est un peu diff\u00e9rente. Par exemple, les &hellip; <a href=\"https:\/\/www.imelasavoie.fr\/?p=14158\">Continuer la lecture <span class=\"meta-nav\">&rarr;<\/span><\/a><\/p>\n","protected":false},"author":1,"featured_media":0,"comment_status":"open","ping_status":"closed","sticky":false,"template":"","format":"standard","meta":{"footnotes":""},"categories":[59,61,172],"tags":[204],"class_list":["post-14158","post","type-post","status-publish","format-standard","hentry","category-dinamo1","category-dinamo2","category-le-feuilleton-de-thesee","tag-mythologie"],"_links":{"self":[{"href":"https:\/\/www.imelasavoie.fr\/index.php?rest_route=\/wp\/v2\/posts\/14158","targetHints":{"allow":["GET"]}}],"collection":[{"href":"https:\/\/www.imelasavoie.fr\/index.php?rest_route=\/wp\/v2\/posts"}],"about":[{"href":"https:\/\/www.imelasavoie.fr\/index.php?rest_route=\/wp\/v2\/types\/post"}],"author":[{"embeddable":true,"href":"https:\/\/www.imelasavoie.fr\/index.php?rest_route=\/wp\/v2\/users\/1"}],"replies":[{"embeddable":true,"href":"https:\/\/www.imelasavoie.fr\/index.php?rest_route=%2Fwp%2Fv2%2Fcomments&post=14158"}],"version-history":[{"count":0,"href":"https:\/\/www.imelasavoie.fr\/index.php?rest_route=\/wp\/v2\/posts\/14158\/revisions"}],"wp:attachment":[{"href":"https:\/\/www.imelasavoie.fr\/index.php?rest_route=%2Fwp%2Fv2%2Fmedia&parent=14158"}],"wp:term":[{"taxonomy":"category","embeddable":true,"href":"https:\/\/www.imelasavoie.fr\/index.php?rest_route=%2Fwp%2Fv2%2Fcategories&post=14158"},{"taxonomy":"post_tag","embeddable":true,"href":"https:\/\/www.imelasavoie.fr\/index.php?rest_route=%2Fwp%2Fv2%2Ftags&post=14158"}],"curies":[{"name":"wp","href":"https:\/\/api.w.org\/{rel}","templated":true}]}}