{"id":15333,"date":"2018-12-06T16:02:36","date_gmt":"2018-12-06T15:02:36","guid":{"rendered":"http:\/\/www.imelasavoie.fr\/?p=15333"},"modified":"2018-12-10T15:56:37","modified_gmt":"2018-12-10T14:56:37","slug":"arts-visuels-incitation-a-la-recherche-dessin-le-trait-noir","status":"publish","type":"post","link":"https:\/\/www.imelasavoie.fr\/?p=15333","title":{"rendered":"[Arts visuels] Incitation \u00e0 la recherche dessin : Le trait noir"},"content":{"rendered":"<p>Bonjour \u00e0 tous,<\/p>\n<p>Aujourd&rsquo;hui, un nouveau travail a \u00e9t\u00e9 propos\u00e9 en classe dans le cadre de la recherche dessin que nous menons depuis quelques semaines. Toujours le m\u00eame fonctionnement, un d\u00e9part inducteur avec une seule contrainte : tracer des traits continus en appuyant fort sur le crayon \u00e0 papier.<\/p>\n<p>Le r\u00e9sultat est saisissant.<\/p>\n<p>Ensuite des id\u00e9es de titres pour chaque dessin sont venues naturellement.<\/p>\n<p>Au final, l&rsquo;exercice ne fut pas si simple ! Laissez une trace&#8230; Une simple trace&#8230; C&rsquo;est parfois si difficile ! Oser appuyer sur la mine&#8230; Appuyer fort&#8230; De fa\u00e7on continue, sans rel\u00e2cher son geste&#8230; Il y a un peu de soi dans cet exercice&#8230;<\/p>\n<p>A vous de chercher qui a fait quoi&#8230;<\/p>\n<p style=\"text-align: right;\">Laurent Lan\u00e7on<\/p>\n<p style=\"text-align: center;\"><a href=\"https:\/\/www.imelasavoie.fr\/wp-content\/uploads\/2018\/12\/ma\u00e9va-le-joli-bois-001.jpg\"><img loading=\"lazy\" decoding=\"async\" class=\"size-medium wp-image-15330 alignleft\" src=\"https:\/\/www.imelasavoie.fr\/wp-content\/uploads\/2018\/12\/ma\u00e9va-le-joli-bois-001-218x300.jpg\" alt=\"\" width=\"218\" height=\"300\" srcset=\"https:\/\/www.imelasavoie.fr\/wp-content\/uploads\/2018\/12\/ma\u00e9va-le-joli-bois-001-218x300.jpg 218w, https:\/\/www.imelasavoie.fr\/wp-content\/uploads\/2018\/12\/ma\u00e9va-le-joli-bois-001-768x1057.jpg 768w, https:\/\/www.imelasavoie.fr\/wp-content\/uploads\/2018\/12\/ma\u00e9va-le-joli-bois-001-744x1024.jpg 744w, https:\/\/www.imelasavoie.fr\/wp-content\/uploads\/2018\/12\/ma\u00e9va-le-joli-bois-001.jpg 1275w\" sizes=\"auto, (max-width: 218px) 100vw, 218px\" \/><\/a><a href=\"https:\/\/www.imelasavoie.fr\/wp-content\/uploads\/2018\/12\/tous-les-chemin-menent-a-Rome-Joshua.jpg\"><img loading=\"lazy\" decoding=\"async\" class=\"size-medium wp-image-15332 alignright\" src=\"https:\/\/www.imelasavoie.fr\/wp-content\/uploads\/2018\/12\/tous-les-chemin-menent-a-Rome-Joshua-213x300.jpg\" alt=\"\" width=\"213\" height=\"300\" srcset=\"https:\/\/www.imelasavoie.fr\/wp-content\/uploads\/2018\/12\/tous-les-chemin-menent-a-Rome-Joshua-213x300.jpg 213w, https:\/\/www.imelasavoie.fr\/wp-content\/uploads\/2018\/12\/tous-les-chemin-menent-a-Rome-Joshua-768x1080.jpg 768w, https:\/\/www.imelasavoie.fr\/wp-content\/uploads\/2018\/12\/tous-les-chemin-menent-a-Rome-Joshua-728x1024.jpg 728w, https:\/\/www.imelasavoie.fr\/wp-content\/uploads\/2018\/12\/tous-les-chemin-menent-a-Rome-Joshua.jpg 1248w\" sizes=\"auto, (max-width: 213px) 100vw, 213px\" \/><\/a><a href=\"https:\/\/www.imelasavoie.fr\/wp-content\/uploads\/2018\/12\/quentin-Le-feu-camp-non-le-camp-brule-e1544108490120.jpg\"><img loading=\"lazy\" decoding=\"async\" class=\"aligncenter size-medium wp-image-15331\" src=\"https:\/\/www.imelasavoie.fr\/wp-content\/uploads\/2018\/12\/quentin-Le-feu-camp-non-le-camp-brule-e1544108490120-300x211.jpg\" alt=\"\" width=\"300\" height=\"211\" srcset=\"https:\/\/www.imelasavoie.fr\/wp-content\/uploads\/2018\/12\/quentin-Le-feu-camp-non-le-camp-brule-e1544108490120-300x211.jpg 300w, https:\/\/www.imelasavoie.fr\/wp-content\/uploads\/2018\/12\/quentin-Le-feu-camp-non-le-camp-brule-e1544108490120-768x539.jpg 768w, https:\/\/www.imelasavoie.fr\/wp-content\/uploads\/2018\/12\/quentin-Le-feu-camp-non-le-camp-brule-e1544108490120-1024x719.jpg 1024w, https:\/\/www.imelasavoie.fr\/wp-content\/uploads\/2018\/12\/quentin-Le-feu-camp-non-le-camp-brule-e1544108490120.jpg 1755w\" sizes=\"auto, (max-width: 300px) 100vw, 300px\" \/><\/a><a href=\"https:\/\/www.imelasavoie.fr\/wp-content\/uploads\/2018\/12\/lesprit-de-lart.jpg\"><img loading=\"lazy\" decoding=\"async\" class=\"size-medium wp-image-15379 alignleft\" src=\"https:\/\/www.imelasavoie.fr\/wp-content\/uploads\/2018\/12\/lesprit-de-lart-214x300.jpg\" alt=\"\" width=\"214\" height=\"300\" srcset=\"https:\/\/www.imelasavoie.fr\/wp-content\/uploads\/2018\/12\/lesprit-de-lart-214x300.jpg 214w, https:\/\/www.imelasavoie.fr\/wp-content\/uploads\/2018\/12\/lesprit-de-lart-768x1077.jpg 768w, https:\/\/www.imelasavoie.fr\/wp-content\/uploads\/2018\/12\/lesprit-de-lart-730x1024.jpg 730w, https:\/\/www.imelasavoie.fr\/wp-content\/uploads\/2018\/12\/lesprit-de-lart.jpg 1232w\" sizes=\"auto, (max-width: 214px) 100vw, 214px\" \/><\/a><a href=\"https:\/\/www.imelasavoie.fr\/wp-content\/uploads\/2018\/12\/d\u00e9luge.jpg\"><img loading=\"lazy\" decoding=\"async\" class=\"size-medium wp-image-15378 alignright\" src=\"https:\/\/www.imelasavoie.fr\/wp-content\/uploads\/2018\/12\/d\u00e9luge-213x300.jpg\" alt=\"\" width=\"213\" height=\"300\" srcset=\"https:\/\/www.imelasavoie.fr\/wp-content\/uploads\/2018\/12\/d\u00e9luge-213x300.jpg 213w, https:\/\/www.imelasavoie.fr\/wp-content\/uploads\/2018\/12\/d\u00e9luge-768x1080.jpg 768w, https:\/\/www.imelasavoie.fr\/wp-content\/uploads\/2018\/12\/d\u00e9luge-728x1024.jpg 728w, https:\/\/www.imelasavoie.fr\/wp-content\/uploads\/2018\/12\/d\u00e9luge.jpg 1248w\" sizes=\"auto, (max-width: 213px) 100vw, 213px\" \/><\/a><\/p>\n<p>\u00a0<\/p>\n<p>\u00a0<\/p>\n<p>\u00a0<\/p>\n<p>\u00a0<\/p>\n<p>\u00a0<\/p>\n<p>\u00a0<\/p>\n<p>\u00a0<\/p>\n<p><a href=\"https:\/\/www.imelasavoie.fr\/wp-content\/uploads\/2018\/12\/tour-de-france-dorian.jpg\"><img loading=\"lazy\" decoding=\"async\" class=\"aligncenter size-medium wp-image-15410\" src=\"https:\/\/www.imelasavoie.fr\/wp-content\/uploads\/2018\/12\/tour-de-france-dorian-300x218.jpg\" alt=\"\" width=\"300\" height=\"218\" srcset=\"https:\/\/www.imelasavoie.fr\/wp-content\/uploads\/2018\/12\/tour-de-france-dorian-300x218.jpg 300w, https:\/\/www.imelasavoie.fr\/wp-content\/uploads\/2018\/12\/tour-de-france-dorian-768x558.jpg 768w, https:\/\/www.imelasavoie.fr\/wp-content\/uploads\/2018\/12\/tour-de-france-dorian-1024x744.jpg 1024w, https:\/\/www.imelasavoie.fr\/wp-content\/uploads\/2018\/12\/tour-de-france-dorian.jpg 1755w\" sizes=\"auto, (max-width: 300px) 100vw, 300px\" \/><\/a><\/p>\n<p style=\"text-align: center;\">Ce travail peut \u00eatre mis en relation avec celui de Gilbert Garcin, photographe et artiste fran\u00e7ais. Plusieurs de ses oeuvres ci-dessous:<\/p>\n<p style=\"text-align: center;\"><a href=\"https:\/\/www.imelasavoie.fr\/wp-content\/uploads\/2018\/11\/4.jpeg\"><img loading=\"lazy\" decoding=\"async\" class=\"size-medium wp-image-15066 alignleft\" src=\"https:\/\/www.imelasavoie.fr\/wp-content\/uploads\/2018\/11\/4-196x300.jpeg\" alt=\"\" width=\"196\" height=\"300\" srcset=\"https:\/\/www.imelasavoie.fr\/wp-content\/uploads\/2018\/11\/4-196x300.jpeg 196w, https:\/\/www.imelasavoie.fr\/wp-content\/uploads\/2018\/11\/4.jpeg 219w\" sizes=\"auto, (max-width: 196px) 100vw, 196px\" \/><\/a><a href=\"https:\/\/www.imelasavoie.fr\/wp-content\/uploads\/2018\/11\/3.jpeg\"><img loading=\"lazy\" decoding=\"async\" class=\"size-medium wp-image-15067 alignright\" src=\"https:\/\/www.imelasavoie.fr\/wp-content\/uploads\/2018\/11\/3-300x207.jpeg\" alt=\"\" width=\"300\" height=\"207\" srcset=\"https:\/\/www.imelasavoie.fr\/wp-content\/uploads\/2018\/11\/3-300x207.jpeg 300w, https:\/\/www.imelasavoie.fr\/wp-content\/uploads\/2018\/11\/3-768x530.jpeg 768w, https:\/\/www.imelasavoie.fr\/wp-content\/uploads\/2018\/11\/3.jpeg 800w\" sizes=\"auto, (max-width: 300px) 100vw, 300px\" \/><\/a><a href=\"https:\/\/www.imelasavoie.fr\/wp-content\/uploads\/2018\/11\/6.jpeg\"><img loading=\"lazy\" decoding=\"async\" class=\"size-medium wp-image-15064 alignright\" src=\"https:\/\/www.imelasavoie.fr\/wp-content\/uploads\/2018\/11\/6-202x300.jpeg\" alt=\"\" width=\"202\" height=\"300\" srcset=\"https:\/\/www.imelasavoie.fr\/wp-content\/uploads\/2018\/11\/6-202x300.jpeg 202w, https:\/\/www.imelasavoie.fr\/wp-content\/uploads\/2018\/11\/6-691x1024.jpeg 691w, https:\/\/www.imelasavoie.fr\/wp-content\/uploads\/2018\/11\/6.jpeg 736w\" sizes=\"auto, (max-width: 202px) 100vw, 202px\" \/><\/a><a href=\"https:\/\/www.imelasavoie.fr\/wp-content\/uploads\/2018\/11\/7.jpg\"><img loading=\"lazy\" decoding=\"async\" class=\"size-medium wp-image-15063 alignleft\" src=\"https:\/\/www.imelasavoie.fr\/wp-content\/uploads\/2018\/11\/7-300x231.jpg\" alt=\"\" width=\"300\" height=\"231\" srcset=\"https:\/\/www.imelasavoie.fr\/wp-content\/uploads\/2018\/11\/7-300x231.jpg 300w, https:\/\/www.imelasavoie.fr\/wp-content\/uploads\/2018\/11\/7.jpg 649w\" sizes=\"auto, (max-width: 300px) 100vw, 300px\" \/><\/a><\/p>\n<p>\u00a0<\/p>\n<p>\u00a0<\/p>\n<p>\u00a0<\/p>\n<p>\u00a0<\/p>\n<p>\u00a0<\/p>\n<p>\u00a0<\/p>\n<p>\u00a0<\/p>\n<p>\u00a0<\/p>\n<p>\u00a0<\/p>\n<p>\u00a0<\/p>\n<p>\u00a0<\/p>\n<p style=\"text-align: center;\"><a href=\"https:\/\/www.imelasavoie.fr\/wp-content\/uploads\/2018\/12\/image002.jpg\"><img loading=\"lazy\" decoding=\"async\" class=\"aligncenter size-medium wp-image-15374\" src=\"https:\/\/www.imelasavoie.fr\/wp-content\/uploads\/2018\/12\/image002-300x223.jpg\" alt=\"\" width=\"300\" height=\"223\" srcset=\"https:\/\/www.imelasavoie.fr\/wp-content\/uploads\/2018\/12\/image002-300x223.jpg 300w, https:\/\/www.imelasavoie.fr\/wp-content\/uploads\/2018\/12\/image002.jpg 516w\" sizes=\"auto, (max-width: 300px) 100vw, 300px\" \/><\/a>La classe Dinamo 2<\/p>\n\n","protected":false},"excerpt":{"rendered":"<p>Bonjour \u00e0 tous, Aujourd&rsquo;hui, un nouveau travail a \u00e9t\u00e9 propos\u00e9 en classe dans le cadre de la recherche dessin que nous menons depuis quelques semaines. Toujours le m\u00eame fonctionnement, un d\u00e9part inducteur avec une seule contrainte : tracer des traits &hellip; <a href=\"https:\/\/www.imelasavoie.fr\/?p=15333\">Continuer la lecture <span class=\"meta-nav\">&rarr;<\/span><\/a><\/p>\n","protected":false},"author":1,"featured_media":0,"comment_status":"open","ping_status":"closed","sticky":false,"template":"","format":"standard","meta":{"footnotes":""},"categories":[48,61,56],"tags":[],"class_list":["post-15333","post","type-post","status-publish","format-standard","hentry","category-actualites","category-dinamo2","category-les-classes-et-ateliers"],"_links":{"self":[{"href":"https:\/\/www.imelasavoie.fr\/index.php?rest_route=\/wp\/v2\/posts\/15333","targetHints":{"allow":["GET"]}}],"collection":[{"href":"https:\/\/www.imelasavoie.fr\/index.php?rest_route=\/wp\/v2\/posts"}],"about":[{"href":"https:\/\/www.imelasavoie.fr\/index.php?rest_route=\/wp\/v2\/types\/post"}],"author":[{"embeddable":true,"href":"https:\/\/www.imelasavoie.fr\/index.php?rest_route=\/wp\/v2\/users\/1"}],"replies":[{"embeddable":true,"href":"https:\/\/www.imelasavoie.fr\/index.php?rest_route=%2Fwp%2Fv2%2Fcomments&post=15333"}],"version-history":[{"count":0,"href":"https:\/\/www.imelasavoie.fr\/index.php?rest_route=\/wp\/v2\/posts\/15333\/revisions"}],"wp:attachment":[{"href":"https:\/\/www.imelasavoie.fr\/index.php?rest_route=%2Fwp%2Fv2%2Fmedia&parent=15333"}],"wp:term":[{"taxonomy":"category","embeddable":true,"href":"https:\/\/www.imelasavoie.fr\/index.php?rest_route=%2Fwp%2Fv2%2Fcategories&post=15333"},{"taxonomy":"post_tag","embeddable":true,"href":"https:\/\/www.imelasavoie.fr\/index.php?rest_route=%2Fwp%2Fv2%2Ftags&post=15333"}],"curies":[{"name":"wp","href":"https:\/\/api.w.org\/{rel}","templated":true}]}}