{"id":15334,"date":"2018-12-06T20:39:47","date_gmt":"2018-12-06T19:39:47","guid":{"rendered":"http:\/\/www.imelasavoie.fr\/?p=15334"},"modified":"2018-12-06T20:39:47","modified_gmt":"2018-12-06T19:39:47","slug":"mathematiques-les-mesures","status":"publish","type":"post","link":"https:\/\/www.imelasavoie.fr\/?p=15334","title":{"rendered":"[ Math\u00e9matiques] Les mesures"},"content":{"rendered":"<p style=\"text-align: center;\"><strong>Mesurer des longueurs<\/strong><\/p>\n<p>Les \u00e9l\u00e8ves de la classe Dinamo 1 ont r\u00e9alis\u00e9 des d\u00e9fis : Mesurer une mine de crayon, mesurer l&rsquo;oreille de Zo\u00e9 et mesurer la taille de R\u00e9my.<\/p>\n<p><a href=\"https:\/\/www.imelasavoie.fr\/wp-content\/uploads\/2018\/12\/DSCN0756.jpg\"><img loading=\"lazy\" decoding=\"async\" class=\"size-medium wp-image-15350 alignleft\" src=\"https:\/\/www.imelasavoie.fr\/wp-content\/uploads\/2018\/12\/DSCN0756-300x225.jpg\" alt=\"\" width=\"300\" height=\"225\" srcset=\"https:\/\/www.imelasavoie.fr\/wp-content\/uploads\/2018\/12\/DSCN0756-300x225.jpg 300w, https:\/\/www.imelasavoie.fr\/wp-content\/uploads\/2018\/12\/DSCN0756-768x576.jpg 768w, https:\/\/www.imelasavoie.fr\/wp-content\/uploads\/2018\/12\/DSCN0756-1024x768.jpg 1024w\" sizes=\"auto, (max-width: 300px) 100vw, 300px\" \/><\/a><a href=\"https:\/\/www.imelasavoie.fr\/wp-content\/uploads\/2018\/12\/DSCN0755.jpg\"><img loading=\"lazy\" decoding=\"async\" class=\"size-medium wp-image-15349 alignnone\" src=\"https:\/\/www.imelasavoie.fr\/wp-content\/uploads\/2018\/12\/DSCN0755-300x225.jpg\" alt=\"\" width=\"300\" height=\"225\" srcset=\"https:\/\/www.imelasavoie.fr\/wp-content\/uploads\/2018\/12\/DSCN0755-300x225.jpg 300w, https:\/\/www.imelasavoie.fr\/wp-content\/uploads\/2018\/12\/DSCN0755-768x576.jpg 768w, https:\/\/www.imelasavoie.fr\/wp-content\/uploads\/2018\/12\/DSCN0755-1024x768.jpg 1024w\" sizes=\"auto, (max-width: 300px) 100vw, 300px\" \/><\/a><\/p>\n<p>Nous avons rassembl\u00e9 les mots de vocabulaire des mesures de longueur. Nous avons mesur\u00e9 ce qui \u00e9tait demand\u00e9, il y a eu quelques erreurs. Il faut faire attention \u00e0 choisir la bonne unit\u00e9 de mesure et \u00e0 bien placer l&rsquo;outil de mesure. Apr\u00e8s quelques recherches, nous avons trouv\u00e9 : R\u00e9my mesure 1 m 75 (premi\u00e8re mesure 230 mm), l&rsquo;oreille de Zo\u00e9 mesure 5 cm (premi\u00e8re mesure 2 cm) et enfin une mine de crayon mesure 3 mm.<\/p>\n<p>Alexandra, Oc\u00e9ane, Elysa, R\u00e9my, Ludivine et Zo\u00e9<\/p>\n","protected":false},"excerpt":{"rendered":"<p>Mesurer des longueurs Les \u00e9l\u00e8ves de la classe Dinamo 1 ont r\u00e9alis\u00e9 des d\u00e9fis : Mesurer une mine de crayon, mesurer l&rsquo;oreille de Zo\u00e9 et mesurer la taille de R\u00e9my. Nous avons rassembl\u00e9 les mots de vocabulaire des mesures de &hellip; <a href=\"https:\/\/www.imelasavoie.fr\/?p=15334\">Continuer la lecture <span class=\"meta-nav\">&rarr;<\/span><\/a><\/p>\n","protected":false},"author":1,"featured_media":0,"comment_status":"open","ping_status":"closed","sticky":false,"template":"","format":"standard","meta":{"footnotes":""},"categories":[48,59],"tags":[111],"class_list":["post-15334","post","type-post","status-publish","format-standard","hentry","category-actualites","category-dinamo1","tag-mathematiques"],"_links":{"self":[{"href":"https:\/\/www.imelasavoie.fr\/index.php?rest_route=\/wp\/v2\/posts\/15334","targetHints":{"allow":["GET"]}}],"collection":[{"href":"https:\/\/www.imelasavoie.fr\/index.php?rest_route=\/wp\/v2\/posts"}],"about":[{"href":"https:\/\/www.imelasavoie.fr\/index.php?rest_route=\/wp\/v2\/types\/post"}],"author":[{"embeddable":true,"href":"https:\/\/www.imelasavoie.fr\/index.php?rest_route=\/wp\/v2\/users\/1"}],"replies":[{"embeddable":true,"href":"https:\/\/www.imelasavoie.fr\/index.php?rest_route=%2Fwp%2Fv2%2Fcomments&post=15334"}],"version-history":[{"count":0,"href":"https:\/\/www.imelasavoie.fr\/index.php?rest_route=\/wp\/v2\/posts\/15334\/revisions"}],"wp:attachment":[{"href":"https:\/\/www.imelasavoie.fr\/index.php?rest_route=%2Fwp%2Fv2%2Fmedia&parent=15334"}],"wp:term":[{"taxonomy":"category","embeddable":true,"href":"https:\/\/www.imelasavoie.fr\/index.php?rest_route=%2Fwp%2Fv2%2Fcategories&post=15334"},{"taxonomy":"post_tag","embeddable":true,"href":"https:\/\/www.imelasavoie.fr\/index.php?rest_route=%2Fwp%2Fv2%2Ftags&post=15334"}],"curies":[{"name":"wp","href":"https:\/\/api.w.org\/{rel}","templated":true}]}}