{"id":15981,"date":"2019-02-26T10:20:56","date_gmt":"2019-02-26T09:20:56","guid":{"rendered":"http:\/\/www.imelasavoie.fr\/?p=15981"},"modified":"2019-02-26T10:20:58","modified_gmt":"2019-02-26T09:20:58","slug":"cfg-partie-3-par-lucie","status":"publish","type":"post","link":"https:\/\/www.imelasavoie.fr\/?p=15981","title":{"rendered":"[ CFG ] Partie 3 par Lucie"},"content":{"rendered":"\n<p style=\"text-align:center\">Je vais vous pr\u00e9senter un exercice en atelier service hygi\u00e8ne des locaux : <\/p>\n\n\n\n<p style=\"text-align:center\"><strong>Le lavage des lavabos. <\/strong><\/p>\n\n\n\n<p>Il faut faire attention \u00e0 ne pas verser du produit par terre car cela peut tacher le sol.<\/p>\n\n\n\n<p><strong>1. Avant l\u2019activit\u00e9 :<\/strong> Avant de partir faire le m\u00e9nage, je me pr\u00e9pare et je pr\u00e9pare mon chariot. J\u2019enfile un pantalon blanc et une tunique. <\/p>\n\n\n\n<div class=\"wp-block-image\"><figure class=\"alignleft is-resized\"><img loading=\"lazy\" decoding=\"async\" src=\"https:\/\/www.imelasavoie.fr\/wp-content\/uploads\/2019\/02\/blouse-shl.jpg\" alt=\"Cette image a un attribut alt vide\u00a0; le nom du fichier est blouse-shl.jpg\" width=\"176\" height=\"225\"\/><figcaption> <br> <\/figcaption><\/figure><\/div>\n\n\n\n<div class=\"wp-block-image\"><figure class=\"aligncenter is-resized\"><img loading=\"lazy\" decoding=\"async\" src=\"https:\/\/www.imelasavoie.fr\/wp-content\/uploads\/2019\/02\/chaussures-de-s\u00e9curit\u00e9-shl.jpg\" alt=\"Cette image a un attribut alt vide\u00a0; le nom du fichier est chaussures-de-s\u00e9curit\u00e9-shl.jpg\" width=\"215\" height=\"215\"\/><\/figure><\/div>\n\n\n\n<p><\/p>\n\n\n\n<p>Je mets mes chaussures de s\u00e9curit\u00e9. Je m\u2019attache les cheveux. Je range les lavettes dans un casier du chariot. Chaque lavette a une couleur : La lavette rose est pour nettoyer les toilettes, la lavette bleue est pour nettoyer les tables et les chaises, la lavette verte est pour d\u00e9poussi\u00e9rer et la lavette jaune pour nettoyer les miroirs et la salle de bain.<\/p>\n\n\n\n<div class=\"wp-block-image\"><figure class=\"aligncenter\"><img decoding=\"async\" src=\"https:\/\/encrypted-tbn0.gstatic.com\/images?q=tbn:ANd9GcS8xOsKYF7m2QY-oVRDCTO_6tte_vpPA5X2lYESsntdJRSWqUVuHg\" alt=\"https:\/\/encrypted-tbn0.gstatic.com\/images?q=tbn:ANd9GcS8xOsKYF7m2QY-oVRDCTO_6tte_vpPA5X2lYESsntdJRSWqUVuHg\"\/><\/figure><\/div>\n\n\n\n<p>Apr\u00e8s, j\u2019ajoute des sacs poubelles blancs ou noirs dans le m\u00eame casier. Je pose dans le casier du bas des produits pour laver les lavabos et les toilettes. Ensuite, je mets la pelle et la balayette tout en bas du chariot et j\u2019installe le balai trap\u00e8ze dans un seau rouge.<\/p>\n\n\n\n<p>2. <strong>Pendant l\u2019activit\u00e9<\/strong> : Pour laver les lavabos, je prends une lavette et le produit qui est dans un vaporisateur. J\u2018attends que le produit agisse et apr\u00e8s je prends la lavette pour nettoyer les lavabos et les miroirs. Parfois, je lave les miroirs dans les chambres du groupe d\u2019internat ou des toilettes.<\/p>\n\n\n\n<p>3. <strong>A la fin de l\u2019activit\u00e9<\/strong> : Quand j\u2019ai fini de faire le m\u00e9nage, je rentre dans la salle d\u2019atelier et puis je mets les lavettes dans une corbeille. Apr\u00e8s, on les met dans le linge sale. Parfois, je mets la machine \u00e0 laver en route. Pour chaque couleur de lavette correspond un bac de la m\u00eame couleur. A la fin, je range donc les lavettes dans les bacs.<\/p>\n","protected":false},"excerpt":{"rendered":"<p>Je vais vous pr\u00e9senter un exercice en atelier service hygi\u00e8ne des locaux : Le lavage des lavabos. Il faut faire attention \u00e0 ne pas verser du produit par terre car cela peut tacher le sol. 1. Avant l\u2019activit\u00e9 : Avant &hellip; <a href=\"https:\/\/www.imelasavoie.fr\/?p=15981\">Continuer la lecture <span class=\"meta-nav\">&rarr;<\/span><\/a><\/p>\n","protected":false},"author":1,"featured_media":0,"comment_status":"open","ping_status":"closed","sticky":false,"template":"","format":"standard","meta":{"footnotes":""},"categories":[48,59,56],"tags":[210],"class_list":["post-15981","post","type-post","status-publish","format-standard","hentry","category-actualites","category-dinamo1","category-les-classes-et-ateliers","tag-cfg"],"_links":{"self":[{"href":"https:\/\/www.imelasavoie.fr\/index.php?rest_route=\/wp\/v2\/posts\/15981","targetHints":{"allow":["GET"]}}],"collection":[{"href":"https:\/\/www.imelasavoie.fr\/index.php?rest_route=\/wp\/v2\/posts"}],"about":[{"href":"https:\/\/www.imelasavoie.fr\/index.php?rest_route=\/wp\/v2\/types\/post"}],"author":[{"embeddable":true,"href":"https:\/\/www.imelasavoie.fr\/index.php?rest_route=\/wp\/v2\/users\/1"}],"replies":[{"embeddable":true,"href":"https:\/\/www.imelasavoie.fr\/index.php?rest_route=%2Fwp%2Fv2%2Fcomments&post=15981"}],"version-history":[{"count":0,"href":"https:\/\/www.imelasavoie.fr\/index.php?rest_route=\/wp\/v2\/posts\/15981\/revisions"}],"wp:attachment":[{"href":"https:\/\/www.imelasavoie.fr\/index.php?rest_route=%2Fwp%2Fv2%2Fmedia&parent=15981"}],"wp:term":[{"taxonomy":"category","embeddable":true,"href":"https:\/\/www.imelasavoie.fr\/index.php?rest_route=%2Fwp%2Fv2%2Fcategories&post=15981"},{"taxonomy":"post_tag","embeddable":true,"href":"https:\/\/www.imelasavoie.fr\/index.php?rest_route=%2Fwp%2Fv2%2Ftags&post=15981"}],"curies":[{"name":"wp","href":"https:\/\/api.w.org\/{rel}","templated":true}]}}