{"id":15986,"date":"2019-01-16T13:58:13","date_gmt":"2019-01-16T12:58:13","guid":{"rendered":"http:\/\/www.imelasavoie.fr\/?p=15986"},"modified":"2019-01-17T11:19:42","modified_gmt":"2019-01-17T10:19:42","slug":"dictee-la-suite-des-aventures-de-pauline-et-le-chasseur","status":"publish","type":"post","link":"https:\/\/www.imelasavoie.fr\/?p=15986","title":{"rendered":"[ Dict\u00e9e ] La suite des aventures de Pauline et le chasseur"},"content":{"rendered":"<p>La classe Dinamo1 invente depuis le d\u00e9but de l&rsquo;ann\u00e9e une histoire, pour ensuite faire une dict\u00e9e cach\u00e9e.<\/p>\n<p>Voici le d\u00e9but:<\/p>\n<p><a href=\"https:\/\/www.imelasavoie.fr\/?p=14391\">https:\/\/www.imelasavoie.fr\/?p=14391<\/a><\/p>\n<p>Voil\u00e0 la suite:<\/p>\n<p>Pauline, le chasseur et le chien, d&rsquo;un pas d\u00e9cid\u00e9, entrent dans la grotte. Une lumi\u00e8re puissante les \u00e9blouit. Le chasseur et Pauline avancent en direction du cri terrifiant. Soudain, ils distinguent une silhouette dans la nuit qui se d\u00e9place lentement.<\/p>\n<p>Alors, Pauline et le chasseur commencent \u00e0 angoisser. Ils se jettent dans les bras l&rsquo;un de l&rsquo;autre. Mais ils glissent dans une flaque de boue et les partenaires ressemblent alors \u00e0 des monstres gluants.<\/p>\n<p>Pauline et le chasseur se rel\u00e8vent et partent \u00e0 la recherche du chien. Ils retrouvent ensuite le chien qui \u00e9tait cach\u00e9 dans un terrier de renard. Mais, l&rsquo;animal est effray\u00e9 et se met \u00e0 cavaler bruyamment. Pauline et le chasseur voient alors passer le renard suivi par le chien. Ils disparaissent ensuite dans l&rsquo;obscurit\u00e9 de la for\u00eat.<\/p>\n<p>Soudain, des lumi\u00e8res s&rsquo;allument en direction du lac et un chemin apparait. Ils d\u00e9cident de suivre ce sentier en marchant tout doucement. Au bout du chemin, Pauline et le chasseur aboutissent sur une des rives du lac. Peu \u00e0 peu des bruits inqui\u00e9tants se font entendre de plus en plus fort. Pauline et le chasseur sont affol\u00e9s. Ils paniquent et tombent dans l&rsquo;eau glac\u00e9e du lac. Ils finissent congel\u00e9s comme des gla\u00e7ons.<\/p>\n<p>Un si\u00e8cle plus tard, la glace fond et ils se r\u00e9veillent brusquement. Le soleil est revenu. Pendant cent ans, l&rsquo;humanit\u00e9 toute enti\u00e8re \u00e9tait prise dans la glace.<\/p>\n<p>Mais qu&rsquo;en est il du gardien de la nuit ?<\/p>\n<p>La personne en question souffre d&rsquo;allergie au soleil. Il n&rsquo;aime pas la lumi\u00e8re, il reste dans sa grotte en attendant de pouvoir terrifier des \u00eatres vivants. Pendant cent ans, il s&rsquo;est beaucoup ennuy\u00e9 et il a fini par lib\u00e9rer le soleil.<\/p>\n<p>La classe Dinamo 1<\/p>\n","protected":false},"excerpt":{"rendered":"<p>La classe Dinamo1 invente depuis le d\u00e9but de l&rsquo;ann\u00e9e une histoire, pour ensuite faire une dict\u00e9e cach\u00e9e. Voici le d\u00e9but: https:\/\/www.imelasavoie.fr\/?p=14391 Voil\u00e0 la suite: Pauline, le chasseur et le chien, d&rsquo;un pas d\u00e9cid\u00e9, entrent dans la grotte. Une lumi\u00e8re puissante &hellip; <a href=\"https:\/\/www.imelasavoie.fr\/?p=15986\">Continuer la lecture <span class=\"meta-nav\">&rarr;<\/span><\/a><\/p>\n","protected":false},"author":13,"featured_media":0,"comment_status":"open","ping_status":"closed","sticky":false,"template":"","format":"standard","meta":{"footnotes":""},"categories":[48,59],"tags":[],"class_list":["post-15986","post","type-post","status-publish","format-standard","hentry","category-actualites","category-dinamo1"],"_links":{"self":[{"href":"https:\/\/www.imelasavoie.fr\/index.php?rest_route=\/wp\/v2\/posts\/15986","targetHints":{"allow":["GET"]}}],"collection":[{"href":"https:\/\/www.imelasavoie.fr\/index.php?rest_route=\/wp\/v2\/posts"}],"about":[{"href":"https:\/\/www.imelasavoie.fr\/index.php?rest_route=\/wp\/v2\/types\/post"}],"author":[{"embeddable":true,"href":"https:\/\/www.imelasavoie.fr\/index.php?rest_route=\/wp\/v2\/users\/13"}],"replies":[{"embeddable":true,"href":"https:\/\/www.imelasavoie.fr\/index.php?rest_route=%2Fwp%2Fv2%2Fcomments&post=15986"}],"version-history":[{"count":0,"href":"https:\/\/www.imelasavoie.fr\/index.php?rest_route=\/wp\/v2\/posts\/15986\/revisions"}],"wp:attachment":[{"href":"https:\/\/www.imelasavoie.fr\/index.php?rest_route=%2Fwp%2Fv2%2Fmedia&parent=15986"}],"wp:term":[{"taxonomy":"category","embeddable":true,"href":"https:\/\/www.imelasavoie.fr\/index.php?rest_route=%2Fwp%2Fv2%2Fcategories&post=15986"},{"taxonomy":"post_tag","embeddable":true,"href":"https:\/\/www.imelasavoie.fr\/index.php?rest_route=%2Fwp%2Fv2%2Ftags&post=15986"}],"curies":[{"name":"wp","href":"https:\/\/api.w.org\/{rel}","templated":true}]}}