{"id":16064,"date":"2019-01-17T16:59:06","date_gmt":"2019-01-17T15:59:06","guid":{"rendered":"http:\/\/www.imelasavoie.fr\/?p=16064"},"modified":"2019-01-21T17:51:36","modified_gmt":"2019-01-21T16:51:36","slug":"arts-visuels-le-stylo-bille-noir","status":"publish","type":"post","link":"https:\/\/www.imelasavoie.fr\/?p=16064","title":{"rendered":"[Arts visuels] Le stylo bille noir&#8230;"},"content":{"rendered":"\n<p>Bonjour \u00e0 tous,<\/p>\n\n\n\n<p>Aujourd&rsquo;hui, nous avons test\u00e9 le dessin libre avec le stylo bille noir. La seule consigne laisser parler le stylo et lui faire confiance. Pas mal non ? <\/p>\n\n\n\n<p>Des moments incroyables en groupe o\u00f9 l&rsquo;on entend que les crayons sur les feuille comme un langage sourd entre nous. Comme sous la mer, au fond. De temps en temps, l&rsquo;un sort la t\u00eate de l&rsquo;eau pour partager sa trouvaille et envoyer un \u00e9cho. C&rsquo;est bon, il y du monde et replonge aussit\u00f4t. <\/p>\n\n\n\n<p>Voil\u00e0 le langage dessin qui prend forme petit \u00e0 petit. Et \u00e7a fait du bien. Laurent Lan\u00e7on<\/p>\n\n\n\n<figure class=\"wp-block-image\"><img loading=\"lazy\" decoding=\"async\" width=\"744\" height=\"1024\" src=\"https:\/\/www.imelasavoie.fr\/wp-content\/uploads\/2019\/01\/le-serpent-qui-pique-744x1024.jpg\" alt=\"\" class=\"wp-image-16042\" srcset=\"https:\/\/www.imelasavoie.fr\/wp-content\/uploads\/2019\/01\/le-serpent-qui-pique-744x1024.jpg 744w, https:\/\/www.imelasavoie.fr\/wp-content\/uploads\/2019\/01\/le-serpent-qui-pique-218x300.jpg 218w, https:\/\/www.imelasavoie.fr\/wp-content\/uploads\/2019\/01\/le-serpent-qui-pique-768x1057.jpg 768w, https:\/\/www.imelasavoie.fr\/wp-content\/uploads\/2019\/01\/le-serpent-qui-pique.jpg 1275w\" sizes=\"auto, (max-width: 744px) 100vw, 744px\" \/><\/figure>\n\n\n\n<figure class=\"wp-block-image\"><img loading=\"lazy\" decoding=\"async\" width=\"744\" height=\"1024\" src=\"https:\/\/www.imelasavoie.fr\/wp-content\/uploads\/2019\/01\/La-main-avec-des-petites-filles-744x1024.jpg\" alt=\"\" class=\"wp-image-16039\" srcset=\"https:\/\/www.imelasavoie.fr\/wp-content\/uploads\/2019\/01\/La-main-avec-des-petites-filles-744x1024.jpg 744w, https:\/\/www.imelasavoie.fr\/wp-content\/uploads\/2019\/01\/La-main-avec-des-petites-filles-218x300.jpg 218w, https:\/\/www.imelasavoie.fr\/wp-content\/uploads\/2019\/01\/La-main-avec-des-petites-filles-768x1057.jpg 768w, https:\/\/www.imelasavoie.fr\/wp-content\/uploads\/2019\/01\/La-main-avec-des-petites-filles.jpg 1275w\" sizes=\"auto, (max-width: 744px) 100vw, 744px\" \/><\/figure>\n\n\n\n<figure class=\"wp-block-image\"><img loading=\"lazy\" decoding=\"async\" width=\"1024\" height=\"744\" src=\"https:\/\/www.imelasavoie.fr\/wp-content\/uploads\/2019\/01\/un-tracteur-recule-dans-leau-quentin-e1547740677248-1024x744.jpg\" alt=\"\" class=\"wp-image-16044\" srcset=\"https:\/\/www.imelasavoie.fr\/wp-content\/uploads\/2019\/01\/un-tracteur-recule-dans-leau-quentin-e1547740677248-1024x744.jpg 1024w, https:\/\/www.imelasavoie.fr\/wp-content\/uploads\/2019\/01\/un-tracteur-recule-dans-leau-quentin-e1547740677248-300x218.jpg 300w, https:\/\/www.imelasavoie.fr\/wp-content\/uploads\/2019\/01\/un-tracteur-recule-dans-leau-quentin-e1547740677248-768x558.jpg 768w, https:\/\/www.imelasavoie.fr\/wp-content\/uploads\/2019\/01\/un-tracteur-recule-dans-leau-quentin-e1547740677248.jpg 1755w\" sizes=\"auto, (max-width: 1024px) 100vw, 1024px\" \/><\/figure>\n\n\n\n<figure class=\"wp-block-image\"><img loading=\"lazy\" decoding=\"async\" width=\"744\" height=\"1024\" src=\"https:\/\/www.imelasavoie.fr\/wp-content\/uploads\/2019\/01\/un-m\u00e9chant-monstre-qui-fait-peur-et-qui-voulait-me-manger-Arthur-744x1024.jpg\" alt=\"\" class=\"wp-image-16043\" srcset=\"https:\/\/www.imelasavoie.fr\/wp-content\/uploads\/2019\/01\/un-m\u00e9chant-monstre-qui-fait-peur-et-qui-voulait-me-manger-Arthur-744x1024.jpg 744w, https:\/\/www.imelasavoie.fr\/wp-content\/uploads\/2019\/01\/un-m\u00e9chant-monstre-qui-fait-peur-et-qui-voulait-me-manger-Arthur-218x300.jpg 218w, https:\/\/www.imelasavoie.fr\/wp-content\/uploads\/2019\/01\/un-m\u00e9chant-monstre-qui-fait-peur-et-qui-voulait-me-manger-Arthur-768x1057.jpg 768w, https:\/\/www.imelasavoie.fr\/wp-content\/uploads\/2019\/01\/un-m\u00e9chant-monstre-qui-fait-peur-et-qui-voulait-me-manger-Arthur.jpg 1275w\" sizes=\"auto, (max-width: 744px) 100vw, 744px\" \/><\/figure>\n\n\n\n<figure class=\"wp-block-image\"><img loading=\"lazy\" decoding=\"async\" width=\"744\" height=\"1024\" src=\"https:\/\/www.imelasavoie.fr\/wp-content\/uploads\/2019\/01\/vaisseau-spatial-744x1024.jpg\" alt=\"\" class=\"wp-image-16045\" srcset=\"https:\/\/www.imelasavoie.fr\/wp-content\/uploads\/2019\/01\/vaisseau-spatial-744x1024.jpg 744w, https:\/\/www.imelasavoie.fr\/wp-content\/uploads\/2019\/01\/vaisseau-spatial-218x300.jpg 218w, https:\/\/www.imelasavoie.fr\/wp-content\/uploads\/2019\/01\/vaisseau-spatial-768x1057.jpg 768w, https:\/\/www.imelasavoie.fr\/wp-content\/uploads\/2019\/01\/vaisseau-spatial.jpg 1275w\" sizes=\"auto, (max-width: 744px) 100vw, 744px\" \/><\/figure>\n\n\n\n<figure class=\"wp-block-image\"><img loading=\"lazy\" decoding=\"async\" width=\"744\" height=\"1024\" src=\"https:\/\/www.imelasavoie.fr\/wp-content\/uploads\/2019\/01\/la-personne-qui-reve-dans-les-nuages-colline-744x1024.jpg\" alt=\"\" class=\"wp-image-16132\" srcset=\"https:\/\/www.imelasavoie.fr\/wp-content\/uploads\/2019\/01\/la-personne-qui-reve-dans-les-nuages-colline-744x1024.jpg 744w, https:\/\/www.imelasavoie.fr\/wp-content\/uploads\/2019\/01\/la-personne-qui-reve-dans-les-nuages-colline-218x300.jpg 218w, https:\/\/www.imelasavoie.fr\/wp-content\/uploads\/2019\/01\/la-personne-qui-reve-dans-les-nuages-colline-768x1057.jpg 768w, https:\/\/www.imelasavoie.fr\/wp-content\/uploads\/2019\/01\/la-personne-qui-reve-dans-les-nuages-colline.jpg 1275w\" sizes=\"auto, (max-width: 744px) 100vw, 744px\" \/><\/figure>\n\n\n\n<figure class=\"wp-block-image\"><img loading=\"lazy\" decoding=\"async\" width=\"749\" height=\"1024\" src=\"https:\/\/www.imelasavoie.fr\/wp-content\/uploads\/2019\/01\/un-bonhomme-dans-une-guilande-de-nuage-749x1024.jpg\" alt=\"\" class=\"wp-image-16131\" srcset=\"https:\/\/www.imelasavoie.fr\/wp-content\/uploads\/2019\/01\/un-bonhomme-dans-une-guilande-de-nuage-749x1024.jpg 749w, https:\/\/www.imelasavoie.fr\/wp-content\/uploads\/2019\/01\/un-bonhomme-dans-une-guilande-de-nuage-219x300.jpg 219w, https:\/\/www.imelasavoie.fr\/wp-content\/uploads\/2019\/01\/un-bonhomme-dans-une-guilande-de-nuage-768x1051.jpg 768w, https:\/\/www.imelasavoie.fr\/wp-content\/uploads\/2019\/01\/un-bonhomme-dans-une-guilande-de-nuage.jpg 1275w\" sizes=\"auto, (max-width: 749px) 100vw, 749px\" \/><\/figure>\n\n\n\n<figure class=\"wp-block-image\"><img loading=\"lazy\" decoding=\"async\" width=\"744\" height=\"1024\" src=\"https:\/\/www.imelasavoie.fr\/wp-content\/uploads\/2019\/01\/loiseau-de-la-vie-744x1024.jpg\" alt=\"\" class=\"wp-image-16130\" srcset=\"https:\/\/www.imelasavoie.fr\/wp-content\/uploads\/2019\/01\/loiseau-de-la-vie-744x1024.jpg 744w, https:\/\/www.imelasavoie.fr\/wp-content\/uploads\/2019\/01\/loiseau-de-la-vie-218x300.jpg 218w, https:\/\/www.imelasavoie.fr\/wp-content\/uploads\/2019\/01\/loiseau-de-la-vie-768x1057.jpg 768w, https:\/\/www.imelasavoie.fr\/wp-content\/uploads\/2019\/01\/loiseau-de-la-vie.jpg 1275w\" sizes=\"auto, (max-width: 744px) 100vw, 744px\" \/><\/figure>\n\n\n\n<figure class=\"wp-block-image\"><img loading=\"lazy\" decoding=\"async\" width=\"1024\" height=\"744\" src=\"https:\/\/www.imelasavoie.fr\/wp-content\/uploads\/2019\/01\/Le-paysage-en-feu-quentin-1024x744.jpg\" alt=\"\" class=\"wp-image-16154\" srcset=\"https:\/\/www.imelasavoie.fr\/wp-content\/uploads\/2019\/01\/Le-paysage-en-feu-quentin-1024x744.jpg 1024w, https:\/\/www.imelasavoie.fr\/wp-content\/uploads\/2019\/01\/Le-paysage-en-feu-quentin-300x218.jpg 300w, https:\/\/www.imelasavoie.fr\/wp-content\/uploads\/2019\/01\/Le-paysage-en-feu-quentin-768x558.jpg 768w, https:\/\/www.imelasavoie.fr\/wp-content\/uploads\/2019\/01\/Le-paysage-en-feu-quentin.jpg 1755w\" sizes=\"auto, (max-width: 1024px) 100vw, 1024px\" \/><\/figure>\n","protected":false},"excerpt":{"rendered":"<p>Bonjour \u00e0 tous, Aujourd&rsquo;hui, nous avons test\u00e9 le dessin libre avec le stylo bille noir. La seule consigne laisser parler le stylo et lui faire confiance. Pas mal non ? Des moments incroyables en groupe o\u00f9 l&rsquo;on entend que les &hellip; <a href=\"https:\/\/www.imelasavoie.fr\/?p=16064\">Continuer la lecture <span class=\"meta-nav\">&rarr;<\/span><\/a><\/p>\n","protected":false},"author":1,"featured_media":0,"comment_status":"open","ping_status":"closed","sticky":false,"template":"","format":"standard","meta":{"footnotes":""},"categories":[48,61,56],"tags":[],"class_list":["post-16064","post","type-post","status-publish","format-standard","hentry","category-actualites","category-dinamo2","category-les-classes-et-ateliers"],"_links":{"self":[{"href":"https:\/\/www.imelasavoie.fr\/index.php?rest_route=\/wp\/v2\/posts\/16064","targetHints":{"allow":["GET"]}}],"collection":[{"href":"https:\/\/www.imelasavoie.fr\/index.php?rest_route=\/wp\/v2\/posts"}],"about":[{"href":"https:\/\/www.imelasavoie.fr\/index.php?rest_route=\/wp\/v2\/types\/post"}],"author":[{"embeddable":true,"href":"https:\/\/www.imelasavoie.fr\/index.php?rest_route=\/wp\/v2\/users\/1"}],"replies":[{"embeddable":true,"href":"https:\/\/www.imelasavoie.fr\/index.php?rest_route=%2Fwp%2Fv2%2Fcomments&post=16064"}],"version-history":[{"count":0,"href":"https:\/\/www.imelasavoie.fr\/index.php?rest_route=\/wp\/v2\/posts\/16064\/revisions"}],"wp:attachment":[{"href":"https:\/\/www.imelasavoie.fr\/index.php?rest_route=%2Fwp%2Fv2%2Fmedia&parent=16064"}],"wp:term":[{"taxonomy":"category","embeddable":true,"href":"https:\/\/www.imelasavoie.fr\/index.php?rest_route=%2Fwp%2Fv2%2Fcategories&post=16064"},{"taxonomy":"post_tag","embeddable":true,"href":"https:\/\/www.imelasavoie.fr\/index.php?rest_route=%2Fwp%2Fv2%2Ftags&post=16064"}],"curies":[{"name":"wp","href":"https:\/\/api.w.org\/{rel}","templated":true}]}}