{"id":16085,"date":"2019-01-17T17:21:08","date_gmt":"2019-01-17T16:21:08","guid":{"rendered":"http:\/\/www.imelasavoie.fr\/?p=16085"},"modified":"2019-01-18T21:56:03","modified_gmt":"2019-01-18T20:56:03","slug":"sortie-ski-de-fond-chouette-les-mardis-cest-ski","status":"publish","type":"post","link":"https:\/\/www.imelasavoie.fr\/?p=16085","title":{"rendered":"[Sortie ski de fond] Chouette, les mardis, c&rsquo;est ski ;-)"},"content":{"rendered":"\n<p>Voici les premi\u00e8res photos de la premi\u00e8re sortie ski de fond. Nous n&rsquo;avons pas eu le temps de r\u00e9diger un texte pour pr\u00e9senter l&rsquo;\u00e9v\u00e8nement. Et oui, la neige qui tombe en hiver devient un petit \u00e9v\u00e8nement malheureusement&#8230; Elle \u00e9tait attendue ! Elle est l\u00e0 ! Chouette, les mardis, on skie !<\/p>\n\n\n\n<figure class=\"wp-block-image\"><img loading=\"lazy\" decoding=\"async\" width=\"1024\" height=\"768\" src=\"https:\/\/www.imelasavoie.fr\/wp-content\/uploads\/2019\/01\/DSCN1003-1024x768.jpg\" alt=\"\" class=\"wp-image-16046\" srcset=\"https:\/\/www.imelasavoie.fr\/wp-content\/uploads\/2019\/01\/DSCN1003-1024x768.jpg 1024w, https:\/\/www.imelasavoie.fr\/wp-content\/uploads\/2019\/01\/DSCN1003-300x225.jpg 300w, https:\/\/www.imelasavoie.fr\/wp-content\/uploads\/2019\/01\/DSCN1003-768x576.jpg 768w\" sizes=\"auto, (max-width: 1024px) 100vw, 1024px\" \/><\/figure>\n\n\n\n<figure class=\"wp-block-image\"><img loading=\"lazy\" decoding=\"async\" width=\"1024\" height=\"768\" src=\"https:\/\/www.imelasavoie.fr\/wp-content\/uploads\/2019\/01\/DSCN1005-1024x768.jpg\" alt=\"\" class=\"wp-image-16047\" srcset=\"https:\/\/www.imelasavoie.fr\/wp-content\/uploads\/2019\/01\/DSCN1005-1024x768.jpg 1024w, https:\/\/www.imelasavoie.fr\/wp-content\/uploads\/2019\/01\/DSCN1005-300x225.jpg 300w, https:\/\/www.imelasavoie.fr\/wp-content\/uploads\/2019\/01\/DSCN1005-768x576.jpg 768w\" sizes=\"auto, (max-width: 1024px) 100vw, 1024px\" \/><\/figure>\n\n\n\n<figure class=\"wp-block-image\"><img loading=\"lazy\" decoding=\"async\" width=\"1024\" height=\"768\" src=\"https:\/\/www.imelasavoie.fr\/wp-content\/uploads\/2019\/01\/DSCN1006-1024x768.jpg\" alt=\"\" class=\"wp-image-16048\" srcset=\"https:\/\/www.imelasavoie.fr\/wp-content\/uploads\/2019\/01\/DSCN1006-1024x768.jpg 1024w, https:\/\/www.imelasavoie.fr\/wp-content\/uploads\/2019\/01\/DSCN1006-300x225.jpg 300w, https:\/\/www.imelasavoie.fr\/wp-content\/uploads\/2019\/01\/DSCN1006-768x576.jpg 768w\" sizes=\"auto, (max-width: 1024px) 100vw, 1024px\" \/><\/figure>\n\n\n\n<figure class=\"wp-block-image\"><img loading=\"lazy\" decoding=\"async\" width=\"1024\" height=\"768\" src=\"https:\/\/www.imelasavoie.fr\/wp-content\/uploads\/2019\/01\/DSCN1007-1024x768.jpg\" alt=\"\" class=\"wp-image-16051\" srcset=\"https:\/\/www.imelasavoie.fr\/wp-content\/uploads\/2019\/01\/DSCN1007-1024x768.jpg 1024w, https:\/\/www.imelasavoie.fr\/wp-content\/uploads\/2019\/01\/DSCN1007-300x225.jpg 300w, https:\/\/www.imelasavoie.fr\/wp-content\/uploads\/2019\/01\/DSCN1007-768x576.jpg 768w\" sizes=\"auto, (max-width: 1024px) 100vw, 1024px\" \/><\/figure>\n\n\n\n<figure class=\"wp-block-image\"><img loading=\"lazy\" decoding=\"async\" width=\"1024\" height=\"768\" src=\"https:\/\/www.imelasavoie.fr\/wp-content\/uploads\/2019\/01\/DSCN1008-1024x768.jpg\" alt=\"\" class=\"wp-image-16052\" srcset=\"https:\/\/www.imelasavoie.fr\/wp-content\/uploads\/2019\/01\/DSCN1008-1024x768.jpg 1024w, https:\/\/www.imelasavoie.fr\/wp-content\/uploads\/2019\/01\/DSCN1008-300x225.jpg 300w, https:\/\/www.imelasavoie.fr\/wp-content\/uploads\/2019\/01\/DSCN1008-768x576.jpg 768w\" sizes=\"auto, (max-width: 1024px) 100vw, 1024px\" \/><\/figure>\n\n\n\n<figure class=\"wp-block-image\"><img loading=\"lazy\" decoding=\"async\" width=\"1024\" height=\"768\" src=\"https:\/\/www.imelasavoie.fr\/wp-content\/uploads\/2019\/01\/DSCN1010-1024x768.jpg\" alt=\"\" class=\"wp-image-16055\" srcset=\"https:\/\/www.imelasavoie.fr\/wp-content\/uploads\/2019\/01\/DSCN1010-1024x768.jpg 1024w, https:\/\/www.imelasavoie.fr\/wp-content\/uploads\/2019\/01\/DSCN1010-300x225.jpg 300w, https:\/\/www.imelasavoie.fr\/wp-content\/uploads\/2019\/01\/DSCN1010-768x576.jpg 768w\" sizes=\"auto, (max-width: 1024px) 100vw, 1024px\" \/><\/figure>\n\n\n\n<figure class=\"wp-block-image\"><img loading=\"lazy\" decoding=\"async\" width=\"1024\" height=\"768\" src=\"https:\/\/www.imelasavoie.fr\/wp-content\/uploads\/2019\/01\/DSCN1011-1024x768.jpg\" alt=\"\" class=\"wp-image-16056\" srcset=\"https:\/\/www.imelasavoie.fr\/wp-content\/uploads\/2019\/01\/DSCN1011-1024x768.jpg 1024w, https:\/\/www.imelasavoie.fr\/wp-content\/uploads\/2019\/01\/DSCN1011-300x225.jpg 300w, https:\/\/www.imelasavoie.fr\/wp-content\/uploads\/2019\/01\/DSCN1011-768x576.jpg 768w\" sizes=\"auto, (max-width: 1024px) 100vw, 1024px\" \/><\/figure>\n\n\n\n<figure class=\"wp-block-image\"><img loading=\"lazy\" decoding=\"async\" width=\"1024\" height=\"768\" src=\"https:\/\/www.imelasavoie.fr\/wp-content\/uploads\/2019\/01\/DSCN1012-1024x768.jpg\" alt=\"\" class=\"wp-image-16057\" srcset=\"https:\/\/www.imelasavoie.fr\/wp-content\/uploads\/2019\/01\/DSCN1012-1024x768.jpg 1024w, https:\/\/www.imelasavoie.fr\/wp-content\/uploads\/2019\/01\/DSCN1012-300x225.jpg 300w, https:\/\/www.imelasavoie.fr\/wp-content\/uploads\/2019\/01\/DSCN1012-768x576.jpg 768w\" sizes=\"auto, (max-width: 1024px) 100vw, 1024px\" \/><\/figure>\n","protected":false},"excerpt":{"rendered":"<p>Voici les premi\u00e8res photos de la premi\u00e8re sortie ski de fond. Nous n&rsquo;avons pas eu le temps de r\u00e9diger un texte pour pr\u00e9senter l&rsquo;\u00e9v\u00e8nement. Et oui, la neige qui tombe en hiver devient un petit \u00e9v\u00e8nement malheureusement&#8230; Elle \u00e9tait attendue &hellip; <a href=\"https:\/\/www.imelasavoie.fr\/?p=16085\">Continuer la lecture <span class=\"meta-nav\">&rarr;<\/span><\/a><\/p>\n","protected":false},"author":1,"featured_media":0,"comment_status":"open","ping_status":"closed","sticky":false,"template":"","format":"standard","meta":{"footnotes":""},"categories":[48,59,61],"tags":[],"class_list":["post-16085","post","type-post","status-publish","format-standard","hentry","category-actualites","category-dinamo1","category-dinamo2"],"_links":{"self":[{"href":"https:\/\/www.imelasavoie.fr\/index.php?rest_route=\/wp\/v2\/posts\/16085","targetHints":{"allow":["GET"]}}],"collection":[{"href":"https:\/\/www.imelasavoie.fr\/index.php?rest_route=\/wp\/v2\/posts"}],"about":[{"href":"https:\/\/www.imelasavoie.fr\/index.php?rest_route=\/wp\/v2\/types\/post"}],"author":[{"embeddable":true,"href":"https:\/\/www.imelasavoie.fr\/index.php?rest_route=\/wp\/v2\/users\/1"}],"replies":[{"embeddable":true,"href":"https:\/\/www.imelasavoie.fr\/index.php?rest_route=%2Fwp%2Fv2%2Fcomments&post=16085"}],"version-history":[{"count":0,"href":"https:\/\/www.imelasavoie.fr\/index.php?rest_route=\/wp\/v2\/posts\/16085\/revisions"}],"wp:attachment":[{"href":"https:\/\/www.imelasavoie.fr\/index.php?rest_route=%2Fwp%2Fv2%2Fmedia&parent=16085"}],"wp:term":[{"taxonomy":"category","embeddable":true,"href":"https:\/\/www.imelasavoie.fr\/index.php?rest_route=%2Fwp%2Fv2%2Fcategories&post=16085"},{"taxonomy":"post_tag","embeddable":true,"href":"https:\/\/www.imelasavoie.fr\/index.php?rest_route=%2Fwp%2Fv2%2Ftags&post=16085"}],"curies":[{"name":"wp","href":"https:\/\/api.w.org\/{rel}","templated":true}]}}