{"id":16201,"date":"2019-01-25T07:11:43","date_gmt":"2019-01-25T06:11:43","guid":{"rendered":"http:\/\/www.imelasavoie.fr\/?p=16201"},"modified":"2019-01-25T07:11:46","modified_gmt":"2019-01-25T06:11:46","slug":"stage-la-lettre-de-demande-dhebergement-de-matteo","status":"publish","type":"post","link":"https:\/\/www.imelasavoie.fr\/?p=16201","title":{"rendered":"[ Stage] La lettre de demande d&rsquo;h\u00e9bergement de Matt\u00e9o"},"content":{"rendered":"\n<p>Dubourg Matteo <\/p>\n\n\n\n<p>18  rue pascal  <\/p>\n\n\n\n<p>01100 Oyonnax <\/p>\n\n\n\n<p>Tel. : 06 66 11 20 85 <\/p>\n\n\n\n<p style=\"text-align:right\">IME l\u2019Armaillou <\/p>\n\n\n\n<p style=\"text-align:right\">134 Rue Saint-Martin  <\/p>\n\n\n\n<p style=\"text-align:right\">01300 Belley <\/p>\n\n\n\n<p style=\"text-align:right\">09 61 35 80 94<\/p>\n\n\n\n<p><\/p>\n\n\n\n<p style=\"text-align:right\"> Oyonnax,  mercredi 23 janvier <\/p>\n\n\n\n<p>Madame, Monsieur,<\/p>\n\n\n\n<p>Je suis \u00e9l\u00e8ve \u00e0 l\u2019IME Dinamo d\u2019Hauteville et je suis en atelier professionnel cuisine. Pour construire mon projet professionnel et plus tard, avoir un emploi, je fais cette ann\u00e9e diff\u00e9rents stages.  Du  11 au 25 f\u00e9vrier, je serais en stage cuisine \u00e0 l\u2019IME Croqu\u2019 Ain. Pendant ces deux semaines, j\u2019ai besoin d\u2019\u00eatre h\u00e9berg\u00e9. Pourriez-vous me dire s\u2019il y aurait une place d\u2019h\u00e9bergement dans votre \u00e9tablissement pendant cette p\u00e9riode ?       <\/p>\n\n\n\n<p>Je me tiens \u00e0 votre disposition pour d\u2019\u00e9ventuels renseignements. Dans l\u2019attente d\u2019une r\u00e9ponse de votre part, recevez mes cordiales salutations. <\/p>\n\n\n\n<p>Matt\u00e9o Dubourg <\/p>\n","protected":false},"excerpt":{"rendered":"<p>Dubourg Matteo 18 rue pascal 01100 Oyonnax Tel. : 06 66 11 20 85 IME l\u2019Armaillou 134 Rue Saint-Martin 01300 Belley 09 61 35 80 94 Oyonnax, mercredi 23 janvier Madame, Monsieur, Je suis \u00e9l\u00e8ve \u00e0 l\u2019IME Dinamo d\u2019Hauteville et &hellip; <a href=\"https:\/\/www.imelasavoie.fr\/?p=16201\">Continuer la lecture <span class=\"meta-nav\">&rarr;<\/span><\/a><\/p>\n","protected":false},"author":1,"featured_media":0,"comment_status":"open","ping_status":"closed","sticky":false,"template":"","format":"standard","meta":{"footnotes":""},"categories":[48,59],"tags":[],"class_list":["post-16201","post","type-post","status-publish","format-standard","hentry","category-actualites","category-dinamo1"],"_links":{"self":[{"href":"https:\/\/www.imelasavoie.fr\/index.php?rest_route=\/wp\/v2\/posts\/16201","targetHints":{"allow":["GET"]}}],"collection":[{"href":"https:\/\/www.imelasavoie.fr\/index.php?rest_route=\/wp\/v2\/posts"}],"about":[{"href":"https:\/\/www.imelasavoie.fr\/index.php?rest_route=\/wp\/v2\/types\/post"}],"author":[{"embeddable":true,"href":"https:\/\/www.imelasavoie.fr\/index.php?rest_route=\/wp\/v2\/users\/1"}],"replies":[{"embeddable":true,"href":"https:\/\/www.imelasavoie.fr\/index.php?rest_route=%2Fwp%2Fv2%2Fcomments&post=16201"}],"version-history":[{"count":0,"href":"https:\/\/www.imelasavoie.fr\/index.php?rest_route=\/wp\/v2\/posts\/16201\/revisions"}],"wp:attachment":[{"href":"https:\/\/www.imelasavoie.fr\/index.php?rest_route=%2Fwp%2Fv2%2Fmedia&parent=16201"}],"wp:term":[{"taxonomy":"category","embeddable":true,"href":"https:\/\/www.imelasavoie.fr\/index.php?rest_route=%2Fwp%2Fv2%2Fcategories&post=16201"},{"taxonomy":"post_tag","embeddable":true,"href":"https:\/\/www.imelasavoie.fr\/index.php?rest_route=%2Fwp%2Fv2%2Ftags&post=16201"}],"curies":[{"name":"wp","href":"https:\/\/api.w.org\/{rel}","templated":true}]}}