{"id":16246,"date":"2019-01-25T11:29:10","date_gmt":"2019-01-25T10:29:10","guid":{"rendered":"http:\/\/www.imelasavoie.fr\/?p=16246"},"modified":"2019-01-25T11:29:13","modified_gmt":"2019-01-25T10:29:13","slug":"rapport-de-stage-par-kevin-2","status":"publish","type":"post","link":"https:\/\/www.imelasavoie.fr\/?p=16246","title":{"rendered":"[Rapport de stage] par K\u00e9vin"},"content":{"rendered":"\n<p>J&rsquo;ai r\u00e9alis\u00e9 un stage du 15 au\u00a024 janvier 2019.<\/p>\n\n\n\n<p>Le\u00a0d\u00e9roulement de la journ\u00e9e\u00a0: je me l\u00e8ve\u00a0\u00e0 6h45 pour partir\u00a0\u00e0 7h30 avec Mr Pellizzoni pour commencer\u00a0\u00e0 8h00. Puis,\u00a0\u00e0 12h00 nous avons une pause et je recommence\u00a0\u00e0 13h00 pour finir\u00a0\u00e017h00. <\/p>\n\n\n\n<p>\u00a0J&rsquo;ai r\u00e9alis\u00e9 un stage\u00a0\u00e0 Virieu le Grand dans l&rsquo;entreprise MATHIEU AGENCEMENT .<\/p>\n\n\n\n<figure class=\"wp-block-image\"><img loading=\"lazy\" decoding=\"async\" width=\"920\" height=\"240\" src=\"https:\/\/www.imelasavoie.fr\/wp-content\/uploads\/2019\/01\/emotionheader.png\" alt=\"\" class=\"wp-image-16247\" srcset=\"https:\/\/www.imelasavoie.fr\/wp-content\/uploads\/2019\/01\/emotionheader.png 920w, https:\/\/www.imelasavoie.fr\/wp-content\/uploads\/2019\/01\/emotionheader-300x78.png 300w, https:\/\/www.imelasavoie.fr\/wp-content\/uploads\/2019\/01\/emotionheader-768x200.png 768w\" sizes=\"auto, (max-width: 920px) 100vw, 920px\" \/><\/figure>\n\n\n\n<p>Mon tuteur: MATHIEU Jean-No\u00ebl  <\/p>\n\n\n\n<p>\u00a0J&rsquo;ai r\u00e9alis\u00e9 des montages de meuble (cuisine, dressing, placard). J&rsquo;avais un plan. Toutes les d\u00e9coupes \u00e9taient d\u00e9j\u00e0 faites. J&rsquo;avais juste\u00a0\u00e0 assembler avec un coll\u00e8gue. <\/p>\n\n\n\n<figure class=\"wp-block-image\"><img loading=\"lazy\" decoding=\"async\" width=\"568\" height=\"319\" src=\"https:\/\/www.imelasavoie.fr\/wp-content\/uploads\/2019\/01\/cache_19679324.jpg\" alt=\"\" class=\"wp-image-16248\" srcset=\"https:\/\/www.imelasavoie.fr\/wp-content\/uploads\/2019\/01\/cache_19679324.jpg 568w, https:\/\/www.imelasavoie.fr\/wp-content\/uploads\/2019\/01\/cache_19679324-300x168.jpg 300w\" sizes=\"auto, (max-width: 568px) 100vw, 568px\" \/><figcaption>Les meubles et \u00e9tag\u00e8res<\/figcaption><\/figure>\n\n\n\n<p>J&rsquo;ai utilis\u00e9 une visseuse, des lamellos en plastique avec de la colle. Quand nous avons fini le montage, nous Filmions le meuble pour le prot\u00e9ger de la poussi\u00e8re. <\/p>\n\n\n\n<p>J&rsquo;ai \u00e9galement nettoy\u00e9 l&rsquo;atelier : balayer la poussi\u00e8re <\/p>\n\n\n\n<p>Ce que j&rsquo;ai appris:<\/p>\n\n\n\n<p>J&rsquo;ai appris\u00a0\u00e0 lire un plan ,\u00a0\u00e0 choisir les pi\u00e8ces ,\u00a0\u00e0 utiliser les\u00a0lamellos.<\/p>\n\n\n\n<p>J&rsquo;ai \u00e9galement appris a m&rsquo;adapter au travail avec diff\u00e9rents coll\u00e8gues.<\/p>\n\n\n\n<p>Mes difficult\u00e9s :<\/p>\n\n\n\n<p>Je n&rsquo;ai pas eu de difficult\u00e9s majeures. Je me suis tromp\u00e9 parfois sur les per\u00e7ages.<\/p>\n\n\n\n<p>Je\u00a0dois m&rsquo;am\u00e9liorer en v\u00e9rifiant mes mesures avec un m\u00e8tre. \u00a0\u00a0\u00a0\u00a0<\/p>\n\n\n\n<p><\/p>\n\n\n\n<p><\/p>\n\n\n\n<p><\/p>\n\n\n\n<p><\/p>\n\n\n\n<p><\/p>\n\n\n\n<p><\/p>\n","protected":false},"excerpt":{"rendered":"<p>J&rsquo;ai r\u00e9alis\u00e9 un stage du 15 au\u00a024 janvier 2019. Le\u00a0d\u00e9roulement de la journ\u00e9e\u00a0: je me l\u00e8ve\u00a0\u00e0 6h45 pour partir\u00a0\u00e0 7h30 avec Mr Pellizzoni pour commencer\u00a0\u00e0 8h00. Puis,\u00a0\u00e0 12h00 nous avons une pause et je recommence\u00a0\u00e0 13h00 pour finir\u00a0\u00e017h00. \u00a0J&rsquo;ai r\u00e9alis\u00e9 &hellip; <a href=\"https:\/\/www.imelasavoie.fr\/?p=16246\">Continuer la lecture <span class=\"meta-nav\">&rarr;<\/span><\/a><\/p>\n","protected":false},"author":1,"featured_media":0,"comment_status":"open","ping_status":"closed","sticky":false,"template":"","format":"standard","meta":{"footnotes":""},"categories":[48,60],"tags":[],"class_list":["post-16246","post","type-post","status-publish","format-standard","hentry","category-actualites","category-cecof"],"_links":{"self":[{"href":"https:\/\/www.imelasavoie.fr\/index.php?rest_route=\/wp\/v2\/posts\/16246","targetHints":{"allow":["GET"]}}],"collection":[{"href":"https:\/\/www.imelasavoie.fr\/index.php?rest_route=\/wp\/v2\/posts"}],"about":[{"href":"https:\/\/www.imelasavoie.fr\/index.php?rest_route=\/wp\/v2\/types\/post"}],"author":[{"embeddable":true,"href":"https:\/\/www.imelasavoie.fr\/index.php?rest_route=\/wp\/v2\/users\/1"}],"replies":[{"embeddable":true,"href":"https:\/\/www.imelasavoie.fr\/index.php?rest_route=%2Fwp%2Fv2%2Fcomments&post=16246"}],"version-history":[{"count":0,"href":"https:\/\/www.imelasavoie.fr\/index.php?rest_route=\/wp\/v2\/posts\/16246\/revisions"}],"wp:attachment":[{"href":"https:\/\/www.imelasavoie.fr\/index.php?rest_route=%2Fwp%2Fv2%2Fmedia&parent=16246"}],"wp:term":[{"taxonomy":"category","embeddable":true,"href":"https:\/\/www.imelasavoie.fr\/index.php?rest_route=%2Fwp%2Fv2%2Fcategories&post=16246"},{"taxonomy":"post_tag","embeddable":true,"href":"https:\/\/www.imelasavoie.fr\/index.php?rest_route=%2Fwp%2Fv2%2Ftags&post=16246"}],"curies":[{"name":"wp","href":"https:\/\/api.w.org\/{rel}","templated":true}]}}