{"id":16695,"date":"2019-03-16T11:15:15","date_gmt":"2019-03-16T10:15:15","guid":{"rendered":"http:\/\/www.imelasavoie.fr\/?p=16695"},"modified":"2019-03-16T11:15:16","modified_gmt":"2019-03-16T10:15:16","slug":"recit-de-vie-le-ski-pendant-les-vacances-par-arthur","status":"publish","type":"post","link":"https:\/\/www.imelasavoie.fr\/?p=16695","title":{"rendered":"[R\u00e9cit de vie] Le ski pendant les vacances par Arthur"},"content":{"rendered":"\n<p>Pendant les vacances, j&rsquo;ai fait du ski (de piste et de fond) avec mon papa, Baptiste et Lucie.<\/p>\n\n\n\n<figure class=\"wp-block-image\"><img loading=\"lazy\" decoding=\"async\" width=\"1024\" height=\"768\" src=\"https:\/\/www.imelasavoie.fr\/wp-content\/uploads\/2019\/03\/image2-e1552731162544-1024x768.jpeg\" alt=\"\" class=\"wp-image-16687\" srcset=\"https:\/\/www.imelasavoie.fr\/wp-content\/uploads\/2019\/03\/image2-e1552731162544-1024x768.jpeg 1024w, https:\/\/www.imelasavoie.fr\/wp-content\/uploads\/2019\/03\/image2-e1552731162544-300x225.jpeg 300w, https:\/\/www.imelasavoie.fr\/wp-content\/uploads\/2019\/03\/image2-e1552731162544-768x576.jpeg 768w, https:\/\/www.imelasavoie.fr\/wp-content\/uploads\/2019\/03\/image2-e1552731162544.jpeg 1280w\" sizes=\"auto, (max-width: 1024px) 100vw, 1024px\" \/><figcaption><br><br><\/figcaption><\/figure>\n\n\n\n<figure class=\"wp-block-image\"><img loading=\"lazy\" decoding=\"async\" width=\"1024\" height=\"768\" src=\"https:\/\/www.imelasavoie.fr\/wp-content\/uploads\/2019\/03\/image3-1024x768.jpeg\" alt=\"\" class=\"wp-image-16688\" srcset=\"https:\/\/www.imelasavoie.fr\/wp-content\/uploads\/2019\/03\/image3-1024x768.jpeg 1024w, https:\/\/www.imelasavoie.fr\/wp-content\/uploads\/2019\/03\/image3-300x225.jpeg 300w, https:\/\/www.imelasavoie.fr\/wp-content\/uploads\/2019\/03\/image3-768x576.jpeg 768w, https:\/\/www.imelasavoie.fr\/wp-content\/uploads\/2019\/03\/image3.jpeg 1632w\" sizes=\"auto, (max-width: 1024px) 100vw, 1024px\" \/><\/figure>\n\n\n\n<figure class=\"wp-block-image\"><img loading=\"lazy\" decoding=\"async\" width=\"768\" height=\"1024\" src=\"https:\/\/www.imelasavoie.fr\/wp-content\/uploads\/2019\/03\/image1-e1552731193384-768x1024.jpeg\" alt=\"\" class=\"wp-image-16686\" srcset=\"https:\/\/www.imelasavoie.fr\/wp-content\/uploads\/2019\/03\/image1-e1552731193384-768x1024.jpeg 768w, https:\/\/www.imelasavoie.fr\/wp-content\/uploads\/2019\/03\/image1-e1552731193384-225x300.jpeg 225w, https:\/\/www.imelasavoie.fr\/wp-content\/uploads\/2019\/03\/image1-e1552731193384.jpeg 1224w\" sizes=\"auto, (max-width: 768px) 100vw, 768px\" \/><\/figure>\n\n\n\n<p>J&rsquo;ai  \u00e9t\u00e9 \u00e0 la  station de ski  \u00e0 c\u00f4t\u00e9 de chez moi \u00e0 Chevry. C&rsquo;est la station \u00ab\u00a0mont Jura\u00a0\u00bb. En ski de piste, j&rsquo;ai fait des bosses, du tire-fesse et du t\u00e9l\u00e9si\u00e8ge.<\/p>\n\n\n\n<p>J\u2019ai  fait des traces avec mes skis pour faire des virages. J\u2019\u00e9tais derri\u00e8re papa et je le suivais sur  la piste. Les virages, \u00e7a fait comme des vagues.  J\u2019ai bien aim\u00e9. Apr\u00e8s, j\u2019ai \u00e9t\u00e9  au chalet pour manger.<\/p>\n\n\n\n<p style=\"text-align:center\">Arthur<\/p>\n","protected":false},"excerpt":{"rendered":"<p>Pendant les vacances, j&rsquo;ai fait du ski (de piste et de fond) avec mon papa, Baptiste et Lucie. J&rsquo;ai \u00e9t\u00e9 \u00e0 la station de ski \u00e0 c\u00f4t\u00e9 de chez moi \u00e0 Chevry. C&rsquo;est la station \u00ab\u00a0mont Jura\u00a0\u00bb. En ski de &hellip; <a href=\"https:\/\/www.imelasavoie.fr\/?p=16695\">Continuer la lecture <span class=\"meta-nav\">&rarr;<\/span><\/a><\/p>\n","protected":false},"author":1,"featured_media":0,"comment_status":"open","ping_status":"closed","sticky":false,"template":"","format":"standard","meta":{"footnotes":""},"categories":[48,61,56],"tags":[],"class_list":["post-16695","post","type-post","status-publish","format-standard","hentry","category-actualites","category-dinamo2","category-les-classes-et-ateliers"],"_links":{"self":[{"href":"https:\/\/www.imelasavoie.fr\/index.php?rest_route=\/wp\/v2\/posts\/16695","targetHints":{"allow":["GET"]}}],"collection":[{"href":"https:\/\/www.imelasavoie.fr\/index.php?rest_route=\/wp\/v2\/posts"}],"about":[{"href":"https:\/\/www.imelasavoie.fr\/index.php?rest_route=\/wp\/v2\/types\/post"}],"author":[{"embeddable":true,"href":"https:\/\/www.imelasavoie.fr\/index.php?rest_route=\/wp\/v2\/users\/1"}],"replies":[{"embeddable":true,"href":"https:\/\/www.imelasavoie.fr\/index.php?rest_route=%2Fwp%2Fv2%2Fcomments&post=16695"}],"version-history":[{"count":0,"href":"https:\/\/www.imelasavoie.fr\/index.php?rest_route=\/wp\/v2\/posts\/16695\/revisions"}],"wp:attachment":[{"href":"https:\/\/www.imelasavoie.fr\/index.php?rest_route=%2Fwp%2Fv2%2Fmedia&parent=16695"}],"wp:term":[{"taxonomy":"category","embeddable":true,"href":"https:\/\/www.imelasavoie.fr\/index.php?rest_route=%2Fwp%2Fv2%2Fcategories&post=16695"},{"taxonomy":"post_tag","embeddable":true,"href":"https:\/\/www.imelasavoie.fr\/index.php?rest_route=%2Fwp%2Fv2%2Ftags&post=16695"}],"curies":[{"name":"wp","href":"https:\/\/api.w.org\/{rel}","templated":true}]}}