{"id":16963,"date":"2019-03-28T11:21:28","date_gmt":"2019-03-28T10:21:28","guid":{"rendered":"http:\/\/www.imelasavoie.fr\/?p=16963"},"modified":"2019-03-28T11:42:06","modified_gmt":"2019-03-28T10:42:06","slug":"texte-libre-lanniversaire-de-theo-et-kevin","status":"publish","type":"post","link":"https:\/\/www.imelasavoie.fr\/?p=16963","title":{"rendered":"[La vie de l&rsquo;ime] L&rsquo;anniversaire de Th\u00e9o et K\u00e9vin"},"content":{"rendered":"\n<p>Mercredi 27 mars 2019, nous avons f\u00eat\u00e9 l&rsquo;anniversaire de Th\u00e9o H. et K\u00e9vin F.<\/p>\n\n\n\n<p>K\u00e9vin a 18 ans et Th\u00e9o 19.<\/p>\n\n\n\n<p>La f\u00eate s&rsquo;est d\u00e9roul\u00e9e dans l&rsquo;appartement des filles. Mercredi apr\u00e8s-midi, les filles, Benjamin et K\u00e9vin sont all\u00e9s se balader et faire les courses \u00e0 Belley.<\/p>\n\n\n\n<p>Nous avons achet\u00e9 dans une grande surface  de quoi pr\u00e9parer un buffet froid (chips, boissons, salade de riz, feuillet\u00e9s aux saucisses, carottes crues, tomates cerise, concombre et sauce yahourt).<\/p>\n\n\n\n<p>Mercredi matin, Marie-Rose a pr\u00e9par\u00e9 des g\u00e2teaux au chocolat pour l&rsquo;anniversaire (Merci Marie-Rose) ainsi que Drucilla (g\u00e2teau \u00e0 l&rsquo;ananas).<\/p>\n\n\n\n<p>La f\u00eate a commenc\u00e9 \u00e0 19h. Nous avons mis de la musique, on s&rsquo;est d\u00e9guis\u00e9. Nous avons dans\u00e9, mang\u00e9 et rigol\u00e9. Nous avons invit\u00e9 Ana\u00efs.<\/p>\n\n\n\n<p>Nous avons offert des cadeaux: une boite de parfum.<\/p>\n\n\n\n<p>La f\u00eate \u00e9tait tr\u00e8s r\u00e9ussi. Nous avons termin\u00e9 \u00e0 22h30.<\/p>\n\n\n\n<p>Drucilla et K\u00e9vin.<\/p>\n\n\n\n<figure class=\"wp-block-image\"><img loading=\"lazy\" decoding=\"async\" width=\"1024\" height=\"768\" src=\"https:\/\/www.imelasavoie.fr\/wp-content\/uploads\/2019\/03\/ooapin-1024x768.jpg\" alt=\"\" class=\"wp-image-16967\" srcset=\"https:\/\/www.imelasavoie.fr\/wp-content\/uploads\/2019\/03\/ooapin.jpg 1024w, https:\/\/www.imelasavoie.fr\/wp-content\/uploads\/2019\/03\/ooapin-300x225.jpg 300w, https:\/\/www.imelasavoie.fr\/wp-content\/uploads\/2019\/03\/ooapin-768x576.jpg 768w\" sizes=\"auto, (max-width: 1024px) 100vw, 1024px\" \/><figcaption>Isabelle et K\u00e9vin<\/figcaption><\/figure>\n\n\n\n<figure class=\"wp-block-image\"><img loading=\"lazy\" decoding=\"async\" width=\"768\" height=\"1024\" src=\"https:\/\/www.imelasavoie.fr\/wp-content\/uploads\/2019\/03\/IMG_20190327_20014111-768x1024.jpg\" alt=\"\" class=\"wp-image-16969\" srcset=\"https:\/\/www.imelasavoie.fr\/wp-content\/uploads\/2019\/03\/IMG_20190327_20014111.jpg 768w, https:\/\/www.imelasavoie.fr\/wp-content\/uploads\/2019\/03\/IMG_20190327_20014111-225x300.jpg 225w\" sizes=\"auto, (max-width: 768px) 100vw, 768px\" \/><figcaption>L&rsquo;invit\u00e9 myst\u00e8re<\/figcaption><\/figure>\n\n\n\n<figure class=\"wp-block-image\"><img loading=\"lazy\" decoding=\"async\" width=\"158\" height=\"168\" src=\"https:\/\/www.imelasavoie.fr\/wp-content\/uploads\/2019\/03\/ooapin-1.jpg\" alt=\"\" class=\"wp-image-16970\"\/><figcaption>L&rsquo;invit\u00e9 myst\u00e8re<\/figcaption><\/figure>\n\n\n\n<figure class=\"wp-block-image\"><img loading=\"lazy\" decoding=\"async\" width=\"1024\" height=\"768\" src=\"https:\/\/www.imelasavoie.fr\/wp-content\/uploads\/2019\/03\/ooapin-2-1024x768.jpg\" alt=\"\" class=\"wp-image-16971\" srcset=\"https:\/\/www.imelasavoie.fr\/wp-content\/uploads\/2019\/03\/ooapin-2.jpg 1024w, https:\/\/www.imelasavoie.fr\/wp-content\/uploads\/2019\/03\/ooapin-2-300x225.jpg 300w, https:\/\/www.imelasavoie.fr\/wp-content\/uploads\/2019\/03\/ooapin-2-768x576.jpg 768w\" sizes=\"auto, (max-width: 1024px) 100vw, 1024px\" \/><figcaption>Les bords du Rh\u00f4ne \u00e0 Belley<\/figcaption><\/figure>\n\n\n\n<p><\/p>\n\n\n\n<p><\/p>\n\n\n\n<p><\/p>\n\n\n\n<p><\/p>\n","protected":false},"excerpt":{"rendered":"<p>Mercredi 27 mars 2019, nous avons f\u00eat\u00e9 l&rsquo;anniversaire de Th\u00e9o H. et K\u00e9vin F. K\u00e9vin a 18 ans et Th\u00e9o 19. La f\u00eate s&rsquo;est d\u00e9roul\u00e9e dans l&rsquo;appartement des filles. Mercredi apr\u00e8s-midi, les filles, Benjamin et K\u00e9vin sont all\u00e9s se balader &hellip; <a href=\"https:\/\/www.imelasavoie.fr\/?p=16963\">Continuer la lecture <span class=\"meta-nav\">&rarr;<\/span><\/a><\/p>\n","protected":false},"author":1,"featured_media":0,"comment_status":"open","ping_status":"closed","sticky":false,"template":"","format":"standard","meta":{"footnotes":""},"categories":[48,60,62],"tags":[],"class_list":["post-16963","post","type-post","status-publish","format-standard","hentry","category-actualites","category-cecof","category-les-groupes-educatifs"],"_links":{"self":[{"href":"https:\/\/www.imelasavoie.fr\/index.php?rest_route=\/wp\/v2\/posts\/16963","targetHints":{"allow":["GET"]}}],"collection":[{"href":"https:\/\/www.imelasavoie.fr\/index.php?rest_route=\/wp\/v2\/posts"}],"about":[{"href":"https:\/\/www.imelasavoie.fr\/index.php?rest_route=\/wp\/v2\/types\/post"}],"author":[{"embeddable":true,"href":"https:\/\/www.imelasavoie.fr\/index.php?rest_route=\/wp\/v2\/users\/1"}],"replies":[{"embeddable":true,"href":"https:\/\/www.imelasavoie.fr\/index.php?rest_route=%2Fwp%2Fv2%2Fcomments&post=16963"}],"version-history":[{"count":0,"href":"https:\/\/www.imelasavoie.fr\/index.php?rest_route=\/wp\/v2\/posts\/16963\/revisions"}],"wp:attachment":[{"href":"https:\/\/www.imelasavoie.fr\/index.php?rest_route=%2Fwp%2Fv2%2Fmedia&parent=16963"}],"wp:term":[{"taxonomy":"category","embeddable":true,"href":"https:\/\/www.imelasavoie.fr\/index.php?rest_route=%2Fwp%2Fv2%2Fcategories&post=16963"},{"taxonomy":"post_tag","embeddable":true,"href":"https:\/\/www.imelasavoie.fr\/index.php?rest_route=%2Fwp%2Fv2%2Ftags&post=16963"}],"curies":[{"name":"wp","href":"https:\/\/api.w.org\/{rel}","templated":true}]}}