{"id":17884,"date":"2019-07-03T11:59:31","date_gmt":"2019-07-03T10:59:31","guid":{"rendered":"http:\/\/www.imelasavoie.fr\/?p=17884"},"modified":"2019-07-04T16:46:29","modified_gmt":"2019-07-04T15:46:29","slug":"recit-de-vie-ma-journee-dappel-par-matteo","status":"publish","type":"post","link":"https:\/\/www.imelasavoie.fr\/?p=17884","title":{"rendered":"[ R\u00e9cit de vie ] Ma journ\u00e9e d&rsquo;appel par Matt\u00e9o"},"content":{"rendered":"\n<p>Mardi 2 juillet, je suis all\u00e9 \u00e0 la caserne d\u2019Amb\u00e9rieu pour passer ma journ\u00e9e d\u2019appel. <\/p>\n\n\n\n<p>Nous \u00e9tions 35 en tout, j\u2019\u00e9tais motiv\u00e9. Il fallait arriver \u00e0 8h30.Le d\u00e9but de la matin\u00e9e, nous avons travaill\u00e9\u00a0: fran\u00e7ais, maths et histoire. On a eu une pause pour manger dans un self puis nous avons assist\u00e9 \u00e0 un spectacle de voltige. Puis nous avons regard\u00e9 en d\u00e9tail les avions. Enfin, nous sommes retourn\u00e9s dans la salle pour la fin de journ\u00e9e. Nous avons eu un certificat. La journ\u00e9e s\u2019est termin\u00e9e \u00e0 16h30. \u00a0\u00a0<\/p>\n","protected":false},"excerpt":{"rendered":"<p>Mardi 2 juillet, je suis all\u00e9 \u00e0 la caserne d\u2019Amb\u00e9rieu pour passer ma journ\u00e9e d\u2019appel. Nous \u00e9tions 35 en tout, j\u2019\u00e9tais motiv\u00e9. Il fallait arriver \u00e0 8h30.Le d\u00e9but de la matin\u00e9e, nous avons travaill\u00e9\u00a0: fran\u00e7ais, maths et histoire. On a &hellip; <a href=\"https:\/\/www.imelasavoie.fr\/?p=17884\">Continuer la lecture <span class=\"meta-nav\">&rarr;<\/span><\/a><\/p>\n","protected":false},"author":1,"featured_media":0,"comment_status":"open","ping_status":"closed","sticky":false,"template":"","format":"standard","meta":{"footnotes":""},"categories":[48,59],"tags":[],"class_list":["post-17884","post","type-post","status-publish","format-standard","hentry","category-actualites","category-dinamo1"],"_links":{"self":[{"href":"https:\/\/www.imelasavoie.fr\/index.php?rest_route=\/wp\/v2\/posts\/17884","targetHints":{"allow":["GET"]}}],"collection":[{"href":"https:\/\/www.imelasavoie.fr\/index.php?rest_route=\/wp\/v2\/posts"}],"about":[{"href":"https:\/\/www.imelasavoie.fr\/index.php?rest_route=\/wp\/v2\/types\/post"}],"author":[{"embeddable":true,"href":"https:\/\/www.imelasavoie.fr\/index.php?rest_route=\/wp\/v2\/users\/1"}],"replies":[{"embeddable":true,"href":"https:\/\/www.imelasavoie.fr\/index.php?rest_route=%2Fwp%2Fv2%2Fcomments&post=17884"}],"version-history":[{"count":0,"href":"https:\/\/www.imelasavoie.fr\/index.php?rest_route=\/wp\/v2\/posts\/17884\/revisions"}],"wp:attachment":[{"href":"https:\/\/www.imelasavoie.fr\/index.php?rest_route=%2Fwp%2Fv2%2Fmedia&parent=17884"}],"wp:term":[{"taxonomy":"category","embeddable":true,"href":"https:\/\/www.imelasavoie.fr\/index.php?rest_route=%2Fwp%2Fv2%2Fcategories&post=17884"},{"taxonomy":"post_tag","embeddable":true,"href":"https:\/\/www.imelasavoie.fr\/index.php?rest_route=%2Fwp%2Fv2%2Ftags&post=17884"}],"curies":[{"name":"wp","href":"https:\/\/api.w.org\/{rel}","templated":true}]}}