{"id":18435,"date":"2019-10-11T20:42:22","date_gmt":"2019-10-11T19:42:22","guid":{"rendered":"http:\/\/www.imelasavoie.fr\/?p=18435"},"modified":"2019-10-11T20:56:06","modified_gmt":"2019-10-11T19:56:06","slug":"debat-philosophique-ca-veut-dire-quoi-etre-lami-de-quelquun","status":"publish","type":"post","link":"https:\/\/www.imelasavoie.fr\/?p=18435","title":{"rendered":"[D\u00e9bat philosophique] Ca veut dire quoi \u00eatre l&rsquo;ami de quelqu&rsquo;un ?"},"content":{"rendered":"\n<p>Anwar: Un ami, il ne raconte pas des histoires sur toi.<\/p>\n\n\n\n<p>Coline: C&rsquo;est quelqu&rsquo;un en qui on a confiance.<\/p>\n\n\n\n<p>Tina: C&rsquo;est quelqu&rsquo;un qui garde nos secrets. Qui ne les racontent pas \u00e0 tout le monde.<\/p>\n\n\n\n<p>Alexandre: C&rsquo;est quelqu&rsquo;un qui te soutient et qui t&rsquo;aide ou te calme quand tu es en col\u00e8re.<\/p>\n\n\n\n<p>Coline: Il ne faut pas croire que tout le monde est ton meilleur ami. Certains font des histoires.<\/p>\n\n\n\n<p>Alexandre: A l&rsquo;IME, il y a des jeunes qui font des histoires et posent des probl\u00e8mes et moi j&rsquo;aimerais qu&rsquo;ils soient plus souvent rappel\u00e9s \u00e0 l&rsquo;ordre. Par exemple l&rsquo;an dernier, un jeune s&rsquo;est fait piquer sa cigarette \u00e9lectronique par un soit disant copain et ce soit disant copain accusait un innocent. C&rsquo;est pas \u00e7a \u00eatre un ami.<\/p>\n\n\n\n<p>Monsieur Lan\u00e7on: Des histoires comme celle-l\u00e0 ne sont pas pr\u00e9sentes juste \u00e0 l&rsquo;IME. On les rencontre un peu partout en France dans tous les \u00e9tablissements scolaires (\u00e9coles, coll\u00e8ges, lyc\u00e9es&#8230;) et plus globalement dans la soci\u00e9t\u00e9 en g\u00e9n\u00e9ral. <strong>Mais est-ce que l&rsquo;on peut s&rsquo;entendre avec tout le monde au final ?<\/strong><\/p>\n\n\n\n<p>Tina: Non car avant je faisais confiance \u00e0 quelqu&rsquo;un et elle m&rsquo;a trahie. Je ne sais pas ce qu&rsquo;il lui a pris et \u00e7a m&rsquo;a fait du mal quand elle a dit mon secret \u00e0 tout le monde. Elle n&rsquo;aurait pas aim\u00e9 que je fasse \u00e7a pour elle mais je ne l&rsquo;ai pas fait.<\/p>\n\n\n\n<p>Alexandre: Il y a quelques personnes \u00e0 qui je fais confiance mais pas tout le monde. De certains, je me m\u00e9fie. Non, on ne peut pas s&rsquo;entendre avec tout le monde.<\/p>\n\n\n\n<p>Monsieur Lan\u00e7on: <strong>Mais on est quand m\u00eame oblig\u00e9 de vivre ensemble&#8230;Comment faire ?<\/strong><\/p>\n\n\n\n<p>Anwar: Moi, je ne sais pas car dans le bus il y en a qui raconte n&rsquo;importe quoi sur moi et je n&rsquo;ai plus envie de prendre le bus. J&rsquo;ai envie de les frapper car je suis en col\u00e8re.<\/p>\n\n\n\n<p>Monsieur Lan\u00e7on: Que ressens-tu ?<\/p>\n\n\n\n<p>Anwar: Ca fait mal. C&rsquo;est des choses stupides. Un jour, j&rsquo;ai racont\u00e9 un secret et il l&rsquo;a dit \u00e0 tout le monde dans le bus et du coup j&rsquo;ai perdu confiance en lui. Ce n&rsquo;est plus mon ami. Je ne lui parle plus. Ca m&rsquo;a fait de la peine qu&rsquo;il me trahisse.<\/p>\n\n\n\n<p>Monsieur Lan\u00e7on: Quels conseils pourrait-on donner \u00e0 Anwar ?<\/p>\n\n\n\n<p>Priscillia: Qu&rsquo;il ne parle plus avec ce jeune et qu&rsquo;il aille voir un adulte pour en parler.<\/p>\n\n\n\n<p>Tina: Mettre des \u00e9couteurs pour l&rsquo;ignorer et lui dire d&rsquo;arr\u00eater.<\/p>\n\n\n\n<p>Coline: Qu&rsquo;il prenne ses distances parce qu&rsquo;il fait plein d&rsquo;histoires.<\/p>\n\n\n\n<p>Alexandre: Vite l&rsquo;oublier et se tenir \u00e0 l&rsquo;\u00e9cart pour \u00e9viter les probl\u00e8mes.<\/p>\n\n\n\n<p>Dorian: Il faut s&rsquo;\u00e9loigner.<\/p>\n\n\n\n<p>Anwar: Pour moi, la seule solution, c&rsquo;est de ne plus prendre le bus.<\/p>\n\n\n\n<p>Tina: Il faut te mettre devant vers le chauffeur pour \u00e9viter les ennuis.<\/p>\n\n\n\n<p>Monsieur Lan\u00e7on: Vivre ensemble, c&rsquo;est pas facile. On a des exp\u00e9riences heureuses avec l&rsquo;Autre mais aussi des exp\u00e9riences malheureuses qui nous font grandir. Toutes les exp\u00e9riences, bonnes ou mauvaises, nous permettent de gagner en exp\u00e9rience et nous font grandir pour notre vie future.<\/p>\n\n\n\n<p>Coline: C&rsquo;est dommage qu&rsquo;il y ait des histoires quand m\u00eame.<\/p>\n\n\n\n<p>Monsieur Lan\u00e7on: <strong>Ca serait quoi pour vous un monde id\u00e9al ?<\/strong><\/p>\n\n\n\n<p>Alexandre: Pour moi, \u00e7a serait un monde o\u00f9 il n&rsquo;y a pas de gens qui te m\u00e8nent la vie dure en te pourrissant ta vie ou tes projets.<\/p>\n\n\n\n<p>Coline: Ca serait un monde sans embrouilles ou histoires et qu&rsquo;on arr\u00eate.<\/p>\n\n\n\n<p>Tina: Un monde sans histoires o\u00f9 l&rsquo;on pourrait faire confiance, o\u00f9 l&rsquo;on s&rsquo;entendrait mieux entre nous car \u00e0 force c&rsquo;est p\u00e9nible.<\/p>\n\n\n\n<p>Johan: Ca serait un monde sans histoires.<\/p>\n\n\n\n<p>Alexandre: Il faudrait interdire les histoires parce que \u00e7a fait mal \u00e0 la t\u00eate.<\/p>\n\n\n\n<p>Johan: Le probl\u00e8me, c&rsquo;est que des fois, il y a des histoires entre deux personnes et au lieu de les r\u00e9gler entre eux, il y a toujours d&rsquo;autres jeunes qui s&rsquo;en m\u00ealent et \u00e7a n&rsquo;arrange rien. Ca aggrave la situation.<\/p>\n\n\n\n<p>Tina: Il faut faire attention \u00e0 ne pas s&rsquo;isoler parce que quand on a des probl\u00e8mes, on a tendance \u00e0 se replier sur soi comme j&rsquo;ai pu le vivre au coll\u00e8ge.<\/p>\n\n\n\n<p>Coline: Il faut rester avec les personnes avec qui on s&rsquo;entend bien.<\/p>\n\n\n\n<p>Alexandre: Moi aussi dans mon ancien coll\u00e8ge, je m&rsquo;isolais beaucoup. Pour \u00e9viter l&rsquo;isolement, je restais avec des vrais amis en qui j&rsquo;avais confiance.<\/p>\n\n\n\n<p>Monsieur Lan\u00e7on: <strong>Comment \u00e7a s&rsquo;appelle quand on a quelqu&rsquo;un qui vous emb\u00eate tout le temps ?<\/strong><\/p>\n\n\n\n<p>Coline: Ca s&rsquo;appelle du harc\u00e8lement.<\/p>\n\n\n\n<p>Alexandre: Le harc\u00e8lement est s\u00e9v\u00e8rement puni par la loi. Je l&rsquo;ai appris dans mon ancienne ULIS avec une intervention de la gendarmerie.<\/p>\n\n\n\n<p>Coline: Ca s&rsquo;appelle du harc\u00e8lement moral.<\/p>\n\n\n\n<p>Tina: Par exemple de se moquer ou insulter.<\/p>\n\n\n\n<p>Priscillia: Ou de taper quelqu&rsquo;un.<\/p>\n\n\n\n<p>Johan: Obliger une personne \u00e0 faire quelque chose alors qu&rsquo;elle n&rsquo;a pas envie.<\/p>\n\n\n\n<p>Tina: Obliger quelqu&rsquo;un contre son gr\u00e9. Forcer quelqu&rsquo;un \u00e7a s&rsquo;appelle du harc\u00e8lement.<\/p>\n\n\n\n<p>Alexandre: En cas de harc\u00e8lement, on peut porter plainte \u00e0 la gendarmerie et mettre l&rsquo;agresseur en garde \u00e0 vue.<\/p>\n\n\n\n<p>Monsieur Lan\u00e7on: <strong>Comment faire pour \u00e9viter le harc\u00e8lement ?<\/strong><\/p>\n\n\n\n<p>Priscillia: Il faut en parler pour que \u00e7a s&rsquo;arr\u00eate. <\/p>\n\n\n\n<p>Johan: Non, il ne faut pas en parler car apr\u00e8s on va te traiter de \u00ab\u00a0poucave\u00a0\u00bb.<\/p>\n\n\n\n<p>Coline, Alexandre et Tina: Non pas d&rsquo;accord parce que si on ne le dit pas, on ne s&rsquo;en sort pas !<\/p>\n\n\n\n<p>Monsieur Lan\u00e7on: <strong>Qu&rsquo;est ce qui peut se passer si on ne dit rien ?<\/strong><\/p>\n\n\n\n<p>Coline: On s&rsquo;enfonce dans cette histoire et on ne peut plus en sortir.<\/p>\n\n\n\n<p>Johan: Je pense que l&rsquo;on peut s&rsquo;en sortir par la violence.<\/p>\n\n\n\n<p>Alexandre: Non parce qu&rsquo;apr\u00e8s, il faut en assumer les cons\u00e9quences et avoir une sanction.<\/p>\n\n\n\n<p>Anwar: Oui mais des fois, on a envie de frapper.<\/p>\n\n\n\n<p>Tina: Oui, c&rsquo;est normal mais il ne faut pas car \u00e7a se retourne ensuite contre nous.<\/p>\n\n\n\n<p>Monsieur Lan\u00e7on: En cas de harc\u00e8lement moral ou physique, il n&rsquo;y a qu&rsquo;une seule chose \u00e0 faire: <strong>en parler<\/strong>. Plusieurs solutions existent. <strong>En parler \u00e0 ses parents, \u00e0 un professionnel \u00e0 l&rsquo;IME ou appeler le 3020 qui est le num\u00e9ro national contre le harc\u00e8lement.<\/strong><\/p>\n\n\n\n<p><a href=\"https:\/\/education.francetv.fr\/matiere\/education-civique\/cinquieme\/video\/qu-est-ce-que-le-harcelement-scolaire\">https:\/\/education.francetv.fr\/matiere\/education-civique\/cinquieme\/video\/qu-est-ce-que-le-harcelement-scolaire<\/a><\/p>\n\n\n\n\n\n<p class=\"has-text-align-center\">La classe Dinamo 2<\/p>\n","protected":false},"excerpt":{"rendered":"<p>Anwar: Un ami, il ne raconte pas des histoires sur toi. Coline: C&rsquo;est quelqu&rsquo;un en qui on a confiance. Tina: C&rsquo;est quelqu&rsquo;un qui garde nos secrets. Qui ne les racontent pas \u00e0 tout le monde. Alexandre: C&rsquo;est quelqu&rsquo;un qui te &hellip; <a href=\"https:\/\/www.imelasavoie.fr\/?p=18435\">Continuer la lecture <span class=\"meta-nav\">&rarr;<\/span><\/a><\/p>\n","protected":false},"author":1,"featured_media":0,"comment_status":"open","ping_status":"closed","sticky":false,"template":"","format":"standard","meta":{"footnotes":""},"categories":[48,61,56],"tags":[],"class_list":["post-18435","post","type-post","status-publish","format-standard","hentry","category-actualites","category-dinamo2","category-les-classes-et-ateliers"],"_links":{"self":[{"href":"https:\/\/www.imelasavoie.fr\/index.php?rest_route=\/wp\/v2\/posts\/18435","targetHints":{"allow":["GET"]}}],"collection":[{"href":"https:\/\/www.imelasavoie.fr\/index.php?rest_route=\/wp\/v2\/posts"}],"about":[{"href":"https:\/\/www.imelasavoie.fr\/index.php?rest_route=\/wp\/v2\/types\/post"}],"author":[{"embeddable":true,"href":"https:\/\/www.imelasavoie.fr\/index.php?rest_route=\/wp\/v2\/users\/1"}],"replies":[{"embeddable":true,"href":"https:\/\/www.imelasavoie.fr\/index.php?rest_route=%2Fwp%2Fv2%2Fcomments&post=18435"}],"version-history":[{"count":0,"href":"https:\/\/www.imelasavoie.fr\/index.php?rest_route=\/wp\/v2\/posts\/18435\/revisions"}],"wp:attachment":[{"href":"https:\/\/www.imelasavoie.fr\/index.php?rest_route=%2Fwp%2Fv2%2Fmedia&parent=18435"}],"wp:term":[{"taxonomy":"category","embeddable":true,"href":"https:\/\/www.imelasavoie.fr\/index.php?rest_route=%2Fwp%2Fv2%2Fcategories&post=18435"},{"taxonomy":"post_tag","embeddable":true,"href":"https:\/\/www.imelasavoie.fr\/index.php?rest_route=%2Fwp%2Fv2%2Ftags&post=18435"}],"curies":[{"name":"wp","href":"https:\/\/api.w.org\/{rel}","templated":true}]}}