{"id":19327,"date":"2020-02-12T11:53:38","date_gmt":"2020-02-12T10:53:38","guid":{"rendered":"http:\/\/www.imelasavoie.fr\/?p=19327"},"modified":"2020-02-12T11:57:19","modified_gmt":"2020-02-12T10:57:19","slug":"atelier-pse-les-droits-des-femmes","status":"publish","type":"post","link":"https:\/\/www.imelasavoie.fr\/?p=19327","title":{"rendered":"[Atelier PSE] Les droits des femmes"},"content":{"rendered":"\n<p>La r\u00e9flexion de Coline la semaine pass\u00e9e o\u00f9 elle indiquait que c&rsquo;\u00e9tait aux femmes \u00e0 s&rsquo;occuper des enfants \u00e0 la maison nous a entrain\u00e9 naturellement sur la question des droits des femmes en France aujourd&rsquo;hui. Echange riche \u00e0 nouveau au coeur de notre soci\u00e9t\u00e9 du XXI i\u00e8me si\u00e8cle.<\/p>\n\n\n\n<p class=\"has-text-align-center\"><strong> Les droits des femmes<\/strong><\/p>\n\n\n\n<p>Pensez que les hommes n&rsquo;auraient pas le droit aux cong\u00e9s parentaux d&rsquo;\u00e9ducation pour \u00e9lever son enfant, c&rsquo;est pens\u00e9 comme au si\u00e8cle dernier. C&rsquo;est penser comme la soci\u00e9t\u00e9 fran\u00e7aise du XXi\u00e8me si\u00e8cle. C&rsquo;est une pens\u00e9e, un logiciel \u00ab\u00a0old school\u00a0\u00bb compl\u00e8tement d\u00e9pass\u00e9 aujourd&rsquo;hui. <\/p>\n\n\n\n<p>Imaginez que les femmes seraient r\u00e9duites aux t\u00e2ches m\u00e9nag\u00e8res, \u00e0 l&rsquo;\u00e9ducation des enfants, \u00e0 rester \u00e0 vie \u00e0 la maison&#8230; Et pour l&rsquo;homme de travailler et ramener l&rsquo;argent \u00e0 la maison&#8230;<\/p>\n\n\n\n<p>C&rsquo;est le fonctionnement de la soci\u00e9t\u00e9 fran\u00e7aise du si\u00e8cle dernier o\u00f9 les femmes n&rsquo;avaient pas les m\u00eames droits que les hommes.<\/p>\n\n\n\n<p>Imaginez que le droit de vote des femmes ne fut accord\u00e9 que le 21 avril 1944 et que ces derni\u00e8res votaient pour la premi\u00e8re fois un an plus tard le 29 avril 1945&#8230;<\/p>\n\n\n\n<div class=\"wp-block-image\"><figure class=\"aligncenter size-large\"><img loading=\"lazy\" decoding=\"async\" width=\"300\" height=\"168\" src=\"https:\/\/www.imelasavoie.fr\/wp-content\/uploads\/2020\/02\/index2.jpg\" alt=\"\" class=\"wp-image-19335\"\/><\/figure><\/div>\n\n\n\n<div class=\"wp-block-image\"><figure class=\"aligncenter size-large\"><img loading=\"lazy\" decoding=\"async\" width=\"257\" height=\"196\" src=\"https:\/\/www.imelasavoie.fr\/wp-content\/uploads\/2020\/02\/vote_femmes.jpg\" alt=\"\" class=\"wp-image-19338\"\/><\/figure><\/div>\n\n\n\n<figure class=\"wp-block-image size-large\"><img loading=\"lazy\" decoding=\"async\" width=\"1024\" height=\"528\" src=\"https:\/\/www.imelasavoie.fr\/wp-content\/uploads\/2020\/02\/capture_decran_2017-03-08_a_10.00.03-1024x528.png\" alt=\"\" class=\"wp-image-19331\" srcset=\"https:\/\/www.imelasavoie.fr\/wp-content\/uploads\/2020\/02\/capture_decran_2017-03-08_a_10.00.03-1024x528.png 1024w, https:\/\/www.imelasavoie.fr\/wp-content\/uploads\/2020\/02\/capture_decran_2017-03-08_a_10.00.03-300x155.png 300w, https:\/\/www.imelasavoie.fr\/wp-content\/uploads\/2020\/02\/capture_decran_2017-03-08_a_10.00.03-768x396.png 768w, https:\/\/www.imelasavoie.fr\/wp-content\/uploads\/2020\/02\/capture_decran_2017-03-08_a_10.00.03.png 1233w\" sizes=\"auto, (max-width: 1024px) 100vw, 1024px\" \/><\/figure>\n\n\n\n<div class=\"wp-block-image\"><figure class=\"aligncenter size-large\"><img loading=\"lazy\" decoding=\"async\" width=\"269\" height=\"188\" src=\"https:\/\/www.imelasavoie.fr\/wp-content\/uploads\/2020\/02\/index3.jpg\" alt=\"\" class=\"wp-image-19336\"\/><\/figure><\/div>\n\n\n\n<figure class=\"wp-block-image size-large\"><img loading=\"lazy\" decoding=\"async\" width=\"885\" height=\"500\" src=\"https:\/\/www.imelasavoie.fr\/wp-content\/uploads\/2020\/02\/image8.jpg\" alt=\"\" class=\"wp-image-19333\" srcset=\"https:\/\/www.imelasavoie.fr\/wp-content\/uploads\/2020\/02\/image8.jpg 885w, https:\/\/www.imelasavoie.fr\/wp-content\/uploads\/2020\/02\/image8-300x169.jpg 300w, https:\/\/www.imelasavoie.fr\/wp-content\/uploads\/2020\/02\/image8-768x434.jpg 768w\" sizes=\"auto, (max-width: 885px) 100vw, 885px\" \/><\/figure>\n\n\n\n<p>Imaginez que les femmes avant 1965 n&rsquo;avaient pas le droit d&rsquo;ouvrir un compte en banque ! Jusque l\u00e0, impossible pour elles de d\u00e9cider seules de se rendre dans une banque. Le 13 juillet 1965, elles \u00e9taient autoris\u00e9es \u00e0 ouvrir un compte en banque \u00e0 leur nom.<\/p>\n\n\n\n<figure class=\"wp-block-image size-large\"><img loading=\"lazy\" decoding=\"async\" width=\"754\" height=\"1024\" src=\"https:\/\/www.imelasavoie.fr\/wp-content\/uploads\/2020\/02\/une-femme-et-son-fils-au-guichet-dune-banque-754x1024.jpg\" alt=\"\" class=\"wp-image-19337\" srcset=\"https:\/\/www.imelasavoie.fr\/wp-content\/uploads\/2020\/02\/une-femme-et-son-fils-au-guichet-dune-banque-754x1024.jpg 754w, https:\/\/www.imelasavoie.fr\/wp-content\/uploads\/2020\/02\/une-femme-et-son-fils-au-guichet-dune-banque-221x300.jpg 221w, https:\/\/www.imelasavoie.fr\/wp-content\/uploads\/2020\/02\/une-femme-et-son-fils-au-guichet-dune-banque-768x1043.jpg 768w, https:\/\/www.imelasavoie.fr\/wp-content\/uploads\/2020\/02\/une-femme-et-son-fils-au-guichet-dune-banque-1131x1536.jpg 1131w, https:\/\/www.imelasavoie.fr\/wp-content\/uploads\/2020\/02\/une-femme-et-son-fils-au-guichet-dune-banque.jpg 1399w\" sizes=\"auto, (max-width: 754px) 100vw, 754px\" \/><\/figure>\n\n\n\n<p>Ce combat pour l&rsquo;\u00e9galit\u00e9 entre les hommes et les femmes, c&rsquo;est un combat qui fut au coeur du XXi\u00e8me si\u00e8cle. C&rsquo;est le mouvement f\u00e9ministe port\u00e9 par des femmes \u00e9videmment mais aussi par des hommes et qui a pour objectif commun de d\u00e9finir, de promouvoir et d&rsquo;atteindre l&rsquo;\u00e9galit\u00e9 politique, \u00e9conomique, culturelle, sociale et juridique entre les femmes et les hommes.<\/p>\n\n\n\n<div class=\"wp-block-image\"><figure class=\"aligncenter size-large\"><img loading=\"lazy\" decoding=\"async\" width=\"259\" height=\"194\" src=\"https:\/\/www.imelasavoie.fr\/wp-content\/uploads\/2020\/02\/index.jpg\" alt=\"\" class=\"wp-image-19334\"\/><\/figure><\/div>\n\n\n\n<figure class=\"wp-block-image size-large\"><img loading=\"lazy\" decoding=\"async\" width=\"640\" height=\"426\" src=\"https:\/\/www.imelasavoie.fr\/wp-content\/uploads\/2020\/02\/640_maxbestof070241.jpg\" alt=\"\" class=\"wp-image-19330\" srcset=\"https:\/\/www.imelasavoie.fr\/wp-content\/uploads\/2020\/02\/640_maxbestof070241.jpg 640w, https:\/\/www.imelasavoie.fr\/wp-content\/uploads\/2020\/02\/640_maxbestof070241-300x200.jpg 300w\" sizes=\"auto, (max-width: 640px) 100vw, 640px\" \/><\/figure>\n\n\n\n<figure class=\"wp-block-image size-large\"><img loading=\"lazy\" decoding=\"async\" width=\"980\" height=\"653\" src=\"https:\/\/www.imelasavoie.fr\/wp-content\/uploads\/2020\/02\/csm_46629097_6dd4bf6eb8.jpg\" alt=\"\" class=\"wp-image-19332\" srcset=\"https:\/\/www.imelasavoie.fr\/wp-content\/uploads\/2020\/02\/csm_46629097_6dd4bf6eb8.jpg 980w, https:\/\/www.imelasavoie.fr\/wp-content\/uploads\/2020\/02\/csm_46629097_6dd4bf6eb8-300x200.jpg 300w, https:\/\/www.imelasavoie.fr\/wp-content\/uploads\/2020\/02\/csm_46629097_6dd4bf6eb8-768x512.jpg 768w\" sizes=\"auto, (max-width: 980px) 100vw, 980px\" \/><\/figure>\n\n\n\n<p class=\"has-text-align-center\">\u00e0 suivre&#8230;<\/p>\n\n\n\n<p class=\"has-text-align-center\">La classe dinamo 2<\/p>\n","protected":false},"excerpt":{"rendered":"<p>La r\u00e9flexion de Coline la semaine pass\u00e9e o\u00f9 elle indiquait que c&rsquo;\u00e9tait aux femmes \u00e0 s&rsquo;occuper des enfants \u00e0 la maison nous a entrain\u00e9 naturellement sur la question des droits des femmes en France aujourd&rsquo;hui. Echange riche \u00e0 nouveau au &hellip; <a href=\"https:\/\/www.imelasavoie.fr\/?p=19327\">Continuer la lecture <span class=\"meta-nav\">&rarr;<\/span><\/a><\/p>\n","protected":false},"author":1,"featured_media":0,"comment_status":"open","ping_status":"closed","sticky":false,"template":"","format":"standard","meta":{"footnotes":""},"categories":[48,61,56],"tags":[],"class_list":["post-19327","post","type-post","status-publish","format-standard","hentry","category-actualites","category-dinamo2","category-les-classes-et-ateliers"],"_links":{"self":[{"href":"https:\/\/www.imelasavoie.fr\/index.php?rest_route=\/wp\/v2\/posts\/19327","targetHints":{"allow":["GET"]}}],"collection":[{"href":"https:\/\/www.imelasavoie.fr\/index.php?rest_route=\/wp\/v2\/posts"}],"about":[{"href":"https:\/\/www.imelasavoie.fr\/index.php?rest_route=\/wp\/v2\/types\/post"}],"author":[{"embeddable":true,"href":"https:\/\/www.imelasavoie.fr\/index.php?rest_route=\/wp\/v2\/users\/1"}],"replies":[{"embeddable":true,"href":"https:\/\/www.imelasavoie.fr\/index.php?rest_route=%2Fwp%2Fv2%2Fcomments&post=19327"}],"version-history":[{"count":0,"href":"https:\/\/www.imelasavoie.fr\/index.php?rest_route=\/wp\/v2\/posts\/19327\/revisions"}],"wp:attachment":[{"href":"https:\/\/www.imelasavoie.fr\/index.php?rest_route=%2Fwp%2Fv2%2Fmedia&parent=19327"}],"wp:term":[{"taxonomy":"category","embeddable":true,"href":"https:\/\/www.imelasavoie.fr\/index.php?rest_route=%2Fwp%2Fv2%2Fcategories&post=19327"},{"taxonomy":"post_tag","embeddable":true,"href":"https:\/\/www.imelasavoie.fr\/index.php?rest_route=%2Fwp%2Fv2%2Ftags&post=19327"}],"curies":[{"name":"wp","href":"https:\/\/api.w.org\/{rel}","templated":true}]}}