{"id":19389,"date":"2020-02-17T16:18:21","date_gmt":"2020-02-17T15:18:21","guid":{"rendered":"http:\/\/www.imelasavoie.fr\/?p=19389"},"modified":"2020-02-17T16:23:14","modified_gmt":"2020-02-17T15:23:14","slug":"presentation-de-stage-par-anthony","status":"publish","type":"post","link":"https:\/\/www.imelasavoie.fr\/?p=19389","title":{"rendered":"[pr\u00e9sentation de stage] par Anthony"},"content":{"rendered":"\n<p>Pr\u00e9sentation de mon stage \u00e0 Dardilly<\/p>\n\n\n\n<p>O\u00f9\u00a0? \u00c0 l\u2019Esat Denis cordonnier \u00e0 Dardilly (\u00e0 c\u00f4t\u00e9 de Lyon). C&rsquo;est ma voisine qui va m&#8217;emmener tous les jours sauf le mercredi. (Elle travaille dans les bureaux).<\/p>\n\n\n\n<figure class=\"wp-block-image size-large\"><img loading=\"lazy\" decoding=\"async\" width=\"1024\" height=\"819\" src=\"https:\/\/www.imelasavoie.fr\/wp-content\/uploads\/2020\/02\/esat-anthony-1024x819.png\" alt=\"\" class=\"wp-image-19392\" srcset=\"https:\/\/www.imelasavoie.fr\/wp-content\/uploads\/2020\/02\/esat-anthony-1024x819.png 1024w, https:\/\/www.imelasavoie.fr\/wp-content\/uploads\/2020\/02\/esat-anthony-300x240.png 300w, https:\/\/www.imelasavoie.fr\/wp-content\/uploads\/2020\/02\/esat-anthony-768x614.png 768w, https:\/\/www.imelasavoie.fr\/wp-content\/uploads\/2020\/02\/esat-anthony.png 1280w\" sizes=\"auto, (max-width: 1024px) 100vw, 1024px\" \/><figcaption>Dardilly \u00e0 c\u00f4t\u00e9 de Lyon<\/figcaption><\/figure>\n\n\n\n<p>Quand&nbsp;? Date&nbsp;: je vais faire mon stage apr\u00e8s les vacances de f\u00e9vrier jusqu\u2019au 3 avril (4 semaines de stage= 1 mois).<\/p>\n\n\n\n<p>Horaires&nbsp;: lundi mardi mercredi jeudi de 8h50 \u00e0 16h50 et le vendredi de 8h50 jusqu\u2019\u00e0 15h50.<\/p>\n\n\n\n<p>Tutrice de stage&nbsp;: ma tutrice de stage est St\u00e9phanie Caumont&nbsp; .<\/p>\n\n\n\n<p>Quoi&nbsp;? Ce que je vais faire&nbsp;: je vais faire de la pr\u00e9paration de commande et de l&#8217;empaquetage. C\u2019est-\u00e0-dire, je vais emballer les produits qui seront livr\u00e9s.<\/p>\n\n\n\n<p>Voici des exemples de conditionnement:<\/p>\n\n\n\n<h2 class=\"wp-block-heading\">Skin Pack<\/h2>\n\n\n\n<p>Etude et conception d\u2019outillages de d\u00e9coupe avec possibilit\u00e9 de coins ronds<br>Format de plateau skin 495&#215;695, carton microporeux avec vernis thermoscellant<br>Film skin \u00ab SURLYN \u00bb 5 couches<\/p>\n\n\n\n<p>3 machines ILLIG avec possibilit\u00e9 de d\u00e9coupe en ligne (molettes + trous europ\u00e9ens), 4 d\u00e9coupeurs \u00e0 cylindre ILLIG pour d\u00e9coupe en reprise avec outils de d\u00e9coupe \u00e0 filets.<\/p>\n\n\n\n<figure class=\"wp-block-image size-large is-resized\"><img loading=\"lazy\" decoding=\"async\" src=\"https:\/\/www.imelasavoie.fr\/wp-content\/uploads\/2020\/02\/visu_skin_pack.jpg\" alt=\"\" class=\"wp-image-19390\" width=\"189\" height=\"416\" srcset=\"https:\/\/www.imelasavoie.fr\/wp-content\/uploads\/2020\/02\/visu_skin_pack.jpg 191w, https:\/\/www.imelasavoie.fr\/wp-content\/uploads\/2020\/02\/visu_skin_pack-136x300.jpg 136w\" sizes=\"auto, (max-width: 189px) 100vw, 189px\" \/><\/figure>\n\n\n\n<h2 class=\"wp-block-heading\">Conditionnement Manuel<\/h2>\n\n\n\n<p>Nous prenons en charge tout conditionnement en sachet, bo\u00eetes \u00e0 charni\u00e8re thermoform\u00e9es et pose de cavalier carton.<\/p>\n\n\n\n<figure class=\"wp-block-image size-large\"><img decoding=\"async\" src=\"http:\/\/www.deniscordonnier.com\/conditionnement\/img\/visu_blister.jpg\" alt=\"\"\/><\/figure>\n\n\n\n<h2 class=\"wp-block-heading\">Mise sous film thermor\u00e9tractable<\/h2>\n\n\n\n<p>Notre comp\u00e9tence et notre \u00e9quipement en mati\u00e8re de mise sous film thermotractable nous permet de r\u00e9pondre \u00e0 un large \u00e9ventail de produits que ce soit dans les domaines de la cosm\u00e9tique, des jeux vid\u00e9o, des articles de papeterie, etc., pour des petites et moyennes s\u00e9ries.<\/p>\n\n\n\n<p><\/p>\n\n\n\n<p>Anthony<\/p>\n","protected":false},"excerpt":{"rendered":"<p>Pr\u00e9sentation de mon stage \u00e0 Dardilly O\u00f9\u00a0? \u00c0 l\u2019Esat Denis cordonnier \u00e0 Dardilly (\u00e0 c\u00f4t\u00e9 de Lyon). C&rsquo;est ma voisine qui va m&#8217;emmener tous les jours sauf le mercredi. (Elle travaille dans les bureaux). Quand&nbsp;? Date&nbsp;: je vais faire mon &hellip; <a href=\"https:\/\/www.imelasavoie.fr\/?p=19389\">Continuer la lecture <span class=\"meta-nav\">&rarr;<\/span><\/a><\/p>\n","protected":false},"author":1,"featured_media":0,"comment_status":"open","ping_status":"closed","sticky":false,"template":"","format":"standard","meta":{"footnotes":""},"categories":[48,60],"tags":[],"class_list":["post-19389","post","type-post","status-publish","format-standard","hentry","category-actualites","category-cecof"],"_links":{"self":[{"href":"https:\/\/www.imelasavoie.fr\/index.php?rest_route=\/wp\/v2\/posts\/19389","targetHints":{"allow":["GET"]}}],"collection":[{"href":"https:\/\/www.imelasavoie.fr\/index.php?rest_route=\/wp\/v2\/posts"}],"about":[{"href":"https:\/\/www.imelasavoie.fr\/index.php?rest_route=\/wp\/v2\/types\/post"}],"author":[{"embeddable":true,"href":"https:\/\/www.imelasavoie.fr\/index.php?rest_route=\/wp\/v2\/users\/1"}],"replies":[{"embeddable":true,"href":"https:\/\/www.imelasavoie.fr\/index.php?rest_route=%2Fwp%2Fv2%2Fcomments&post=19389"}],"version-history":[{"count":0,"href":"https:\/\/www.imelasavoie.fr\/index.php?rest_route=\/wp\/v2\/posts\/19389\/revisions"}],"wp:attachment":[{"href":"https:\/\/www.imelasavoie.fr\/index.php?rest_route=%2Fwp%2Fv2%2Fmedia&parent=19389"}],"wp:term":[{"taxonomy":"category","embeddable":true,"href":"https:\/\/www.imelasavoie.fr\/index.php?rest_route=%2Fwp%2Fv2%2Fcategories&post=19389"},{"taxonomy":"post_tag","embeddable":true,"href":"https:\/\/www.imelasavoie.fr\/index.php?rest_route=%2Fwp%2Fv2%2Ftags&post=19389"}],"curies":[{"name":"wp","href":"https:\/\/api.w.org\/{rel}","templated":true}]}}