{"id":21440,"date":"2021-03-01T14:54:13","date_gmt":"2021-03-01T13:54:13","guid":{"rendered":"http:\/\/www.imelasavoie.fr\/?p=21440"},"modified":"2021-03-01T14:54:13","modified_gmt":"2021-03-01T13:54:13","slug":"rapport-de-stage-par-ludivine-2","status":"publish","type":"post","link":"https:\/\/www.imelasavoie.fr\/?p=21440","title":{"rendered":"[Rapport de stage] Par Ludivine"},"content":{"rendered":"\n<p><strong><u>Rapport de stage&nbsp;: Les Serres du Bugey \u00e0 Ch\u00e2teau-Gaillard du mardi 9 au jeudi 11 f\u00e9vrier.<\/u><\/strong><\/p>\n\n\n\n<p><strong><u>Mardi&nbsp; 09&nbsp;\/02\/ 2021<\/u><\/strong>&nbsp;: je suis en stage \u00e0 Ch\u00e2teau-Gaillard.<\/p>\n\n\n\n<p>Je suis arriv\u00e9e \u00e0 8h30. J\u2019ai travaill\u00e9 avec deux coll\u00e8gues. Je les ai aid\u00e9 \u00e0 mettre les fleurs dans les serres et apr\u00e8s j\u2019ai fait du d\u00e9sherbage. J\u2019ai d\u00e9sherb\u00e9 les mauvaises herbes dans les all\u00e9es. &nbsp;Ensuite, j\u2019ai fait du rempotage j\u2019ai fait \u00e7a jusqu\u2019 \u00e0&nbsp; 12h. je devais mettre les fleurs (les Pomp\u00e9\u00ef) en pot sans trop tasser la terre. Apr\u00e8s, je suis all\u00e9e manger au cecof. L\u2019apr\u00e8s-midi, je devais placer des tuteurs dans les nouveaux pots afin que la fleur puisse grandir correctement. On a termin\u00e9 par du m\u00e9nage et le soir \u00e0 17h&nbsp; je suis rentr\u00e9e au Cecof.&nbsp;<\/p>\n\n\n\n<p><strong><u>Mercredi 10 \/ 02\u00a0\/2021\u00a0:<\/u><\/strong> je suis arriv\u00e9e \u00e0 mon stage. \u00a0j\u2019ai fait du d\u00e9sherbage de \u00a0fleurs apr\u00e8s j\u2019ai\u00a0 enlev\u00e9 les feuilles mortes sur les plantes et on a mis des pots \u00a0dans des plaquettes en plastique. Il fallait remplir trois \u00e0 quatre chariots. J\u2019ai fait \u00e7a jusqu\u2019\u00e0 midi et j\u2019ai repris \u00e0 13 h 30. J\u2019ai repris \u00e7a toute l\u2019apr\u00e8s-midi et j\u2019ai nettoy\u00e9 jusqu\u2019\u00e0 17h.<\/p>\n\n\n\n<p><strong>Jeudi\u00a0 11\/ 02 \/2021\u00a0<\/strong>: dernier jour de stage. Je suis arriv\u00e9e et j\u2019ai rempot\u00e9 des lupins rose bleu rouge et jaune avec un coll\u00e8gue. J\u2019ai fait \u00e7a jusqu\u2019\u00e0 midi \u00a0et j\u2019ai repris \u00e0 13 h 30.\u00a0 On a rempot\u00e9 des fleurs dans des pots et on a mis les cintres de la m\u00eame couleur. \u00a0\u00e0 \u00a0la fin de mon stage qui m\u2019a bien plu, \u00a0j\u2019ai eu des \u0153illets.<\/p>\n","protected":false},"excerpt":{"rendered":"<p>Rapport de stage&nbsp;: Les Serres du Bugey \u00e0 Ch\u00e2teau-Gaillard du mardi 9 au jeudi 11 f\u00e9vrier. Mardi&nbsp; 09&nbsp;\/02\/ 2021&nbsp;: je suis en stage \u00e0 Ch\u00e2teau-Gaillard. Je suis arriv\u00e9e \u00e0 8h30. J\u2019ai travaill\u00e9 avec deux coll\u00e8gues. Je les ai aid\u00e9 \u00e0 &hellip; <a href=\"https:\/\/www.imelasavoie.fr\/?p=21440\">Continuer la lecture <span class=\"meta-nav\">&rarr;<\/span><\/a><\/p>\n","protected":false},"author":1,"featured_media":0,"comment_status":"open","ping_status":"closed","sticky":false,"template":"","format":"standard","meta":{"footnotes":""},"categories":[48,60],"tags":[],"class_list":["post-21440","post","type-post","status-publish","format-standard","hentry","category-actualites","category-cecof"],"_links":{"self":[{"href":"https:\/\/www.imelasavoie.fr\/index.php?rest_route=\/wp\/v2\/posts\/21440","targetHints":{"allow":["GET"]}}],"collection":[{"href":"https:\/\/www.imelasavoie.fr\/index.php?rest_route=\/wp\/v2\/posts"}],"about":[{"href":"https:\/\/www.imelasavoie.fr\/index.php?rest_route=\/wp\/v2\/types\/post"}],"author":[{"embeddable":true,"href":"https:\/\/www.imelasavoie.fr\/index.php?rest_route=\/wp\/v2\/users\/1"}],"replies":[{"embeddable":true,"href":"https:\/\/www.imelasavoie.fr\/index.php?rest_route=%2Fwp%2Fv2%2Fcomments&post=21440"}],"version-history":[{"count":0,"href":"https:\/\/www.imelasavoie.fr\/index.php?rest_route=\/wp\/v2\/posts\/21440\/revisions"}],"wp:attachment":[{"href":"https:\/\/www.imelasavoie.fr\/index.php?rest_route=%2Fwp%2Fv2%2Fmedia&parent=21440"}],"wp:term":[{"taxonomy":"category","embeddable":true,"href":"https:\/\/www.imelasavoie.fr\/index.php?rest_route=%2Fwp%2Fv2%2Fcategories&post=21440"},{"taxonomy":"post_tag","embeddable":true,"href":"https:\/\/www.imelasavoie.fr\/index.php?rest_route=%2Fwp%2Fv2%2Ftags&post=21440"}],"curies":[{"name":"wp","href":"https:\/\/api.w.org\/{rel}","templated":true}]}}