{"id":21482,"date":"2021-03-03T13:55:16","date_gmt":"2021-03-03T12:55:16","guid":{"rendered":"http:\/\/www.imelasavoie.fr\/?p=21482"},"modified":"2021-03-03T13:55:16","modified_gmt":"2021-03-03T12:55:16","slug":"expression-ecrite-dans-dix-ans","status":"publish","type":"post","link":"https:\/\/www.imelasavoie.fr\/?p=21482","title":{"rendered":"[Expression \u00e9crite] Dans dix ans&#8230;"},"content":{"rendered":"\n<p>Dans dix ans, j&rsquo;aurai 26 ans.<\/p>\n\n\n\n<p>Dans dix ans, j&rsquo;habiterai \u00e0 Amb\u00e9rieu en Bugey.<\/p>\n\n\n\n<p>Dans dix ans, je serai maquilleuse. (No\u00e9mie)<\/p>\n\n\n\n<p>Dans dix ans, j&rsquo;aurai 23 ans.<\/p>\n\n\n\n<p>Dans dix ans, j&rsquo;habiterai \u00e0 Montr\u00e9al, au Canada.<\/p>\n\n\n\n<p>Dans dix ans, je serai pompier.<\/p>\n\n\n\n<p>Dans dix ans, j&rsquo;aurai une moto-cross Yamaha de 450cc. Ce sera un mod\u00e8le de 2031! (Augustin)<\/p>\n\n\n\n<p>Dans dix ans, j&rsquo;aurai 27 ans.<\/p>\n\n\n\n<p>Dans dix ans, j&rsquo;habiterai \u00e0 Lyon.<\/p>\n\n\n\n<p>Dans dix ans, je serai sage-femme.<\/p>\n\n\n\n<p>Dans dix ans, j&rsquo;aurai une Audi RS9. (Lucie)<\/p>\n\n\n\n<p>Dans dix ans, j&rsquo;aurai 25 ans.<\/p>\n\n\n\n<p>Dans dix ans, j&rsquo;habiterai \u00e0 Chatillon sur Chalaronne.<\/p>\n\n\n\n<p>Dans dix ans, je serai vendeuse.<\/p>\n\n\n\n<p>Dans dix ans, j&rsquo;aurai une voiture de sport! (Estelle)<\/p>\n\n\n\n<p>Dans dix ans, j&rsquo;aurai 28 ans.<\/p>\n\n\n\n<p>Dans dix ans, j&rsquo;habiterai \u00e0 Hauteville-Lompn\u00e8s.<\/p>\n\n\n\n<p>Dans dix ans, je serai vendeuse polyvalente.<\/p>\n\n\n\n<p>Dans dix ans, j&rsquo;aurai mon permis et une voiture toute rose! (A\u00efcha)<\/p>\n\n\n\n<p><\/p>\n\n\n\n<p><\/p>\n","protected":false},"excerpt":{"rendered":"<p>Dans dix ans, j&rsquo;aurai 26 ans. Dans dix ans, j&rsquo;habiterai \u00e0 Amb\u00e9rieu en Bugey. Dans dix ans, je serai maquilleuse. (No\u00e9mie) Dans dix ans, j&rsquo;aurai 23 ans. Dans dix ans, j&rsquo;habiterai \u00e0 Montr\u00e9al, au Canada. Dans dix ans, je serai &hellip; <a href=\"https:\/\/www.imelasavoie.fr\/?p=21482\">Continuer la lecture <span class=\"meta-nav\">&rarr;<\/span><\/a><\/p>\n","protected":false},"author":13,"featured_media":0,"comment_status":"open","ping_status":"closed","sticky":false,"template":"","format":"standard","meta":{"footnotes":""},"categories":[48,59],"tags":[],"class_list":["post-21482","post","type-post","status-publish","format-standard","hentry","category-actualites","category-dinamo1"],"_links":{"self":[{"href":"https:\/\/www.imelasavoie.fr\/index.php?rest_route=\/wp\/v2\/posts\/21482","targetHints":{"allow":["GET"]}}],"collection":[{"href":"https:\/\/www.imelasavoie.fr\/index.php?rest_route=\/wp\/v2\/posts"}],"about":[{"href":"https:\/\/www.imelasavoie.fr\/index.php?rest_route=\/wp\/v2\/types\/post"}],"author":[{"embeddable":true,"href":"https:\/\/www.imelasavoie.fr\/index.php?rest_route=\/wp\/v2\/users\/13"}],"replies":[{"embeddable":true,"href":"https:\/\/www.imelasavoie.fr\/index.php?rest_route=%2Fwp%2Fv2%2Fcomments&post=21482"}],"version-history":[{"count":0,"href":"https:\/\/www.imelasavoie.fr\/index.php?rest_route=\/wp\/v2\/posts\/21482\/revisions"}],"wp:attachment":[{"href":"https:\/\/www.imelasavoie.fr\/index.php?rest_route=%2Fwp%2Fv2%2Fmedia&parent=21482"}],"wp:term":[{"taxonomy":"category","embeddable":true,"href":"https:\/\/www.imelasavoie.fr\/index.php?rest_route=%2Fwp%2Fv2%2Fcategories&post=21482"},{"taxonomy":"post_tag","embeddable":true,"href":"https:\/\/www.imelasavoie.fr\/index.php?rest_route=%2Fwp%2Fv2%2Ftags&post=21482"}],"curies":[{"name":"wp","href":"https:\/\/api.w.org\/{rel}","templated":true}]}}