{"id":21487,"date":"2021-03-03T22:13:41","date_gmt":"2021-03-03T21:13:41","guid":{"rendered":"http:\/\/www.imelasavoie.fr\/?p=21487"},"modified":"2021-03-03T22:13:41","modified_gmt":"2021-03-03T21:13:41","slug":"musique-et-culture-hiro-de-soprano","status":"publish","type":"post","link":"https:\/\/www.imelasavoie.fr\/?p=21487","title":{"rendered":"[Musique et Culture] Hiro de Soprano"},"content":{"rendered":"\n<p>Au sein de la classe Dinamo 2, nous travaillons en ce moment sur des paroles de chansons fran\u00e7aises. Nous essayons de comprendre le message de l&rsquo;auteur et de nous mettre \u00e0 sa place pour continuer de nouveaux couplets.<\/p>\n\n\n\n<p>Depuis la semaine derni\u00e8re, nous travaillons sur une chanson de Soprano (un des chanteurs pr\u00e9f\u00e9r\u00e9s de Ma\u00eblys) : Hiro. Cette chanson a \u00e9t\u00e9 \u00e9crite \u00e0 l&rsquo;occasion des 30 ans de Soprano. Au moment de souffler ses bougies, il \u00e9met un voeu : celui d&rsquo;avoir le pouvoir de voyager dans le temps. On est alors plong\u00e9 dans un v\u00e9ritable cours d&rsquo;histoire et de culture.<\/p>\n\n\n\n<p>Cette semaine, nous avons cherch\u00e9 sur Internet des informations sur certains personnages et \u00e9v\u00e9nements que nous ne connaissions pas :<\/p>\n\n\n\n<p>Matt\u00e9o, notre sp\u00e9cialiste des catastrophes a\u00e9riennes, est revenu sur le crash du vol Yemenia 626 en 2009, un avion qui s&rsquo;est \u00e9cras\u00e9 aux Comores (on a retrouv\u00e9 cette \u00eele sur la carte entre l&rsquo;Afrique et Madagascar).<\/p>\n\n\n\n<p>Coline, Laura et Bilal ont \u00e9voqu\u00e9 la lutte pour les droits de la population noire \u00e0 travers les pr\u00e9sentations succinctes de Martin Luther King, Malcolm X et Nelson Mandela. Cela nous a permis de bien d\u00e9battre autour du racisme. Tina et Coline ont eu beaucoup de mal \u00e0 s&rsquo;imaginer  qu&rsquo;il y a si peu d&rsquo;ann\u00e9es aux Etats-Unis ou en Afrique du Sud le racisme \u00e9tait encore si important et les lois si absurdes&#8230;<\/p>\n\n\n\n<p>Ma\u00e9va, la sp\u00e9cialiste princesse, savait d\u00e9j\u00e0 beaucoup de choses sur Lady Diana (on a revu la composition du Royaume-Uni avec notamment le Pays de Galles) et Tina nous a fait d\u00e9couvrir la chanteuse Aaliyah.<\/p>\n\n\n\n<p>Nous avons m\u00eame essay\u00e9 de changer le cours des \u00e9v\u00e9nements (l&rsquo;effet papillon) en utilisant le pouvoir de Soprano :<\/p>\n\n\n\n<p><em>Si j\u2019avais eu le pouvoir de Hiro Nakamura,<br>J\u2019aurais \u00e9t\u00e9 en Chine au march\u00e9 de Wuhan<br>Pour mettre en quarantaine ce pangolin (Ma\u00e9va)<\/em><\/p>\n\n\n\n<p><em>Si j\u2019avais eu le pouvoir de Hiro Nakamura,<br>J\u2019aurais \u00e9t\u00e9 forcer les gouvernements de plus s\u2019engager lors des accords de Paris de 2015<br>Pour arr\u00eater de polluer la plan\u00e8te (Hugo)<\/em><\/p>\n\n\n\n<p><em>Si j\u2019avais eu le pouvoir de Hiro Nakamura,<br>J\u2019aurais \u00e9t\u00e9 voir M. Paultes<br>Pour changer mon emploi du temps (Th\u00e9o)<\/em><\/p>\n\n\n\n<p>Pour d\u00e9couvrir vous aussi cette chanson et \u00e0 votre tour voyager, le lien est ci-dessous :<\/p>\n\n\n\n<figure class=\"wp-block-embed is-type-video is-provider-youtube wp-block-embed-youtube wp-embed-aspect-16-9 wp-has-aspect-ratio\"><div class=\"wp-block-embed__wrapper\">\n<iframe loading=\"lazy\" title=\"Soprano - Hiro feat. Indila (Clip officiel)\" width=\"640\" height=\"360\" src=\"https:\/\/www.youtube.com\/embed\/VLPRQUbhIT0?feature=oembed\" frameborder=\"0\" allow=\"accelerometer; autoplay; clipboard-write; encrypted-media; gyroscope; picture-in-picture; web-share\" referrerpolicy=\"strict-origin-when-cross-origin\" allowfullscreen><\/iframe>\n<\/div><figcaption>Clip de la chanson Hiro de Soprano<\/figcaption><\/figure>\n","protected":false},"excerpt":{"rendered":"<p>Au sein de la classe Dinamo 2, nous travaillons en ce moment sur des paroles de chansons fran\u00e7aises. Nous essayons de comprendre le message de l&rsquo;auteur et de nous mettre \u00e0 sa place pour continuer de nouveaux couplets. Depuis la &hellip; <a href=\"https:\/\/www.imelasavoie.fr\/?p=21487\">Continuer la lecture <span class=\"meta-nav\">&rarr;<\/span><\/a><\/p>\n","protected":false},"author":10,"featured_media":0,"comment_status":"open","ping_status":"closed","sticky":false,"template":"","format":"standard","meta":{"footnotes":""},"categories":[48,61],"tags":[227,162,108],"class_list":["post-21487","post","type-post","status-publish","format-standard","hentry","category-actualites","category-dinamo2","tag-culture","tag-dinamo-pro","tag-musique"],"_links":{"self":[{"href":"https:\/\/www.imelasavoie.fr\/index.php?rest_route=\/wp\/v2\/posts\/21487","targetHints":{"allow":["GET"]}}],"collection":[{"href":"https:\/\/www.imelasavoie.fr\/index.php?rest_route=\/wp\/v2\/posts"}],"about":[{"href":"https:\/\/www.imelasavoie.fr\/index.php?rest_route=\/wp\/v2\/types\/post"}],"author":[{"embeddable":true,"href":"https:\/\/www.imelasavoie.fr\/index.php?rest_route=\/wp\/v2\/users\/10"}],"replies":[{"embeddable":true,"href":"https:\/\/www.imelasavoie.fr\/index.php?rest_route=%2Fwp%2Fv2%2Fcomments&post=21487"}],"version-history":[{"count":0,"href":"https:\/\/www.imelasavoie.fr\/index.php?rest_route=\/wp\/v2\/posts\/21487\/revisions"}],"wp:attachment":[{"href":"https:\/\/www.imelasavoie.fr\/index.php?rest_route=%2Fwp%2Fv2%2Fmedia&parent=21487"}],"wp:term":[{"taxonomy":"category","embeddable":true,"href":"https:\/\/www.imelasavoie.fr\/index.php?rest_route=%2Fwp%2Fv2%2Fcategories&post=21487"},{"taxonomy":"post_tag","embeddable":true,"href":"https:\/\/www.imelasavoie.fr\/index.php?rest_route=%2Fwp%2Fv2%2Ftags&post=21487"}],"curies":[{"name":"wp","href":"https:\/\/api.w.org\/{rel}","templated":true}]}}