{"id":21843,"date":"2021-04-30T08:44:29","date_gmt":"2021-04-30T07:44:29","guid":{"rendered":"https:\/\/www.imelasavoie.fr\/?p=21843"},"modified":"2021-05-03T18:48:03","modified_gmt":"2021-05-03T17:48:03","slug":"rapport-de-stage-par-romarick","status":"publish","type":"post","link":"https:\/\/www.imelasavoie.fr\/?p=21843","title":{"rendered":"[Rapport de stage] par Romarick"},"content":{"rendered":"\n<p><strong>Tuteur:<\/strong> Durant Christophe<\/p>\n\n\n\n<p><strong>Entreprise:<\/strong> APTV (Entreprise Espace Vert)<\/p>\n\n\n\n<p><strong>Lieu:<\/strong> 01170 Cessy<\/p>\n\n\n\n<p><strong>Dur\u00e9e:<\/strong>1 mois (avril)<\/p>\n\n\n\n<p><strong>Activit\u00e9s r\u00e9alis\u00e9es:<\/strong><\/p>\n\n\n\n<p>Pendant le mois de stage, j&rsquo;ai effectu\u00e9 plusieurs chantiers.<\/p>\n\n\n\n<p>Il y avait de l&rsquo;engazonnement en plaque, le gazon en tamisage, mise en place de b\u00e2ches, plantes et pose de copeaux.<\/p>\n\n\n\n<p>J&rsquo;ai r\u00e9alis\u00e9 aussi du brassage de mortier, des terrasses et des murs.<\/p>\n\n\n\n<p>J&rsquo;ai \u00e9galement d\u00e9sherb\u00e9 et pass\u00e9 le souffleur. Et pour finir, j&rsquo;ai arros\u00e9 les plantations (arbres, gazons, arbustes).<\/p>\n\n\n\n<p><strong>Les difficult\u00e9s:<\/strong><\/p>\n\n\n\n<p>Les trois premiers jours, j&rsquo;ai eu des soucis de pr\u00e9cision dans les gestes professionnels mais j&rsquo;ai su \u00eatre plus attentif les autres jours.<\/p>\n\n\n\n<p>Il \u00e9tait difficile aussi de se lever \u00e0 6h tous les matins.<\/p>\n\n\n\n<p>J&rsquo;ai eu \u00e9galement des difficult\u00e9s \u00e0 m&rsquo;adresser aux diff\u00e9rentes personnes<\/p>\n\n\n\n<p>&nbsp;de l&rsquo;entreprise. J&rsquo;\u00e9tais trop familier.<\/p>\n\n\n\n<p><strong><u>Ce que j&rsquo;ai pref\u00e9r\u00e9:<\/u><\/strong> J&rsquo;ai aim\u00e9 poser le gazon en plaque,\u00a0 mettre des b\u00e2ches,\u00a0 installer les plantes et les copeaux. J&rsquo;ai ador\u00e9 faire de la ma\u00e7onnerie paysag\u00e8re et l&rsquo;ambiance de travail avec les coll\u00e8gues.<\/p>\n\n\n\n<p><strong><u>Ce que je n&rsquo;ai pas aim\u00e9<\/u><\/strong>: Je n&rsquo;ai pas aim\u00e9 pr\u00e9parer le terrain pour engazonner en tamisage.<\/p>\n\n\n\n<p>Fait par: Romarick Claudin&nbsp;&nbsp;&nbsp;&nbsp;&nbsp;&nbsp;&nbsp;&nbsp;&nbsp;&nbsp;&nbsp;&nbsp;&nbsp;&nbsp;&nbsp;&nbsp;&nbsp;&nbsp;&nbsp; Date du raport:28\/04\/2021<\/p>\n","protected":false},"excerpt":{"rendered":"<p>Tuteur: Durant Christophe Entreprise: APTV (Entreprise Espace Vert) Lieu: 01170 Cessy Dur\u00e9e:1 mois (avril) Activit\u00e9s r\u00e9alis\u00e9es: Pendant le mois de stage, j&rsquo;ai effectu\u00e9 plusieurs chantiers. Il y avait de l&rsquo;engazonnement en plaque, le gazon en tamisage, mise en place de &hellip; <a href=\"https:\/\/www.imelasavoie.fr\/?p=21843\">Continuer la lecture <span class=\"meta-nav\">&rarr;<\/span><\/a><\/p>\n","protected":false},"author":1,"featured_media":0,"comment_status":"open","ping_status":"closed","sticky":false,"template":"","format":"standard","meta":{"footnotes":""},"categories":[48,60],"tags":[],"class_list":["post-21843","post","type-post","status-publish","format-standard","hentry","category-actualites","category-cecof"],"_links":{"self":[{"href":"https:\/\/www.imelasavoie.fr\/index.php?rest_route=\/wp\/v2\/posts\/21843","targetHints":{"allow":["GET"]}}],"collection":[{"href":"https:\/\/www.imelasavoie.fr\/index.php?rest_route=\/wp\/v2\/posts"}],"about":[{"href":"https:\/\/www.imelasavoie.fr\/index.php?rest_route=\/wp\/v2\/types\/post"}],"author":[{"embeddable":true,"href":"https:\/\/www.imelasavoie.fr\/index.php?rest_route=\/wp\/v2\/users\/1"}],"replies":[{"embeddable":true,"href":"https:\/\/www.imelasavoie.fr\/index.php?rest_route=%2Fwp%2Fv2%2Fcomments&post=21843"}],"version-history":[{"count":0,"href":"https:\/\/www.imelasavoie.fr\/index.php?rest_route=\/wp\/v2\/posts\/21843\/revisions"}],"wp:attachment":[{"href":"https:\/\/www.imelasavoie.fr\/index.php?rest_route=%2Fwp%2Fv2%2Fmedia&parent=21843"}],"wp:term":[{"taxonomy":"category","embeddable":true,"href":"https:\/\/www.imelasavoie.fr\/index.php?rest_route=%2Fwp%2Fv2%2Fcategories&post=21843"},{"taxonomy":"post_tag","embeddable":true,"href":"https:\/\/www.imelasavoie.fr\/index.php?rest_route=%2Fwp%2Fv2%2Ftags&post=21843"}],"curies":[{"name":"wp","href":"https:\/\/api.w.org\/{rel}","templated":true}]}}