{"id":22074,"date":"2021-06-09T11:12:47","date_gmt":"2021-06-09T09:12:47","guid":{"rendered":"https:\/\/www.imelasavoie.fr\/?p=22074"},"modified":"2021-06-11T11:29:00","modified_gmt":"2021-06-11T09:29:00","slug":"sortie-montcornelles","status":"publish","type":"post","link":"https:\/\/www.imelasavoie.fr\/?p=22074","title":{"rendered":"[sortie] Montcornelles"},"content":{"rendered":"\n<p>Le mardi 1er juin nous avons visit\u00e9 le chantier m\u00e9di\u00e9val de Montcornelles. <\/p>\n\n\n\n<p>Le projet est de construire un village de 600 habitants. Les b\u00e2tisseurs se laissent 40 ans pour finir le chantier. Il a commenc\u00e9 il y a deux ans.<\/p>\n\n\n\n<p>Le village est construit comme au 14\u00e8me si\u00e8cle, avec les outils et les mat\u00e9riaux de l&rsquo;\u00e9poque. En ce moment, les b\u00e2tisseurs travaillent sur une tour de guet. Ils ont fini les plans et ils taillent les pierres pour la structure. <\/p>\n\n\n\n<figure class=\"wp-block-image\"><img decoding=\"async\" src=\"https:\/\/thumbs.dreamstime.com\/b\/tour-de-guet-en-bois-et-pierre-surplombant-la-petite-ville-slovaquie-centrale-krupina-b%C3%A2timent-contre-l-invasion-terroristes-181601166.jpg\" alt=\"650 Tour De Guet En Bois Photos libres de droits et gratuites de Dreamstime\" \/><figcaption>Tour de guet<\/figcaption><\/figure>\n\n\n\n<p>Pour ce chantier, ils utilisent de la pierre d&rsquo;Hauteville : c&rsquo;est une des pierres les plus solides d&rsquo;Europe ! Elle est tr\u00e8s longue \u00e0 tailler. Le tailleur de pierre nous a expliqu\u00e9 qu&rsquo;il fallait parfois 3 semaines pour tailler une seule pierre.<\/p>\n\n\n\n<p>Pour monter les pierres sur la tour, les b\u00e2tisseurs utilisent une dr\u00f4le de machine en bois : la roue de carrier (aussi appell\u00e9e cage \u00e0 \u00e9cureuil, vous devinerez pourquoi!). Il faut marcher \u00e0 l&rsquo;int\u00e9rieur pour monter des charges.<\/p>\n\n\n\n<figure class=\"wp-block-image\"><img decoding=\"async\" src=\"https:\/\/upload.wikimedia.org\/wikipedia\/commons\/0\/08\/Cage_%C3%A0_%C3%A9cureuils_Gu%C3%A9delon.JPG\" alt=\"Roue de carrier \u2014 Wikip\u00e9dia\" \/><\/figure>\n\n\n\n<figure class=\"wp-block-image\"><img decoding=\"async\" src=\"https:\/\/lewebpedagogique.com\/brascroises\/files\/2016\/04\/Capture-d%E2%80%99%C3%A9cran-2016-04-17-%C3%A0-08.21.18-3.png\" alt=\"La cage \u00e0 \u00ab '\u00e9cureuil \u00bb \u2013 &quot;Souvenez-vous que, dans la vie, sans un peu de  travail on n'a point de plaisir.&quot;\" \/><\/figure>\n\n\n\n<p>Pour construire les maisons, le ciment n&rsquo;existait pas au moyen age. Ils utilisent de la chaux et de la boue s\u00e9ch\u00e9e pour remplacer le ciment. Voil\u00e0 \u00e0 quoi ressemblent les m\u00fbrs : <\/p>\n\n\n\n<figure class=\"wp-block-image size-large\"><a href=\"https:\/\/www.imelasavoie.fr\/wp-content\/uploads\/2021\/06\/thumbnail_IMG_2936.jpg\"><img loading=\"lazy\" decoding=\"async\" width=\"768\" height=\"1024\" src=\"https:\/\/www.imelasavoie.fr\/wp-content\/uploads\/2021\/06\/thumbnail_IMG_2936-768x1024.jpg\" alt=\"\" class=\"wp-image-22076\" srcset=\"https:\/\/www.imelasavoie.fr\/wp-content\/uploads\/2021\/06\/thumbnail_IMG_2936-768x1024.jpg 768w, https:\/\/www.imelasavoie.fr\/wp-content\/uploads\/2021\/06\/thumbnail_IMG_2936-225x300.jpg 225w, https:\/\/www.imelasavoie.fr\/wp-content\/uploads\/2021\/06\/thumbnail_IMG_2936.jpg 960w\" sizes=\"auto, (max-width: 768px) 100vw, 768px\" \/><\/a><\/figure>\n\n\n\n<p>Pour les toitures, elles sont toutes en bois. Il n&rsquo;y avait pas de tuiles en argile \u00e0 l&rsquo;\u00e9poque, il fallait tailler du bois en forme de tuile. Le bois ne doit surtout pas \u00eatre ponc\u00e9 pour que les rainures naturelles servent de petite goutti\u00e8re pour que l&rsquo;eau s&rsquo;\u00e9coule.  <\/p>\n\n\n\n<figure class=\"wp-block-image\"><img decoding=\"async\" src=\"https:\/\/upload.wikimedia.org\/wikipedia\/commons\/thumb\/0\/01\/Saint-Alpinien_%C3%A9glise_clocher_bardeaux_%282%29.jpg\/240px-Saint-Alpinien_%C3%A9glise_clocher_bardeaux_%282%29.jpg\" alt=\"Bardeau \u2014 Wikip\u00e9dia\" \/><\/figure>\n\n\n\n<p>Pour attacher les tuiles entre elles, on ne se servait pas de clou car le m\u00e9tal \u00e9tait 2 fois plus cher que l&rsquo;or ! Ils les attachaient avec des morceaux de bois. <\/p>\n\n\n\n<p>Nous avons aussi visit\u00e9 la forge. La forge c&rsquo;est l&rsquo;endroit o\u00f9 on travaille le m\u00e9tal. Il y a un grand souffleur et un grand feu. Pour attiser le feu on se sert de l&rsquo;air du souffleur. Pour souffler, le forgeron doit tirer sur la \u00ab\u00a0queue de vache\u00a0\u00bb c&rsquo;est une ficelle attach\u00e9e au souffleur. <\/p>\n\n\n\n<figure class=\"wp-block-image\"><img decoding=\"async\" src=\"https:\/\/attachments.office.net\/owa\/classe.mandela1%40lespep01.org\/service.svc\/s\/GetAttachmentThumbnail?id=AQMkADgwOGMxZGMwLTllODYtNDI1YS1hN2ExLWQ1YjNmNjhiMjNkNgBGAAADX8JDG8x5xE61qNznmO%2FGsgcAceP%2Bkr1F10%2BPzGjBsk0NRAAAAgEMAAAAceP%2Bkr1F10%2BPzGjBsk0NRAABDgGrdwAAAAESABAAjs4wpkm3VUCH%2FP%2FpKngxtg%3D%3D&amp;thumbnailType=2&amp;token=eyJhbGciOiJSUzI1NiIsImtpZCI6IjMwODE3OUNFNUY0QjUyRTc4QjJEQjg5NjZCQUY0RUNDMzcyN0FFRUUiLCJ0eXAiOiJKV1QiLCJ4NXQiOiJNSUY1emw5TFV1ZUxMYmlXYTY5T3pEY25ydTQifQ.eyJvcmlnaW4iOiJodHRwczovL291dGxvb2sub2ZmaWNlMzY1LmNvbSIsInVjIjoiYzljOGJmYTAwMzU5NDc0NTk5ZWIwNmQxN2QyNjcwNTYiLCJzaWduaW5fc3RhdGUiOiJbXCJrbXNpXCJdIiwidmVyIjoiRXhjaGFuZ2UuQ2FsbGJhY2suVjEiLCJhcHBjdHhzZW5kZXIiOiJPd2FEb3dubG9hZEA3OGVmMDFjZi0yYjU1LTQ4MWItYWIwYy1jNGY0ZGM1MjkyMGIiLCJpc3NyaW5nIjoiV1ciLCJhcHBjdHgiOiJ7XCJtc2V4Y2hwcm90XCI6XCJvd2FcIixcInB1aWRcIjpcIjExNTM4MDExMTY4OTM1MTQ1OTRcIixcInNjb3BlXCI6XCJPd2FEb3dubG9hZFwiLFwib2lkXCI6XCI1Nzc5MDlhZC0yMzk4LTQ1NTgtYjhmZC1mMjkxOTJhZTYxZGVcIixcInByaW1hcnlzaWRcIjpcIlMtMS01LTIxLTE0NzU1MTE5NDctMTI3NDQwNTEwMS0xMDQ0MjUyODI0LTQxNDg2ODhcIn0iLCJuYmYiOjE2MjMyMjkzMTksImV4cCI6MTYyMzIyOTkxOSwiaXNzIjoiMDAwMDAwMDItMDAwMC0wZmYxLWNlMDAtMDAwMDAwMDAwMDAwQDc4ZWYwMWNmLTJiNTUtNDgxYi1hYjBjLWM0ZjRkYzUyOTIwYiIsImF1ZCI6IjAwMDAwMDAyLTAwMDAtMGZmMS1jZTAwLTAwMDAwMDAwMDAwMC9hdHRhY2htZW50cy5vZmZpY2UubmV0QDc4ZWYwMWNmLTJiNTUtNDgxYi1hYjBjLWM0ZjRkYzUyOTIwYiIsImhhcHAiOiJvd2EifQ.lL9S_vv3iYuegez4QzOCVomanUZnC8YNwtxzmHn35eQfiOiD4AnntpRSMQfAfmiwC1H7f4ePEZa4TzYgnKeGKUeUpQuLAki3-WVQUOS-aFU01DYcDXxBMqwJy09GrK_tQrub1X7pSJdlm2benqtjs0zObxbnxM1j7R_agWjavrAxllztGAeRu3FHDHDYQ5TKSQDf2R-P_uKIfujOPDfy4YzeXNhBVyVHhlDqm6cZLBj9I8kPax1sKOaC0o3nqSS27AaQWP4tXT-mzHKAyAjNEwJ6qqpmYyzLU1I7bKDOaovtfAX9LbfUCaEYUz6DT2qzQkZAfQuONciJTEii1bSQ9A&amp;X-OWA-CANARY=ZuneXIBZQk2HXmgZYjIR7oDkU_ElK9kYEemYYsQxgcqDnCft3kCWY_ZbMk15mNIm0hQh4g9yAds.&amp;owa=outlook.office365.com&amp;scriptVer=20210524004.18&amp;animation=true\" alt=\"\" \/><\/figure>\n\n\n\n<p>Le m\u00e9tal chaud est plus mou, plus mal\u00e9able. Les forgerons re\u00e7oivent des lingots de m\u00e9tal et les fa\u00e7onnent en outils. Ils fa\u00e7onnent des manches en bois et le reste en m\u00e9tal. <\/p>\n\n\n\n<figure class=\"wp-block-image\"><img decoding=\"async\" src=\"https:\/\/p0.storage.canalblog.com\/05\/98\/951489\/76220453.jpg\" alt=\"OUTILS\u2026 - isaOze\" \/><\/figure>\n\n\n\n<p>Quand ils ont termin\u00e9 de chauffer le m\u00e9tal et de fa\u00e7onner leur pi\u00e8ce, ils plongent le m\u00e9tal chaud dans l&rsquo;eau pour le rendre dur. <\/p>\n\n\n\n<p><\/p>\n\n\n\n<p>Ce qui nous a marqu\u00e9 \u00e0 l&rsquo;entr\u00e9e, ce sont les toilettes s\u00e8ches. C&rsquo;est un trou mais il n&rsquo;y a pas d&rsquo;eau dedans. Il y a des copeaux de bois. Quand on a fini nos besoins, on devait mettre une pelle de copeau \u00e0 l&rsquo;int\u00e9rieur. Au moyen \u00e2ge, il n&rsquo;y avait pas d&rsquo;eau courante. <\/p>\n\n\n\n<figure class=\"wp-block-image\"><img decoding=\"async\" src=\"https:\/\/attachments.office.net\/owa\/classe.mandela1%40lespep01.org\/service.svc\/s\/GetAttachmentThumbnail?id=AQMkADgwOGMxZGMwLTllODYtNDI1YS1hN2ExLWQ1YjNmNjhiMjNkNgBGAAADX8JDG8x5xE61qNznmO%2FGsgcAceP%2Bkr1F10%2BPzGjBsk0NRAAAAgEMAAAAceP%2Bkr1F10%2BPzGjBsk0NRAABDgGrdgAAAAESABAAQ2MQ%2BMP8XkKwoBP%2Fl90VAQ%3D%3D&amp;thumbnailType=2&amp;token=eyJhbGciOiJSUzI1NiIsImtpZCI6IjMwODE3OUNFNUY0QjUyRTc4QjJEQjg5NjZCQUY0RUNDMzcyN0FFRUUiLCJ0eXAiOiJKV1QiLCJ4NXQiOiJNSUY1emw5TFV1ZUxMYmlXYTY5T3pEY25ydTQifQ.eyJvcmlnaW4iOiJodHRwczovL291dGxvb2sub2ZmaWNlMzY1LmNvbSIsInVjIjoiYzljOGJmYTAwMzU5NDc0NTk5ZWIwNmQxN2QyNjcwNTYiLCJzaWduaW5fc3RhdGUiOiJbXCJrbXNpXCJdIiwidmVyIjoiRXhjaGFuZ2UuQ2FsbGJhY2suVjEiLCJhcHBjdHhzZW5kZXIiOiJPd2FEb3dubG9hZEA3OGVmMDFjZi0yYjU1LTQ4MWItYWIwYy1jNGY0ZGM1MjkyMGIiLCJpc3NyaW5nIjoiV1ciLCJhcHBjdHgiOiJ7XCJtc2V4Y2hwcm90XCI6XCJvd2FcIixcInB1aWRcIjpcIjExNTM4MDExMTY4OTM1MTQ1OTRcIixcInNjb3BlXCI6XCJPd2FEb3dubG9hZFwiLFwib2lkXCI6XCI1Nzc5MDlhZC0yMzk4LTQ1NTgtYjhmZC1mMjkxOTJhZTYxZGVcIixcInByaW1hcnlzaWRcIjpcIlMtMS01LTIxLTE0NzU1MTE5NDctMTI3NDQwNTEwMS0xMDQ0MjUyODI0LTQxNDg2ODhcIn0iLCJuYmYiOjE2MjMyMjkzMTksImV4cCI6MTYyMzIyOTkxOSwiaXNzIjoiMDAwMDAwMDItMDAwMC0wZmYxLWNlMDAtMDAwMDAwMDAwMDAwQDc4ZWYwMWNmLTJiNTUtNDgxYi1hYjBjLWM0ZjRkYzUyOTIwYiIsImF1ZCI6IjAwMDAwMDAyLTAwMDAtMGZmMS1jZTAwLTAwMDAwMDAwMDAwMC9hdHRhY2htZW50cy5vZmZpY2UubmV0QDc4ZWYwMWNmLTJiNTUtNDgxYi1hYjBjLWM0ZjRkYzUyOTIwYiIsImhhcHAiOiJvd2EifQ.lL9S_vv3iYuegez4QzOCVomanUZnC8YNwtxzmHn35eQfiOiD4AnntpRSMQfAfmiwC1H7f4ePEZa4TzYgnKeGKUeUpQuLAki3-WVQUOS-aFU01DYcDXxBMqwJy09GrK_tQrub1X7pSJdlm2benqtjs0zObxbnxM1j7R_agWjavrAxllztGAeRu3FHDHDYQ5TKSQDf2R-P_uKIfujOPDfy4YzeXNhBVyVHhlDqm6cZLBj9I8kPax1sKOaC0o3nqSS27AaQWP4tXT-mzHKAyAjNEwJ6qqpmYyzLU1I7bKDOaovtfAX9LbfUCaEYUz6DT2qzQkZAfQuONciJTEii1bSQ9A&amp;X-OWA-CANARY=R1q4jZexKEeVj0x3tj0E8iBsLUElK9kYYAl8woIccRbegQZP45A66kQZICbi5mrJzFsHWHbAHJA.&amp;owa=outlook.office365.com&amp;scriptVer=20210524004.18&amp;animation=true\" alt=\"Aper\u00e7u de l\u2019image\" \/><\/figure>\n\n\n\n<p>Questions : <\/p>\n\n\n\n<ul class=\"wp-block-list\"><li>Dans combien de temps doivent ils avoir fini le chantier ?<\/li><li>Quelle pierre est principalement utilis\u00e9e sur le chantier de Montcornelles ?<\/li><li>Pourquoi faut-il tremper le m\u00e9tal chaud dans l&rsquo;eau froide ?<\/li><li>A votre avis, \u00e0 quoi sert cet outil ? <\/li><\/ul>\n\n\n\n<figure class=\"wp-block-image\"><img decoding=\"async\" src=\"https:\/\/artisa-chimaera.fr\/sites\/default\/files\/styles\/lightbox\/public\/portfolio\/316\/p1110896-1600x1200.jpg?itok=PSCVrAKu\" alt=\"Archipendule de ma\u00e7on | Artisa Chimaera\" \/><\/figure>\n\n\n\n<ul class=\"wp-block-list\"><li>Comment faisaient-ils pour mesurer alors que le m\u00e8tre n&rsquo;existait pas ? <\/li><\/ul>\n\n\n\n<p><\/p>\n","protected":false},"excerpt":{"rendered":"<p>Le mardi 1er juin nous avons visit\u00e9 le chantier m\u00e9di\u00e9val de Montcornelles. Le projet est de construire un village de 600 habitants. Les b\u00e2tisseurs se laissent 40 ans pour finir le chantier. Il a commenc\u00e9 il y a deux ans. &hellip; <a href=\"https:\/\/www.imelasavoie.fr\/?p=22074\">Continuer la lecture <span class=\"meta-nav\">&rarr;<\/span><\/a><\/p>\n","protected":false},"author":14,"featured_media":0,"comment_status":"open","ping_status":"closed","sticky":false,"template":"","format":"standard","meta":{"footnotes":""},"categories":[48,57],"tags":[],"class_list":["post-22074","post","type-post","status-publish","format-standard","hentry","category-actualites","category-mandela1"],"_links":{"self":[{"href":"https:\/\/www.imelasavoie.fr\/index.php?rest_route=\/wp\/v2\/posts\/22074","targetHints":{"allow":["GET"]}}],"collection":[{"href":"https:\/\/www.imelasavoie.fr\/index.php?rest_route=\/wp\/v2\/posts"}],"about":[{"href":"https:\/\/www.imelasavoie.fr\/index.php?rest_route=\/wp\/v2\/types\/post"}],"author":[{"embeddable":true,"href":"https:\/\/www.imelasavoie.fr\/index.php?rest_route=\/wp\/v2\/users\/14"}],"replies":[{"embeddable":true,"href":"https:\/\/www.imelasavoie.fr\/index.php?rest_route=%2Fwp%2Fv2%2Fcomments&post=22074"}],"version-history":[{"count":0,"href":"https:\/\/www.imelasavoie.fr\/index.php?rest_route=\/wp\/v2\/posts\/22074\/revisions"}],"wp:attachment":[{"href":"https:\/\/www.imelasavoie.fr\/index.php?rest_route=%2Fwp%2Fv2%2Fmedia&parent=22074"}],"wp:term":[{"taxonomy":"category","embeddable":true,"href":"https:\/\/www.imelasavoie.fr\/index.php?rest_route=%2Fwp%2Fv2%2Fcategories&post=22074"},{"taxonomy":"post_tag","embeddable":true,"href":"https:\/\/www.imelasavoie.fr\/index.php?rest_route=%2Fwp%2Fv2%2Ftags&post=22074"}],"curies":[{"name":"wp","href":"https:\/\/api.w.org\/{rel}","templated":true}]}}