{"id":22081,"date":"2021-06-11T09:47:21","date_gmt":"2021-06-11T07:47:21","guid":{"rendered":"https:\/\/www.imelasavoie.fr\/?p=22081"},"modified":"2021-06-11T10:01:52","modified_gmt":"2021-06-11T08:01:52","slug":"rapport-de-stage-adapaysage-par-axel","status":"publish","type":"post","link":"https:\/\/www.imelasavoie.fr\/?p=22081","title":{"rendered":"[rapport de stage] Adapaysage par Axel"},"content":{"rendered":"\n<p><strong><u>Rapport de stage<\/u><\/strong><\/p>\n\n\n\n<p>Entreprise\u00a0: Adapaysage \u00e0 Bourg-en-Bresse. C&rsquo;est une entreprise adapt\u00e9e.<\/p>\n\n\n\n<p>Dates&nbsp;: du 26\/04 au 21\/05\/2021<\/p>\n\n\n\n<p>Ma\u00eetre de stage&nbsp;: Jean-Fran\u00e7ois.<\/p>\n\n\n\n<p>Lundi 26\/04&nbsp;: matin tonte \u00e0 Attignat chez deux particuliers et l\u2019apr\u00e8s midi, d\u00e9sherbage de 5 massifs \u00e0 P\u00e9ronnas dans la maison de retraite des Ancholies.<\/p>\n\n\n\n<p>Mardi 27\/04&nbsp;: matin d\u00e9broussaillage \u00e0 P\u00e9ronnas et tonte d\u00e9sherbage \u00e0 Bourg et l\u2019apr\u00e8s midi, b\u00eachage plante arbre et massif \u00e0 Saint Denis les bourg.<\/p>\n\n\n\n<p>Mercredi 28\/04&nbsp;: chantier dans le Bugey \u00e0 l\u2019Abergement de Varey pour un \u00e9norme&nbsp; d\u00e9sherbage de l\u2019Equisetum Japonicum.<\/p>\n\n\n\n<p>jeudi 29\/04&nbsp;:&nbsp; j\u2019ai d\u00e9sherb\u00e9 autour d\u2019une entreprise et l\u2019apr\u00e8s-midi, chantier de tonte aux Vennes.<\/p>\n\n\n\n<p><strong><u>2\u00e8 semaine Adapaysage<\/u><\/strong><\/p>\n\n\n\n<p>lundi 3\/05&nbsp;: matin d\u00e9sherbage et tonte \u00e0 Saint Just Revonnas et Saint Etienne du bois&nbsp;: b\u00eachage d\u2019un massif de rosiers et l\u2019apr\u00e8s-midi, nettoyage de cour d\u00e9sherbage, d\u00e9moussage et tonte \u00e0 Treffort et \u00e0 Ceyz\u00e9riat.<\/p>\n\n\n\n<p>Mardi 4\/05&nbsp;: matin d\u00e9broussaillage \u00e0 Courmang0oux et Cuisiat et l\u2019apr\u00e8s-midi, d\u00e9broussaillage d\u2019un foss\u00e9 \u00e0 Garde et d\u00e9broussaillage \u00e0 bourg aux Vennes.<\/p>\n\n\n\n<p>Mercredi 5\/05&nbsp;: matin tonte et finitions au fil \u00e0 Saint Denis les bourg et l\u2019apr\u00e8s-midi, d\u00e9broussaillage \u00e0 P\u00e9ronnas et aux Vennes et finitions.<\/p>\n\n\n\n<p>Jeudi 6\/05&nbsp;: matin tonte aux Vennes et \u00e0 P\u00e9ronnas et l\u2019apr\u00e8s-midi, tonte \u00e0 S\u00e9nissiat.<\/p>\n\n\n\n<p><strong><u>3\u00e8 semaine Adapaysage<\/u><\/strong><\/p>\n\n\n\n<p>lundi 10\/05&nbsp;: matin chantier de tonte \u00e0 P\u00e9ronnas et Bourg. Nous avons d\u00fb rentrer au d\u00e9p\u00f4t car il y avait un intemp\u00e9rie et l\u2019apr\u00e8s midi, je suis rentr\u00e9 chez moi car c\u2019\u00e9tait intemp\u00e9rie toute la journ\u00e9e.<\/p>\n\n\n\n<p>Mardi 11\/05&nbsp;: matin raclage des bordures et d\u00e9sherbage \u00e0 Saint Denis Les Bourg et l\u2019apr\u00e8s midi d\u00e9broussaillage \u00e0 Saint Denis Les Bourg et \u00e0 Ceyz\u00e9riat<\/p>\n\n\n\n<p>mercredi 12\/05&nbsp;: d\u00e9broussaillage et tonte dans l\u2019entreprise Rovipfarme \u00e0 Treffort et l\u2019apr\u00e8s midi tonte et d\u00e9broussaillage \u00e0 Ceyz\u00e9riat et nettoyage et aff\u00fbtage du mat\u00e9riel.<\/p>\n\n\n\n<p><strong><u>4\u00e8 semaine Adapaysage<\/u><\/strong><\/p>\n\n\n\n<p>lundi 17\/05&nbsp;: matin d\u00e9broussaillage autour des arbres et \u00e0 cot\u00e9 du grillage et d\u00e9sherbage. L\u2019apr\u00e8s midi, d\u00e9sherbage et nettoyage de branches \u00e0 P\u00e9ronnas.<\/p>\n\n\n\n<p>Mardi 18\/05&nbsp;: matin d\u00e9broussaillage au C.F.A des Vennes et l\u2019apr\u00e8s midi entretien du mat\u00e9riel.<\/p>\n\n\n\n<p>mercredi 19\/05tonte la journ\u00e9e entretien du mat\u00e9riel.<\/p>\n\n\n\n<p>Jeudi 20\/05&nbsp;: matin tonte \u00e0 Saint Just et \u00e0 Ceyzeriat et l\u2019apr\u00e8s midi d\u00e9broussaillage chez des particuliers \u00e0 Treffort et sur Bourg.<\/p>\n\n\n\n<p><strong><em>Conclusion&nbsp;:<\/em><\/strong><\/p>\n\n\n\n<p>Ce stage m\u2019a permis de travailler en \u00e9quipe et de faire attention \u00e0 la s\u00e9curit\u00e9 sur les chantiers et notamment \u00e0 proximit\u00e9 de la route. J\u2019ai appris \u00e0 communiquer avec mes coll\u00e8gues, leur parler de mani\u00e8re adapt\u00e9 et de fa\u00e7on professionnel. J\u2019ai trouv\u00e9 que les chantiers \u00e9taient plus faciles qu\u2019\u00e0 ASB.<\/p>\n\n\n\n<p>Enfin, j\u2019ai travaill\u00e9 mon endurance au travail sur la semaine.<\/p>\n","protected":false},"excerpt":{"rendered":"<p>Rapport de stage Entreprise\u00a0: Adapaysage \u00e0 Bourg-en-Bresse. C&rsquo;est une entreprise adapt\u00e9e. Dates&nbsp;: du 26\/04 au 21\/05\/2021 Ma\u00eetre de stage&nbsp;: Jean-Fran\u00e7ois. Lundi 26\/04&nbsp;: matin tonte \u00e0 Attignat chez deux particuliers et l\u2019apr\u00e8s midi, d\u00e9sherbage de 5 massifs \u00e0 P\u00e9ronnas dans la &hellip; <a href=\"https:\/\/www.imelasavoie.fr\/?p=22081\">Continuer la lecture <span class=\"meta-nav\">&rarr;<\/span><\/a><\/p>\n","protected":false},"author":1,"featured_media":0,"comment_status":"open","ping_status":"closed","sticky":false,"template":"","format":"standard","meta":{"footnotes":""},"categories":[48,60],"tags":[],"class_list":["post-22081","post","type-post","status-publish","format-standard","hentry","category-actualites","category-cecof"],"_links":{"self":[{"href":"https:\/\/www.imelasavoie.fr\/index.php?rest_route=\/wp\/v2\/posts\/22081","targetHints":{"allow":["GET"]}}],"collection":[{"href":"https:\/\/www.imelasavoie.fr\/index.php?rest_route=\/wp\/v2\/posts"}],"about":[{"href":"https:\/\/www.imelasavoie.fr\/index.php?rest_route=\/wp\/v2\/types\/post"}],"author":[{"embeddable":true,"href":"https:\/\/www.imelasavoie.fr\/index.php?rest_route=\/wp\/v2\/users\/1"}],"replies":[{"embeddable":true,"href":"https:\/\/www.imelasavoie.fr\/index.php?rest_route=%2Fwp%2Fv2%2Fcomments&post=22081"}],"version-history":[{"count":0,"href":"https:\/\/www.imelasavoie.fr\/index.php?rest_route=\/wp\/v2\/posts\/22081\/revisions"}],"wp:attachment":[{"href":"https:\/\/www.imelasavoie.fr\/index.php?rest_route=%2Fwp%2Fv2%2Fmedia&parent=22081"}],"wp:term":[{"taxonomy":"category","embeddable":true,"href":"https:\/\/www.imelasavoie.fr\/index.php?rest_route=%2Fwp%2Fv2%2Fcategories&post=22081"},{"taxonomy":"post_tag","embeddable":true,"href":"https:\/\/www.imelasavoie.fr\/index.php?rest_route=%2Fwp%2Fv2%2Ftags&post=22081"}],"curies":[{"name":"wp","href":"https:\/\/api.w.org\/{rel}","templated":true}]}}