{"id":22238,"date":"2021-09-08T09:26:48","date_gmt":"2021-09-08T07:26:48","guid":{"rendered":"https:\/\/www.imelasavoie.fr\/?p=22238"},"modified":"2021-09-09T09:11:52","modified_gmt":"2021-09-09T07:11:52","slug":"eps-randonnee-a-la-cascade-de-melogne","status":"publish","type":"post","link":"https:\/\/www.imelasavoie.fr\/?p=22238","title":{"rendered":"[EPS] Randonn\u00e9e \u00e0 la cascade de M\u00e9logne"},"content":{"rendered":"\n<p>Ce mardi, avec les deux classes Dinamos, nous avons profit\u00e9 du beau temps pour faire une randonn\u00e9e \u00e0 pieds. Nous sommes all\u00e9s voir la cascade de M\u00e9logne, puis nous sommes revenus par Cormaranche. <\/p>\n\n\n\n<figure class=\"wp-block-image size-large\"><a href=\"https:\/\/www.imelasavoie.fr\/wp-content\/uploads\/2021\/09\/IMG_20210907_143735185-scaled.jpg\"><img loading=\"lazy\" decoding=\"async\" width=\"1024\" height=\"768\" src=\"https:\/\/www.imelasavoie.fr\/wp-content\/uploads\/2021\/09\/IMG_20210907_143735185-1024x768.jpg\" alt=\"\" class=\"wp-image-22239\" srcset=\"https:\/\/www.imelasavoie.fr\/wp-content\/uploads\/2021\/09\/IMG_20210907_143735185-1024x768.jpg 1024w, https:\/\/www.imelasavoie.fr\/wp-content\/uploads\/2021\/09\/IMG_20210907_143735185-300x225.jpg 300w, https:\/\/www.imelasavoie.fr\/wp-content\/uploads\/2021\/09\/IMG_20210907_143735185-768x576.jpg 768w, https:\/\/www.imelasavoie.fr\/wp-content\/uploads\/2021\/09\/IMG_20210907_143735185-1536x1152.jpg 1536w, https:\/\/www.imelasavoie.fr\/wp-content\/uploads\/2021\/09\/IMG_20210907_143735185-2048x1536.jpg 2048w\" sizes=\"auto, (max-width: 1024px) 100vw, 1024px\" \/><\/a><\/figure>\n\n\n\n<p>C&rsquo;\u00e9tait une longue marche! Mais la cascade \u00e9tait belle! Vivement la prochaine randonn\u00e9e!!<\/p>\n","protected":false},"excerpt":{"rendered":"<p>Ce mardi, avec les deux classes Dinamos, nous avons profit\u00e9 du beau temps pour faire une randonn\u00e9e \u00e0 pieds. Nous sommes all\u00e9s voir la cascade de M\u00e9logne, puis nous sommes revenus par Cormaranche. C&rsquo;\u00e9tait une longue marche! Mais la cascade &hellip; <a href=\"https:\/\/www.imelasavoie.fr\/?p=22238\">Continuer la lecture <span class=\"meta-nav\">&rarr;<\/span><\/a><\/p>\n","protected":false},"author":13,"featured_media":0,"comment_status":"open","ping_status":"closed","sticky":false,"template":"","format":"standard","meta":{"footnotes":""},"categories":[8,59],"tags":[],"class_list":["post-22238","post","type-post","status-publish","format-standard","hentry","category-accueil","category-dinamo1"],"_links":{"self":[{"href":"https:\/\/www.imelasavoie.fr\/index.php?rest_route=\/wp\/v2\/posts\/22238","targetHints":{"allow":["GET"]}}],"collection":[{"href":"https:\/\/www.imelasavoie.fr\/index.php?rest_route=\/wp\/v2\/posts"}],"about":[{"href":"https:\/\/www.imelasavoie.fr\/index.php?rest_route=\/wp\/v2\/types\/post"}],"author":[{"embeddable":true,"href":"https:\/\/www.imelasavoie.fr\/index.php?rest_route=\/wp\/v2\/users\/13"}],"replies":[{"embeddable":true,"href":"https:\/\/www.imelasavoie.fr\/index.php?rest_route=%2Fwp%2Fv2%2Fcomments&post=22238"}],"version-history":[{"count":0,"href":"https:\/\/www.imelasavoie.fr\/index.php?rest_route=\/wp\/v2\/posts\/22238\/revisions"}],"wp:attachment":[{"href":"https:\/\/www.imelasavoie.fr\/index.php?rest_route=%2Fwp%2Fv2%2Fmedia&parent=22238"}],"wp:term":[{"taxonomy":"category","embeddable":true,"href":"https:\/\/www.imelasavoie.fr\/index.php?rest_route=%2Fwp%2Fv2%2Fcategories&post=22238"},{"taxonomy":"post_tag","embeddable":true,"href":"https:\/\/www.imelasavoie.fr\/index.php?rest_route=%2Fwp%2Fv2%2Ftags&post=22238"}],"curies":[{"name":"wp","href":"https:\/\/api.w.org\/{rel}","templated":true}]}}