{"id":22567,"date":"2021-10-06T09:29:25","date_gmt":"2021-10-06T07:29:25","guid":{"rendered":"https:\/\/www.imelasavoie.fr\/?p=22567"},"modified":"2021-10-06T09:29:25","modified_gmt":"2021-10-06T07:29:25","slug":"projet-photos-seance-n1-annee-2021-2022","status":"publish","type":"post","link":"https:\/\/www.imelasavoie.fr\/?p=22567","title":{"rendered":"[projet photos] S\u00e9ance n\u00b01 ann\u00e9e 2021\/2022"},"content":{"rendered":"\n<figure class=\"wp-block-image size-full\"><a href=\"https:\/\/www.imelasavoie.fr\/wp-content\/uploads\/2021\/10\/image.png\"><img loading=\"lazy\" decoding=\"async\" width=\"605\" height=\"402\" src=\"https:\/\/www.imelasavoie.fr\/wp-content\/uploads\/2021\/10\/image.png\" alt=\"\" class=\"wp-image-22568\" srcset=\"https:\/\/www.imelasavoie.fr\/wp-content\/uploads\/2021\/10\/image.png 605w, https:\/\/www.imelasavoie.fr\/wp-content\/uploads\/2021\/10\/image-300x199.png 300w\" sizes=\"auto, (max-width: 605px) 100vw, 605px\" \/><\/a><\/figure>\n\n\n\n<p>Jeudi dernier, le 30 septembre, Christophe le photographe est venu pour poursuivre le projet \u00ab\u00a0photos\u00a0\u00bb commenc\u00e9 l&rsquo;an dernier avec les classes Dinamos 1 et 2.<\/p>\n\n\n\n<p>Certains \u00e9l\u00e8ves du groupe d\u00e9couvraient l&rsquo;atelier photo. Ceux qui avaient particip\u00e9 l&rsquo;ann\u00e9e derni\u00e8re ont pu leur expliquer comment monter le studio (techniques, vocabulaire,&#8230;).<\/p>\n\n\n\n<p>Les nouveaux ont pu prendre en photo un objet qu&rsquo;ils avaient choisi dans leur atelier professionnel (en illustration une photo de Lucie prise l&rsquo;an dernier, nous n&rsquo;avons pas encore celles de cette ann\u00e9e).<\/p>\n\n\n\n<p>Nous vous informerons r\u00e9guli\u00e8rement des suites de ce projet.<\/p>\n\n\n\n<figure class=\"wp-block-image size-full\"><a href=\"https:\/\/www.imelasavoie.fr\/wp-content\/uploads\/2021\/10\/image-1.png\"><img loading=\"lazy\" decoding=\"async\" width=\"605\" height=\"340\" src=\"https:\/\/www.imelasavoie.fr\/wp-content\/uploads\/2021\/10\/image-1.png\" alt=\"\" class=\"wp-image-22569\" srcset=\"https:\/\/www.imelasavoie.fr\/wp-content\/uploads\/2021\/10\/image-1.png 605w, https:\/\/www.imelasavoie.fr\/wp-content\/uploads\/2021\/10\/image-1-300x169.png 300w\" sizes=\"auto, (max-width: 605px) 100vw, 605px\" \/><\/a><\/figure>\n\n\n\n<p>Les classes Dinamos 1 et 2<\/p>\n","protected":false},"excerpt":{"rendered":"<p>Jeudi dernier, le 30 septembre, Christophe le photographe est venu pour poursuivre le projet \u00ab\u00a0photos\u00a0\u00bb commenc\u00e9 l&rsquo;an dernier avec les classes Dinamos 1 et 2. Certains \u00e9l\u00e8ves du groupe d\u00e9couvraient l&rsquo;atelier photo. Ceux qui avaient particip\u00e9 l&rsquo;ann\u00e9e derni\u00e8re ont pu &hellip; <a href=\"https:\/\/www.imelasavoie.fr\/?p=22567\">Continuer la lecture <span class=\"meta-nav\">&rarr;<\/span><\/a><\/p>\n","protected":false},"author":13,"featured_media":0,"comment_status":"open","ping_status":"closed","sticky":false,"template":"","format":"standard","meta":{"footnotes":""},"categories":[48,59],"tags":[],"class_list":["post-22567","post","type-post","status-publish","format-standard","hentry","category-actualites","category-dinamo1"],"_links":{"self":[{"href":"https:\/\/www.imelasavoie.fr\/index.php?rest_route=\/wp\/v2\/posts\/22567","targetHints":{"allow":["GET"]}}],"collection":[{"href":"https:\/\/www.imelasavoie.fr\/index.php?rest_route=\/wp\/v2\/posts"}],"about":[{"href":"https:\/\/www.imelasavoie.fr\/index.php?rest_route=\/wp\/v2\/types\/post"}],"author":[{"embeddable":true,"href":"https:\/\/www.imelasavoie.fr\/index.php?rest_route=\/wp\/v2\/users\/13"}],"replies":[{"embeddable":true,"href":"https:\/\/www.imelasavoie.fr\/index.php?rest_route=%2Fwp%2Fv2%2Fcomments&post=22567"}],"version-history":[{"count":0,"href":"https:\/\/www.imelasavoie.fr\/index.php?rest_route=\/wp\/v2\/posts\/22567\/revisions"}],"wp:attachment":[{"href":"https:\/\/www.imelasavoie.fr\/index.php?rest_route=%2Fwp%2Fv2%2Fmedia&parent=22567"}],"wp:term":[{"taxonomy":"category","embeddable":true,"href":"https:\/\/www.imelasavoie.fr\/index.php?rest_route=%2Fwp%2Fv2%2Fcategories&post=22567"},{"taxonomy":"post_tag","embeddable":true,"href":"https:\/\/www.imelasavoie.fr\/index.php?rest_route=%2Fwp%2Fv2%2Ftags&post=22567"}],"curies":[{"name":"wp","href":"https:\/\/api.w.org\/{rel}","templated":true}]}}