{"id":22871,"date":"2021-10-20T09:30:10","date_gmt":"2021-10-20T07:30:10","guid":{"rendered":"https:\/\/www.imelasavoie.fr\/?p=22871"},"modified":"2021-10-20T09:30:10","modified_gmt":"2021-10-20T07:30:10","slug":"eps-randonnee-du-marais-de-vaux","status":"publish","type":"post","link":"https:\/\/www.imelasavoie.fr\/?p=22871","title":{"rendered":"[EPS] Randonn\u00e9e du marais de Vaux"},"content":{"rendered":"\n<figure class=\"wp-block-image size-full\"><a href=\"https:\/\/www.imelasavoie.fr\/wp-content\/uploads\/2021\/10\/49-tab.jpg\"><img loading=\"lazy\" decoding=\"async\" width=\"1000\" height=\"750\" src=\"https:\/\/www.imelasavoie.fr\/wp-content\/uploads\/2021\/10\/49-tab.jpg\" alt=\"\" class=\"wp-image-22872\" srcset=\"https:\/\/www.imelasavoie.fr\/wp-content\/uploads\/2021\/10\/49-tab.jpg 1000w, https:\/\/www.imelasavoie.fr\/wp-content\/uploads\/2021\/10\/49-tab-300x225.jpg 300w, https:\/\/www.imelasavoie.fr\/wp-content\/uploads\/2021\/10\/49-tab-768x576.jpg 768w\" sizes=\"auto, (max-width: 1000px) 100vw, 1000px\" \/><\/a><\/figure>\n\n\n\n<p>Mardi 19, nous avons fait une belle ballade \u00e0 pieds au marais de Vaux. Un nouveau chemin sur pilotis a \u00e9t\u00e9 construit il y a quelques semaines. Il permet de traverser le marais en restant au sec!<\/p>\n\n\n\n<p>Sur la carte de la classe, nous avons mesur\u00e9 notre trajet et nous avons trouv\u00e9 25cm.<\/p>\n\n\n\n<p>Avec l&rsquo;\u00e9chelle de la carte (photo ci-dessous), calculer la longueur de notre randonn\u00e9e. Donnez votre r\u00e9ponse en km et en m.<\/p>\n\n\n\n<figure class=\"wp-block-image size-full\"><a href=\"https:\/\/www.imelasavoie.fr\/wp-content\/uploads\/2021\/10\/image-2.png\"><img loading=\"lazy\" decoding=\"async\" width=\"294\" height=\"538\" src=\"https:\/\/www.imelasavoie.fr\/wp-content\/uploads\/2021\/10\/image-2.png\" alt=\"\" class=\"wp-image-22873\" srcset=\"https:\/\/www.imelasavoie.fr\/wp-content\/uploads\/2021\/10\/image-2.png 294w, https:\/\/www.imelasavoie.fr\/wp-content\/uploads\/2021\/10\/image-2-164x300.png 164w\" sizes=\"auto, (max-width: 294px) 100vw, 294px\" \/><\/a><\/figure>\n\n\n\n<figure class=\"wp-block-image size-full\"><a href=\"https:\/\/www.imelasavoie.fr\/wp-content\/uploads\/2021\/10\/image-3.png\"><img loading=\"lazy\" decoding=\"async\" width=\"442\" height=\"478\" src=\"https:\/\/www.imelasavoie.fr\/wp-content\/uploads\/2021\/10\/image-3.png\" alt=\"\" class=\"wp-image-22874\" srcset=\"https:\/\/www.imelasavoie.fr\/wp-content\/uploads\/2021\/10\/image-3.png 442w, https:\/\/www.imelasavoie.fr\/wp-content\/uploads\/2021\/10\/image-3-277x300.png 277w\" sizes=\"auto, (max-width: 442px) 100vw, 442px\" \/><\/a><\/figure>\n\n\n\n<p>La classe Dinamo 1<\/p>\n","protected":false},"excerpt":{"rendered":"<p>Mardi 19, nous avons fait une belle ballade \u00e0 pieds au marais de Vaux. Un nouveau chemin sur pilotis a \u00e9t\u00e9 construit il y a quelques semaines. Il permet de traverser le marais en restant au sec! Sur la carte &hellip; <a href=\"https:\/\/www.imelasavoie.fr\/?p=22871\">Continuer la lecture <span class=\"meta-nav\">&rarr;<\/span><\/a><\/p>\n","protected":false},"author":13,"featured_media":0,"comment_status":"open","ping_status":"closed","sticky":false,"template":"","format":"standard","meta":{"footnotes":""},"categories":[48,59],"tags":[],"class_list":["post-22871","post","type-post","status-publish","format-standard","hentry","category-actualites","category-dinamo1"],"_links":{"self":[{"href":"https:\/\/www.imelasavoie.fr\/index.php?rest_route=\/wp\/v2\/posts\/22871","targetHints":{"allow":["GET"]}}],"collection":[{"href":"https:\/\/www.imelasavoie.fr\/index.php?rest_route=\/wp\/v2\/posts"}],"about":[{"href":"https:\/\/www.imelasavoie.fr\/index.php?rest_route=\/wp\/v2\/types\/post"}],"author":[{"embeddable":true,"href":"https:\/\/www.imelasavoie.fr\/index.php?rest_route=\/wp\/v2\/users\/13"}],"replies":[{"embeddable":true,"href":"https:\/\/www.imelasavoie.fr\/index.php?rest_route=%2Fwp%2Fv2%2Fcomments&post=22871"}],"version-history":[{"count":0,"href":"https:\/\/www.imelasavoie.fr\/index.php?rest_route=\/wp\/v2\/posts\/22871\/revisions"}],"wp:attachment":[{"href":"https:\/\/www.imelasavoie.fr\/index.php?rest_route=%2Fwp%2Fv2%2Fmedia&parent=22871"}],"wp:term":[{"taxonomy":"category","embeddable":true,"href":"https:\/\/www.imelasavoie.fr\/index.php?rest_route=%2Fwp%2Fv2%2Fcategories&post=22871"},{"taxonomy":"post_tag","embeddable":true,"href":"https:\/\/www.imelasavoie.fr\/index.php?rest_route=%2Fwp%2Fv2%2Ftags&post=22871"}],"curies":[{"name":"wp","href":"https:\/\/api.w.org\/{rel}","templated":true}]}}