{"id":23156,"date":"2021-12-03T12:26:32","date_gmt":"2021-12-03T10:26:32","guid":{"rendered":"https:\/\/www.imelasavoie.fr\/?p=23156"},"modified":"2021-12-03T13:31:08","modified_gmt":"2021-12-03T11:31:08","slug":"atelier-theatre-spectacle-von-munchausen","status":"publish","type":"post","link":"https:\/\/www.imelasavoie.fr\/?p=23156","title":{"rendered":"[Atelier th\u00e9\u00e2tre] Spectacle Von M\u00fcnchausen"},"content":{"rendered":"\n<div class=\"wp-block-image\"><figure class=\"aligncenter size-full\"><a href=\"https:\/\/www.imelasavoie.fr\/wp-content\/uploads\/2021\/12\/affiche-von-munchausen202110.jpg\"><img loading=\"lazy\" decoding=\"async\" width=\"714\" height=\"1000\" src=\"https:\/\/www.imelasavoie.fr\/wp-content\/uploads\/2021\/12\/affiche-von-munchausen202110.jpg\" alt=\"\" class=\"wp-image-23166\" srcset=\"https:\/\/www.imelasavoie.fr\/wp-content\/uploads\/2021\/12\/affiche-von-munchausen202110.jpg 714w, https:\/\/www.imelasavoie.fr\/wp-content\/uploads\/2021\/12\/affiche-von-munchausen202110-214x300.jpg 214w\" sizes=\"auto, (max-width: 714px) 100vw, 714px\" \/><\/a><\/figure><\/div>\n\n\n\n<p>Mardi 30 novembre, les classes mandela 1 et mandela 2 ont assist\u00e9 \u00e0 un spectacle de th\u00e9\u00e2tre au coll\u00e8ge d&rsquo;Hauteville avec les \u00e9l\u00e8ves de l&rsquo;atelier th\u00e9\u00e2tre de Mme Lehrman et ceux de la section th\u00e9\u00e2tre de Mme Sanejouand du coll\u00e8ge. <\/p>\n\n\n\n<p>Voici les retours des \u00e9l\u00e8ves de la classe Mandela 2 suite \u00e0 cette repr\u00e9sentation.<\/p>\n\n\n\n<p>Mattis: J&rsquo;ai trouv\u00e9 ce spectacle magique et marrant. J&rsquo;ai ressenti de la joie et \u00e7a m&rsquo;a fait du bien.<\/p>\n\n\n\n<figure class=\"wp-block-image size-large\"><a href=\"https:\/\/www.imelasavoie.fr\/wp-content\/uploads\/2021\/12\/VM18.jpg\"><img loading=\"lazy\" decoding=\"async\" width=\"1024\" height=\"683\" src=\"https:\/\/www.imelasavoie.fr\/wp-content\/uploads\/2021\/12\/VM18-1024x683.jpg\" alt=\"\" class=\"wp-image-23178\" srcset=\"https:\/\/www.imelasavoie.fr\/wp-content\/uploads\/2021\/12\/VM18-1024x683.jpg 1024w, https:\/\/www.imelasavoie.fr\/wp-content\/uploads\/2021\/12\/VM18-300x200.jpg 300w, https:\/\/www.imelasavoie.fr\/wp-content\/uploads\/2021\/12\/VM18-768x512.jpg 768w, https:\/\/www.imelasavoie.fr\/wp-content\/uploads\/2021\/12\/VM18.jpg 1200w\" sizes=\"auto, (max-width: 1024px) 100vw, 1024px\" \/><\/a><\/figure>\n\n\n\n<p>Mehdi: L&rsquo;histoire \u00e9tait bizarre mais en m\u00eame temps tr\u00e8s dr\u00f4le. Elle m&rsquo;a fait beaucoup rire. J&rsquo;ai bien aim\u00e9 le passage avec le sultan et le d\u00e9fi de la bouteille de vin.<\/p>\n\n\n\n<figure class=\"wp-block-image size-large\"><a href=\"https:\/\/www.imelasavoie.fr\/wp-content\/uploads\/2021\/12\/VM21.jpg\"><img loading=\"lazy\" decoding=\"async\" width=\"1024\" height=\"683\" src=\"https:\/\/www.imelasavoie.fr\/wp-content\/uploads\/2021\/12\/VM21-1024x683.jpg\" alt=\"\" class=\"wp-image-23181\" srcset=\"https:\/\/www.imelasavoie.fr\/wp-content\/uploads\/2021\/12\/VM21-1024x683.jpg 1024w, https:\/\/www.imelasavoie.fr\/wp-content\/uploads\/2021\/12\/VM21-300x200.jpg 300w, https:\/\/www.imelasavoie.fr\/wp-content\/uploads\/2021\/12\/VM21-768x512.jpg 768w, https:\/\/www.imelasavoie.fr\/wp-content\/uploads\/2021\/12\/VM21.jpg 1200w\" sizes=\"auto, (max-width: 1024px) 100vw, 1024px\" \/><\/a><\/figure>\n\n\n\n<p>R\u00e9my: Moi, j&rsquo;ai trouv\u00e9 \u00e7a bizarre. Surtout le moment o\u00f9 il descendait de la Lune parce que la corde restait droite. On avait l&rsquo;impression qu&rsquo;il volait dans le ciel. <\/p>\n\n\n\n<figure class=\"wp-block-image size-large\"><a href=\"https:\/\/www.imelasavoie.fr\/wp-content\/uploads\/2021\/12\/VM33.jpg\"><img loading=\"lazy\" decoding=\"async\" width=\"683\" height=\"1024\" src=\"https:\/\/www.imelasavoie.fr\/wp-content\/uploads\/2021\/12\/VM33-683x1024.jpg\" alt=\"\" class=\"wp-image-23193\" srcset=\"https:\/\/www.imelasavoie.fr\/wp-content\/uploads\/2021\/12\/VM33-683x1024.jpg 683w, https:\/\/www.imelasavoie.fr\/wp-content\/uploads\/2021\/12\/VM33-200x300.jpg 200w, https:\/\/www.imelasavoie.fr\/wp-content\/uploads\/2021\/12\/VM33-768x1152.jpg 768w, https:\/\/www.imelasavoie.fr\/wp-content\/uploads\/2021\/12\/VM33.jpg 800w\" sizes=\"auto, (max-width: 683px) 100vw, 683px\" \/><\/a><\/figure>\n\n\n\n<p>Gabriel: J&rsquo;ai bien aim\u00e9. Ca m&rsquo;a fait oublier mes probl\u00e8mes. Ca m&rsquo;a fait rigoler. Mon  moment pr\u00e9f\u00e9r\u00e9, c&rsquo;est quand il nous a fait participer. <\/p>\n\n\n\n<figure class=\"wp-block-image size-large\"><a href=\"https:\/\/www.imelasavoie.fr\/wp-content\/uploads\/2021\/12\/VM36.jpg\"><img loading=\"lazy\" decoding=\"async\" width=\"683\" height=\"1024\" src=\"https:\/\/www.imelasavoie.fr\/wp-content\/uploads\/2021\/12\/VM36-683x1024.jpg\" alt=\"\" class=\"wp-image-23196\" srcset=\"https:\/\/www.imelasavoie.fr\/wp-content\/uploads\/2021\/12\/VM36-683x1024.jpg 683w, https:\/\/www.imelasavoie.fr\/wp-content\/uploads\/2021\/12\/VM36-200x300.jpg 200w, https:\/\/www.imelasavoie.fr\/wp-content\/uploads\/2021\/12\/VM36-768x1152.jpg 768w, https:\/\/www.imelasavoie.fr\/wp-content\/uploads\/2021\/12\/VM36.jpg 800w\" sizes=\"auto, (max-width: 683px) 100vw, 683px\" \/><\/a><\/figure>\n\n\n\n<p>M\u00e9lody: J&rsquo;ai tout aim\u00e9. En fait, ce que j&rsquo;ai pr\u00e9f\u00e9r\u00e9 c&rsquo;est le passage de la Lune. J&rsquo;ai trouv\u00e9 \u00e7a joli. <\/p>\n\n\n\n<figure class=\"wp-block-image size-large\"><a href=\"https:\/\/www.imelasavoie.fr\/wp-content\/uploads\/2021\/12\/VM11.jpg\"><img loading=\"lazy\" decoding=\"async\" width=\"1024\" height=\"683\" src=\"https:\/\/www.imelasavoie.fr\/wp-content\/uploads\/2021\/12\/VM11-1024x683.jpg\" alt=\"\" class=\"wp-image-23171\" srcset=\"https:\/\/www.imelasavoie.fr\/wp-content\/uploads\/2021\/12\/VM11-1024x683.jpg 1024w, https:\/\/www.imelasavoie.fr\/wp-content\/uploads\/2021\/12\/VM11-300x200.jpg 300w, https:\/\/www.imelasavoie.fr\/wp-content\/uploads\/2021\/12\/VM11-768x512.jpg 768w, https:\/\/www.imelasavoie.fr\/wp-content\/uploads\/2021\/12\/VM11.jpg 1200w\" sizes=\"auto, (max-width: 1024px) 100vw, 1024px\" \/><\/a><\/figure>\n\n\n\n<p>Sarah: Je n&rsquo;ai pas trop aim\u00e9 mais j&rsquo;ai aim\u00e9 quand M\u00fcnchausen dansait sur sc\u00e8ne.<\/p>\n\n\n\n<figure class=\"wp-block-image size-large\"><a href=\"https:\/\/www.imelasavoie.fr\/wp-content\/uploads\/2021\/12\/VM23.jpg\"><img loading=\"lazy\" decoding=\"async\" width=\"1024\" height=\"683\" src=\"https:\/\/www.imelasavoie.fr\/wp-content\/uploads\/2021\/12\/VM23-1024x683.jpg\" alt=\"\" class=\"wp-image-23183\" srcset=\"https:\/\/www.imelasavoie.fr\/wp-content\/uploads\/2021\/12\/VM23-1024x683.jpg 1024w, https:\/\/www.imelasavoie.fr\/wp-content\/uploads\/2021\/12\/VM23-300x200.jpg 300w, https:\/\/www.imelasavoie.fr\/wp-content\/uploads\/2021\/12\/VM23-768x512.jpg 768w, https:\/\/www.imelasavoie.fr\/wp-content\/uploads\/2021\/12\/VM23.jpg 1200w\" sizes=\"auto, (max-width: 1024px) 100vw, 1024px\" \/><\/a><\/figure>\n\n\n\n<p>Vianney: J&rsquo;ai tout aim\u00e9. Notamment le moment o\u00f9 il s&rsquo;est fait manger par le poisson et qu&rsquo;il essayait de se lib\u00e9rer. J&rsquo;ai bien aim\u00e9 quand il a pouss\u00e9 son petit cheval en bois avec son fusil.<\/p>\n\n\n\n<figure class=\"wp-block-image size-large\"><a href=\"https:\/\/www.imelasavoie.fr\/wp-content\/uploads\/2021\/12\/VM22.jpg\"><img loading=\"lazy\" decoding=\"async\" width=\"1024\" height=\"683\" src=\"https:\/\/www.imelasavoie.fr\/wp-content\/uploads\/2021\/12\/VM22-1024x683.jpg\" alt=\"\" class=\"wp-image-23182\" srcset=\"https:\/\/www.imelasavoie.fr\/wp-content\/uploads\/2021\/12\/VM22-1024x683.jpg 1024w, https:\/\/www.imelasavoie.fr\/wp-content\/uploads\/2021\/12\/VM22-300x200.jpg 300w, https:\/\/www.imelasavoie.fr\/wp-content\/uploads\/2021\/12\/VM22-768x512.jpg 768w, https:\/\/www.imelasavoie.fr\/wp-content\/uploads\/2021\/12\/VM22.jpg 1200w\" sizes=\"auto, (max-width: 1024px) 100vw, 1024px\" \/><\/a><\/figure>\n\n\n\n<p>Melih: J&rsquo;ai trouv\u00e9 \u00e7a trop bizarre. J&rsquo;ai \u00e9t\u00e9 surpris et choqu\u00e9 quand la dame dansait. <\/p>\n\n\n\n<figure class=\"wp-block-image size-large\"><a href=\"https:\/\/www.imelasavoie.fr\/wp-content\/uploads\/2021\/12\/VM13.jpg\"><img loading=\"lazy\" decoding=\"async\" width=\"1024\" height=\"683\" src=\"https:\/\/www.imelasavoie.fr\/wp-content\/uploads\/2021\/12\/VM13-1024x683.jpg\" alt=\"\" class=\"wp-image-23173\" srcset=\"https:\/\/www.imelasavoie.fr\/wp-content\/uploads\/2021\/12\/VM13-1024x683.jpg 1024w, https:\/\/www.imelasavoie.fr\/wp-content\/uploads\/2021\/12\/VM13-300x200.jpg 300w, https:\/\/www.imelasavoie.fr\/wp-content\/uploads\/2021\/12\/VM13-768x512.jpg 768w, https:\/\/www.imelasavoie.fr\/wp-content\/uploads\/2021\/12\/VM13.jpg 1200w\" sizes=\"auto, (max-width: 1024px) 100vw, 1024px\" \/><\/a><\/figure>\n\n\n\n<p>Lilian: J&rsquo;ai trouv\u00e9 ce spectacle amusant et instructif. J&rsquo;ai trouv\u00e9 l&rsquo;histoire passionnante. Le moment le plus surprenant, c&rsquo;\u00e9tait quand V\u00e9nus dansait avec ses cheveux. On aurait dit que c&rsquo;\u00e9tait ses cheveux qui dansaient tout seul.<\/p>\n\n\n\n<figure class=\"wp-block-image size-large\"><a href=\"https:\/\/www.imelasavoie.fr\/wp-content\/uploads\/2021\/12\/VM14.jpg\"><img loading=\"lazy\" decoding=\"async\" width=\"1024\" height=\"683\" src=\"https:\/\/www.imelasavoie.fr\/wp-content\/uploads\/2021\/12\/VM14-1024x683.jpg\" alt=\"\" class=\"wp-image-23174\" srcset=\"https:\/\/www.imelasavoie.fr\/wp-content\/uploads\/2021\/12\/VM14-1024x683.jpg 1024w, https:\/\/www.imelasavoie.fr\/wp-content\/uploads\/2021\/12\/VM14-300x200.jpg 300w, https:\/\/www.imelasavoie.fr\/wp-content\/uploads\/2021\/12\/VM14-768x512.jpg 768w, https:\/\/www.imelasavoie.fr\/wp-content\/uploads\/2021\/12\/VM14.jpg 1200w\" sizes=\"auto, (max-width: 1024px) 100vw, 1024px\" \/><\/a><\/figure>\n\n\n\n<p>Valentin: J&rsquo;ai bien aim\u00e9. Ca m&rsquo;a fait rigoler.<\/p>\n\n\n\n<p>Aur\u00e9lien: J&rsquo;ai ador\u00e9 la femme qui dansait. Quand il a dit qu&rsquo;il allait choisir quatre compagnons&#8230; L\u00e0, j&rsquo;ai eu peur qu&rsquo;il me choisisse.<\/p>\n\n\n\n<figure class=\"wp-block-image size-large\"><a href=\"https:\/\/www.imelasavoie.fr\/wp-content\/uploads\/2021\/12\/VM37.jpg\"><img loading=\"lazy\" decoding=\"async\" width=\"1024\" height=\"683\" src=\"https:\/\/www.imelasavoie.fr\/wp-content\/uploads\/2021\/12\/VM37-1024x683.jpg\" alt=\"\" class=\"wp-image-23197\" srcset=\"https:\/\/www.imelasavoie.fr\/wp-content\/uploads\/2021\/12\/VM37-1024x683.jpg 1024w, https:\/\/www.imelasavoie.fr\/wp-content\/uploads\/2021\/12\/VM37-300x200.jpg 300w, https:\/\/www.imelasavoie.fr\/wp-content\/uploads\/2021\/12\/VM37-768x512.jpg 768w, https:\/\/www.imelasavoie.fr\/wp-content\/uploads\/2021\/12\/VM37.jpg 1200w\" sizes=\"auto, (max-width: 1024px) 100vw, 1024px\" \/><\/a><\/figure>\n\n\n\n<p>Gabriel: Ah un moment, je me suis laiss\u00e9 entrainer par la magie du spectacle.<\/p>\n\n\n\n<figure class=\"wp-block-image size-large\"><a href=\"https:\/\/www.imelasavoie.fr\/wp-content\/uploads\/2021\/12\/VM09.jpg\"><img loading=\"lazy\" decoding=\"async\" width=\"1024\" height=\"683\" src=\"https:\/\/www.imelasavoie.fr\/wp-content\/uploads\/2021\/12\/VM09-1024x683.jpg\" alt=\"\" class=\"wp-image-23169\" srcset=\"https:\/\/www.imelasavoie.fr\/wp-content\/uploads\/2021\/12\/VM09-1024x683.jpg 1024w, https:\/\/www.imelasavoie.fr\/wp-content\/uploads\/2021\/12\/VM09-300x200.jpg 300w, https:\/\/www.imelasavoie.fr\/wp-content\/uploads\/2021\/12\/VM09-768x512.jpg 768w, https:\/\/www.imelasavoie.fr\/wp-content\/uploads\/2021\/12\/VM09.jpg 1200w\" sizes=\"auto, (max-width: 1024px) 100vw, 1024px\" \/><\/a><\/figure>\n\n\n\n<figure class=\"wp-block-image size-large\"><a href=\"https:\/\/www.imelasavoie.fr\/wp-content\/uploads\/2021\/12\/VM29.jpg\"><img loading=\"lazy\" decoding=\"async\" width=\"683\" height=\"1024\" src=\"https:\/\/www.imelasavoie.fr\/wp-content\/uploads\/2021\/12\/VM29-683x1024.jpg\" alt=\"\" class=\"wp-image-23189\" srcset=\"https:\/\/www.imelasavoie.fr\/wp-content\/uploads\/2021\/12\/VM29-683x1024.jpg 683w, https:\/\/www.imelasavoie.fr\/wp-content\/uploads\/2021\/12\/VM29-200x300.jpg 200w, https:\/\/www.imelasavoie.fr\/wp-content\/uploads\/2021\/12\/VM29-768x1152.jpg 768w, https:\/\/www.imelasavoie.fr\/wp-content\/uploads\/2021\/12\/VM29.jpg 800w\" sizes=\"auto, (max-width: 683px) 100vw, 683px\" \/><\/a><\/figure>\n\n\n\n<p>Lilian: J&rsquo;ai regrett\u00e9 que tous les artistes ne viennent pas sur sc\u00e8ne pour \u00eatre salu\u00e9s et applaudis.<\/p>\n\n\n\n<figure class=\"wp-block-image size-large\"><a href=\"https:\/\/www.imelasavoie.fr\/wp-content\/uploads\/2021\/12\/VM26.jpg\"><img loading=\"lazy\" decoding=\"async\" width=\"1024\" height=\"683\" src=\"https:\/\/www.imelasavoie.fr\/wp-content\/uploads\/2021\/12\/VM26-1024x683.jpg\" alt=\"\" class=\"wp-image-23186\" srcset=\"https:\/\/www.imelasavoie.fr\/wp-content\/uploads\/2021\/12\/VM26-1024x683.jpg 1024w, https:\/\/www.imelasavoie.fr\/wp-content\/uploads\/2021\/12\/VM26-300x200.jpg 300w, https:\/\/www.imelasavoie.fr\/wp-content\/uploads\/2021\/12\/VM26-768x512.jpg 768w, https:\/\/www.imelasavoie.fr\/wp-content\/uploads\/2021\/12\/VM26.jpg 1200w\" sizes=\"auto, (max-width: 1024px) 100vw, 1024px\" \/><\/a><\/figure>\n\n\n\n<p>Le teaser du spectacle:<\/p>\n\n\n\n<figure class=\"wp-block-embed is-type-video is-provider-dailymotion wp-block-embed-dailymotion wp-embed-aspect-16-9 wp-has-aspect-ratio\"><div class=\"wp-block-embed__wrapper\">\n<iframe loading=\"lazy\" title=\"VonMunchausen_BaladeForet\" frameborder=\"0\" width=\"640\" height=\"359\" src=\"https:\/\/geo.dailymotion.com\/player.html?video=x81r3ms&#038;\" allowfullscreen allow=\"autoplay; fullscreen; picture-in-picture; web-share\"><\/iframe>\n<\/div><\/figure>\n\n\n\n<p><\/p>\n","protected":false},"excerpt":{"rendered":"<p>Mardi 30 novembre, les classes mandela 1 et mandela 2 ont assist\u00e9 \u00e0 un spectacle de th\u00e9\u00e2tre au coll\u00e8ge d&rsquo;Hauteville avec les \u00e9l\u00e8ves de l&rsquo;atelier th\u00e9\u00e2tre de Mme Lehrman et ceux de la section th\u00e9\u00e2tre de Mme Sanejouand du coll\u00e8ge. &hellip; <a href=\"https:\/\/www.imelasavoie.fr\/?p=23156\">Continuer la lecture <span class=\"meta-nav\">&rarr;<\/span><\/a><\/p>\n","protected":false},"author":1,"featured_media":0,"comment_status":"open","ping_status":"closed","sticky":false,"template":"","format":"standard","meta":{"footnotes":""},"categories":[56,58],"tags":[],"class_list":["post-23156","post","type-post","status-publish","format-standard","hentry","category-les-classes-et-ateliers","category-mandela2"],"_links":{"self":[{"href":"https:\/\/www.imelasavoie.fr\/index.php?rest_route=\/wp\/v2\/posts\/23156","targetHints":{"allow":["GET"]}}],"collection":[{"href":"https:\/\/www.imelasavoie.fr\/index.php?rest_route=\/wp\/v2\/posts"}],"about":[{"href":"https:\/\/www.imelasavoie.fr\/index.php?rest_route=\/wp\/v2\/types\/post"}],"author":[{"embeddable":true,"href":"https:\/\/www.imelasavoie.fr\/index.php?rest_route=\/wp\/v2\/users\/1"}],"replies":[{"embeddable":true,"href":"https:\/\/www.imelasavoie.fr\/index.php?rest_route=%2Fwp%2Fv2%2Fcomments&post=23156"}],"version-history":[{"count":0,"href":"https:\/\/www.imelasavoie.fr\/index.php?rest_route=\/wp\/v2\/posts\/23156\/revisions"}],"wp:attachment":[{"href":"https:\/\/www.imelasavoie.fr\/index.php?rest_route=%2Fwp%2Fv2%2Fmedia&parent=23156"}],"wp:term":[{"taxonomy":"category","embeddable":true,"href":"https:\/\/www.imelasavoie.fr\/index.php?rest_route=%2Fwp%2Fv2%2Fcategories&post=23156"},{"taxonomy":"post_tag","embeddable":true,"href":"https:\/\/www.imelasavoie.fr\/index.php?rest_route=%2Fwp%2Fv2%2Ftags&post=23156"}],"curies":[{"name":"wp","href":"https:\/\/api.w.org\/{rel}","templated":true}]}}