{"id":23208,"date":"2021-12-07T16:25:58","date_gmt":"2021-12-07T14:25:58","guid":{"rendered":"https:\/\/www.imelasavoie.fr\/?p=23208"},"modified":"2021-12-07T17:53:39","modified_gmt":"2021-12-07T15:53:39","slug":"atelier-pse-les-risques-et-les-moyens-de-protection-dans-un-environnement-professionnel","status":"publish","type":"post","link":"https:\/\/www.imelasavoie.fr\/?p=23208","title":{"rendered":"[Atelier PSE] Les risques et les moyens de protection dans un environnement professionnel"},"content":{"rendered":"\n<p class=\"has-text-align-center\"><strong>Les risques et les moyens de protection dans un environnement professionnel<\/strong><\/p>\n\n\n\n<p>Dans un environnement professionnel (atelier, entreprises\u2026) le stagiaire ou le salari\u00e9 est soumis \u00e0 des risques professionnels.<\/p>\n\n\n\n<p>En classe, nous avons identifi\u00e9 les risques possibles dans l\u2019atelier cuisine fr\u00e9quent\u00e9 par Gabriel, Nicolas et Mattis.<\/p>\n\n\n\n<p>Les risques en atelier cuisine sont&nbsp;:<\/p>\n\n\n\n<p>&#8211; des risques de br\u00fblure avec&nbsp;: une casserole, de l\u2019eau bouillante, le four, la plaque de cuisson&#8230;<\/p>\n\n\n\n<div class=\"wp-block-image\"><figure class=\"aligncenter size-full is-resized\"><a href=\"https:\/\/www.imelasavoie.fr\/wp-content\/uploads\/2021\/12\/risques-de-brulures.jpg\"><img loading=\"lazy\" decoding=\"async\" src=\"https:\/\/www.imelasavoie.fr\/wp-content\/uploads\/2021\/12\/risques-de-brulures.jpg\" alt=\"\" class=\"wp-image-23218\" width=\"476\" height=\"476\" srcset=\"https:\/\/www.imelasavoie.fr\/wp-content\/uploads\/2021\/12\/risques-de-brulures.jpg 600w, https:\/\/www.imelasavoie.fr\/wp-content\/uploads\/2021\/12\/risques-de-brulures-300x300.jpg 300w, https:\/\/www.imelasavoie.fr\/wp-content\/uploads\/2021\/12\/risques-de-brulures-150x150.jpg 150w\" sizes=\"auto, (max-width: 476px) 100vw, 476px\" \/><\/a><\/figure><\/div>\n\n\n\n<p>&#8211; des risques de coupures avec&nbsp;: un couteau, des ciseaux, un hachoir, une mandoline, un \u00e9plucheur \u00e0 l\u00e9gumes\u2026<\/p>\n\n\n\n<div class=\"wp-block-image\"><figure class=\"aligncenter size-full\"><a href=\"https:\/\/www.imelasavoie.fr\/wp-content\/uploads\/2021\/12\/coupure.jpg\"><img loading=\"lazy\" decoding=\"async\" width=\"450\" height=\"300\" src=\"https:\/\/www.imelasavoie.fr\/wp-content\/uploads\/2021\/12\/coupure.jpg\" alt=\"\" class=\"wp-image-23223\" srcset=\"https:\/\/www.imelasavoie.fr\/wp-content\/uploads\/2021\/12\/coupure.jpg 450w, https:\/\/www.imelasavoie.fr\/wp-content\/uploads\/2021\/12\/coupure-300x200.jpg 300w\" sizes=\"auto, (max-width: 450px) 100vw, 450px\" \/><\/a><\/figure><\/div>\n\n\n\n<p>&#8211; des risques de chute d\u2019objets lourd&nbsp;sur les pied<\/p>\n\n\n\n<div class=\"wp-block-image\"><figure class=\"aligncenter size-full\"><a href=\"https:\/\/www.imelasavoie.fr\/wp-content\/uploads\/2021\/12\/index.jpg\"><img loading=\"lazy\" decoding=\"async\" width=\"194\" height=\"259\" src=\"https:\/\/www.imelasavoie.fr\/wp-content\/uploads\/2021\/12\/index.jpg\" alt=\"\" class=\"wp-image-23221\"\/><\/a><\/figure><\/div>\n\n\n\n<p>&#8211; des risques de chute&nbsp;en tr\u00e9buchant, glissant sur le sol\u2026<\/p>\n\n\n\n<div class=\"wp-block-image\"><figure class=\"aligncenter size-full\"><a href=\"https:\/\/www.imelasavoie.fr\/wp-content\/uploads\/2021\/12\/restauration-traditionnelle-chutes-cuisine.jpg\"><img loading=\"lazy\" decoding=\"async\" width=\"480\" height=\"480\" src=\"https:\/\/www.imelasavoie.fr\/wp-content\/uploads\/2021\/12\/restauration-traditionnelle-chutes-cuisine.jpg\" alt=\"\" class=\"wp-image-23217\" srcset=\"https:\/\/www.imelasavoie.fr\/wp-content\/uploads\/2021\/12\/restauration-traditionnelle-chutes-cuisine.jpg 480w, https:\/\/www.imelasavoie.fr\/wp-content\/uploads\/2021\/12\/restauration-traditionnelle-chutes-cuisine-300x300.jpg 300w, https:\/\/www.imelasavoie.fr\/wp-content\/uploads\/2021\/12\/restauration-traditionnelle-chutes-cuisine-150x150.jpg 150w\" sizes=\"auto, (max-width: 480px) 100vw, 480px\" \/><\/a><\/figure><\/div>\n\n\n\n<div class=\"wp-block-image\"><figure class=\"aligncenter size-large is-resized\"><a href=\"https:\/\/www.imelasavoie.fr\/wp-content\/uploads\/2021\/12\/comment-prevenir-chutes-glissades.webp\"><img loading=\"lazy\" decoding=\"async\" src=\"https:\/\/www.imelasavoie.fr\/wp-content\/uploads\/2021\/12\/comment-prevenir-chutes-glissades-1024x536.webp\" alt=\"\" class=\"wp-image-23215\" width=\"513\" height=\"268\" srcset=\"https:\/\/www.imelasavoie.fr\/wp-content\/uploads\/2021\/12\/comment-prevenir-chutes-glissades-1024x536.webp 1024w, https:\/\/www.imelasavoie.fr\/wp-content\/uploads\/2021\/12\/comment-prevenir-chutes-glissades-300x157.webp 300w, https:\/\/www.imelasavoie.fr\/wp-content\/uploads\/2021\/12\/comment-prevenir-chutes-glissades-768x402.webp 768w, https:\/\/www.imelasavoie.fr\/wp-content\/uploads\/2021\/12\/comment-prevenir-chutes-glissades.webp 1200w\" sizes=\"auto, (max-width: 513px) 100vw, 513px\" \/><\/a><\/figure><\/div>\n\n\n\n<p>Dans l\u2019atelier cuisine pour se prot\u00e9ger de ces risques Gabriel, Nicolas et Mattis utilisent des E.P.I (\u00c9quipements de Protection Individuelle):<\/p>\n\n\n\n<div class=\"wp-block-image\"><figure class=\"aligncenter size-large is-resized\"><a href=\"https:\/\/www.imelasavoie.fr\/wp-content\/uploads\/2021\/12\/0001.jpg\"><img loading=\"lazy\" decoding=\"async\" src=\"https:\/\/www.imelasavoie.fr\/wp-content\/uploads\/2021\/12\/0001-723x1024.jpg\" alt=\"\" class=\"wp-image-23211\" width=\"482\" height=\"682\" srcset=\"https:\/\/www.imelasavoie.fr\/wp-content\/uploads\/2021\/12\/0001-723x1024.jpg 723w, https:\/\/www.imelasavoie.fr\/wp-content\/uploads\/2021\/12\/0001-212x300.jpg 212w, https:\/\/www.imelasavoie.fr\/wp-content\/uploads\/2021\/12\/0001-768x1087.jpg 768w, https:\/\/www.imelasavoie.fr\/wp-content\/uploads\/2021\/12\/0001-1085x1536.jpg 1085w, https:\/\/www.imelasavoie.fr\/wp-content\/uploads\/2021\/12\/0001.jpg 1130w\" sizes=\"auto, (max-width: 482px) 100vw, 482px\" \/><\/a><\/figure><\/div>\n\n\n\n<ul class=\"wp-block-list\"><li>une veste et un pantalon de s\u00e9curit\u00e9 pour \u00e9viter les coupures et les br\u00fblures,<\/li><li>Des chaussures de s\u00e9curit\u00e9 pour \u00e9viter les chutes d&rsquo;objets lourds sur les pieds ou les chutes sur sols glissants gr\u00e2ce \u00e0 une coque m\u00e9tallique et une semelle antid\u00e9rapante.<\/li><\/ul>\n\n\n\n<div class=\"wp-block-image\"><figure class=\"aligncenter size-full is-resized\"><a href=\"https:\/\/www.imelasavoie.fr\/wp-content\/uploads\/2021\/12\/chaussure-de-cuisine-blanche.jpg\"><img loading=\"lazy\" decoding=\"async\" src=\"https:\/\/www.imelasavoie.fr\/wp-content\/uploads\/2021\/12\/chaussure-de-cuisine-blanche.jpg\" alt=\"\" class=\"wp-image-23213\" width=\"199\" height=\"287\" srcset=\"https:\/\/www.imelasavoie.fr\/wp-content\/uploads\/2021\/12\/chaussure-de-cuisine-blanche.jpg 700w, https:\/\/www.imelasavoie.fr\/wp-content\/uploads\/2021\/12\/chaussure-de-cuisine-blanche-208x300.jpg 208w\" sizes=\"auto, (max-width: 199px) 100vw, 199px\" \/><\/a><\/figure><\/div>\n\n\n\n<p><\/p>\n\n\n\n<p class=\"has-text-align-center\">La classe mandela 2<\/p>\n","protected":false},"excerpt":{"rendered":"<p>Les risques et les moyens de protection dans un environnement professionnel Dans un environnement professionnel (atelier, entreprises\u2026) le stagiaire ou le salari\u00e9 est soumis \u00e0 des risques professionnels. En classe, nous avons identifi\u00e9 les risques possibles dans l\u2019atelier cuisine fr\u00e9quent\u00e9 &hellip; <a href=\"https:\/\/www.imelasavoie.fr\/?p=23208\">Continuer la lecture <span class=\"meta-nav\">&rarr;<\/span><\/a><\/p>\n","protected":false},"author":1,"featured_media":0,"comment_status":"open","ping_status":"closed","sticky":false,"template":"","format":"standard","meta":{"footnotes":""},"categories":[56,58],"tags":[],"class_list":["post-23208","post","type-post","status-publish","format-standard","hentry","category-les-classes-et-ateliers","category-mandela2"],"_links":{"self":[{"href":"https:\/\/www.imelasavoie.fr\/index.php?rest_route=\/wp\/v2\/posts\/23208","targetHints":{"allow":["GET"]}}],"collection":[{"href":"https:\/\/www.imelasavoie.fr\/index.php?rest_route=\/wp\/v2\/posts"}],"about":[{"href":"https:\/\/www.imelasavoie.fr\/index.php?rest_route=\/wp\/v2\/types\/post"}],"author":[{"embeddable":true,"href":"https:\/\/www.imelasavoie.fr\/index.php?rest_route=\/wp\/v2\/users\/1"}],"replies":[{"embeddable":true,"href":"https:\/\/www.imelasavoie.fr\/index.php?rest_route=%2Fwp%2Fv2%2Fcomments&post=23208"}],"version-history":[{"count":0,"href":"https:\/\/www.imelasavoie.fr\/index.php?rest_route=\/wp\/v2\/posts\/23208\/revisions"}],"wp:attachment":[{"href":"https:\/\/www.imelasavoie.fr\/index.php?rest_route=%2Fwp%2Fv2%2Fmedia&parent=23208"}],"wp:term":[{"taxonomy":"category","embeddable":true,"href":"https:\/\/www.imelasavoie.fr\/index.php?rest_route=%2Fwp%2Fv2%2Fcategories&post=23208"},{"taxonomy":"post_tag","embeddable":true,"href":"https:\/\/www.imelasavoie.fr\/index.php?rest_route=%2Fwp%2Fv2%2Ftags&post=23208"}],"curies":[{"name":"wp","href":"https:\/\/api.w.org\/{rel}","templated":true}]}}