{"id":24574,"date":"2022-05-17T11:35:00","date_gmt":"2022-05-17T09:35:00","guid":{"rendered":"https:\/\/www.imelasavoie.fr\/?p=24574"},"modified":"2022-05-17T11:35:00","modified_gmt":"2022-05-17T09:35:00","slug":"spectacle-permis-de-reconstruire","status":"publish","type":"post","link":"https:\/\/www.imelasavoie.fr\/?p=24574","title":{"rendered":"[Spectacle] Permis de reconstruire"},"content":{"rendered":"\n<p>Vendredi dernier, nous sommes all\u00e9s voir un spectacle \u00e0 Belley, dans la salle de l&rsquo;Int\u00e9gral.<\/p>\n\n\n\n<p>Voici la pr\u00e9sentation de ce spectacle:<\/p>\n\n\n\n<figure class=\"wp-block-embed is-type-video is-provider-youtube wp-block-embed-youtube wp-embed-aspect-16-9 wp-has-aspect-ratio\"><div class=\"wp-block-embed__wrapper\">\n<iframe loading=\"lazy\" title=\"Permis de Reconstruire - Teaser 2019\" width=\"640\" height=\"360\" src=\"https:\/\/www.youtube.com\/embed\/_zdiRxHXUm4?feature=oembed\" frameborder=\"0\" allow=\"accelerometer; autoplay; clipboard-write; encrypted-media; gyroscope; picture-in-picture; web-share\" referrerpolicy=\"strict-origin-when-cross-origin\" allowfullscreen><\/iframe>\n<\/div><\/figure>\n\n\n\n<p>Malik: J&rsquo;ai bien aim\u00e9. C&rsquo;\u00e9tait bien pr\u00e9par\u00e9. Ils utilisent des instruments fabriqu\u00e9s avec des tubes en PVC (percussions et fl\u00fbtes). J&rsquo;ai aussi bien aim\u00e9 la premi\u00e8re partie avec les enfants de l&rsquo;\u00e9cole de Belley qui avaient pr\u00e9par\u00e9 un petit spectacle avec les deux artistes professionnels.<\/p>\n\n\n\n<p>No\u00e9mie: C&rsquo;\u00e9tait bien! C&rsquo;est la derni\u00e8re partie que j&rsquo;ai pr\u00e9f\u00e9r\u00e9e, elle \u00e9tait dr\u00f4le!<\/p>\n\n\n\n<p>Enola: C&rsquo;\u00e9tait rigolo, amusant! J&rsquo;ai bien aim\u00e9 la musique!<\/p>\n\n\n\n<p>J\u00e9r\u00e9my: C&rsquo;\u00e9tait bien! J&rsquo;ai bien aim\u00e9 la fin du spectacle car il y avait beaucoup de rythmes, de sons.<\/p>\n\n\n\n<p>Coline: C&rsquo;\u00e9tait vraiment tr\u00e8s dr\u00f4le! C&rsquo;\u00e9tait bien! Mais j&rsquo;ai trouv\u00e9 un peu long le spectacle des enfants de la premi\u00e8re partie.<\/p>\n\n\n\n<p>Clara: Beaucoup d&rsquo;humour dans ce spectacle, c&rsquo;\u00e9tait bien! La sc\u00e8ne que j&rsquo;ai pr\u00e9f\u00e9r\u00e9e, c&rsquo;est quand ils jouent \u00e0 deux sur le m\u00eame instrument. J&rsquo;ai aussi appr\u00e9ci\u00e9 le spectacle des enfants. Ils ont bien travaill\u00e9, c&rsquo;\u00e9tait bien pr\u00e9par\u00e9!<\/p>\n\n\n\n<p>Ilona: Trop bien!!! G\u00e9nial! Je conseille \u00e0 tout le monde d&rsquo;aller voir ce spectacle. Mes moments pr\u00e9f\u00e9r\u00e9s \u00e9taient l&rsquo;ambiance \u00ab\u00a0discoth\u00e8que\u00a0\u00bb, et quand ils nous ont fait participer avec les petits tubes qu&rsquo;ils nous avaient donn\u00e9s \u00e0 l&rsquo;entr\u00e9e.<\/p>\n\n\n\n<p>Anth\u00e9a: C&rsquo;\u00e9tait bien, c&rsquo;\u00e9tait g\u00e9nial! J&rsquo;ai bien aim\u00e9 quand on a tap\u00e9 dans nos mains et quand on a souffl\u00e9 dans les tuyaux.<\/p>\n","protected":false},"excerpt":{"rendered":"<p>Vendredi dernier, nous sommes all\u00e9s voir un spectacle \u00e0 Belley, dans la salle de l&rsquo;Int\u00e9gral. Voici la pr\u00e9sentation de ce spectacle: Malik: J&rsquo;ai bien aim\u00e9. C&rsquo;\u00e9tait bien pr\u00e9par\u00e9. Ils utilisent des instruments fabriqu\u00e9s avec des tubes en PVC (percussions et &hellip; <a href=\"https:\/\/www.imelasavoie.fr\/?p=24574\">Continuer la lecture <span class=\"meta-nav\">&rarr;<\/span><\/a><\/p>\n","protected":false},"author":13,"featured_media":0,"comment_status":"open","ping_status":"closed","sticky":false,"template":"","format":"standard","meta":{"footnotes":""},"categories":[48,59],"tags":[],"class_list":["post-24574","post","type-post","status-publish","format-standard","hentry","category-actualites","category-dinamo1"],"_links":{"self":[{"href":"https:\/\/www.imelasavoie.fr\/index.php?rest_route=\/wp\/v2\/posts\/24574","targetHints":{"allow":["GET"]}}],"collection":[{"href":"https:\/\/www.imelasavoie.fr\/index.php?rest_route=\/wp\/v2\/posts"}],"about":[{"href":"https:\/\/www.imelasavoie.fr\/index.php?rest_route=\/wp\/v2\/types\/post"}],"author":[{"embeddable":true,"href":"https:\/\/www.imelasavoie.fr\/index.php?rest_route=\/wp\/v2\/users\/13"}],"replies":[{"embeddable":true,"href":"https:\/\/www.imelasavoie.fr\/index.php?rest_route=%2Fwp%2Fv2%2Fcomments&post=24574"}],"version-history":[{"count":0,"href":"https:\/\/www.imelasavoie.fr\/index.php?rest_route=\/wp\/v2\/posts\/24574\/revisions"}],"wp:attachment":[{"href":"https:\/\/www.imelasavoie.fr\/index.php?rest_route=%2Fwp%2Fv2%2Fmedia&parent=24574"}],"wp:term":[{"taxonomy":"category","embeddable":true,"href":"https:\/\/www.imelasavoie.fr\/index.php?rest_route=%2Fwp%2Fv2%2Fcategories&post=24574"},{"taxonomy":"post_tag","embeddable":true,"href":"https:\/\/www.imelasavoie.fr\/index.php?rest_route=%2Fwp%2Fv2%2Ftags&post=24574"}],"curies":[{"name":"wp","href":"https:\/\/api.w.org\/{rel}","templated":true}]}}