{"id":24583,"date":"2022-05-23T16:18:03","date_gmt":"2022-05-23T14:18:03","guid":{"rendered":"https:\/\/www.imelasavoie.fr\/?p=24583"},"modified":"2022-05-23T16:21:14","modified_gmt":"2022-05-23T14:21:14","slug":"atelier-litterature-champion","status":"publish","type":"post","link":"https:\/\/www.imelasavoie.fr\/?p=24583","title":{"rendered":"[Atelier Litt\u00e9rature] Champion"},"content":{"rendered":"\n<p>Aujourd&rsquo;hui, un nouvel \u00e9clairage sur la seconde guerre mondiale avec le livre de Gilles Rapaport:  \u00ab\u00a0Champion\u00a0\u00bb<\/p>\n\n\n<div class=\"wp-block-image\">\n<figure class=\"aligncenter size-full\"><a href=\"https:\/\/www.imelasavoie.fr\/wp-content\/uploads\/2022\/05\/bm_cvt_Champion_2934.jpg\"><img loading=\"lazy\" decoding=\"async\" width=\"250\" height=\"242\" src=\"https:\/\/www.imelasavoie.fr\/wp-content\/uploads\/2022\/05\/bm_cvt_Champion_2934.jpg\" alt=\"\" class=\"wp-image-24582\"\/><\/a><\/figure>\n<\/div>\n\n\n<p>Cet album raconte l\u2019histoire vraie de <strong>Young Perez<\/strong> (Victor Younk), n\u00e9 \u00e0 Tunis en 1911, boxeur professionnel de haut niveau. <\/p>\n\n\n\n<p>Il est arr\u00eat\u00e9 le 21 septembre 1943 et d\u00e9port\u00e9 \u00e0 Auschwitz III-Monowitz le 10 octobre 1943.<\/p>\n\n\n\n<p>Il est abattu pendant la marche de la mort le 22 janvier 1945.<\/p>\n\n\n\n<p>L\u2019album se concentre sur le match qu\u2019ont organis\u00e9 les SS \u00e0 Auschwitz entre Young, poids mouche et un nazi, poids lourd. <\/p>\n\n\n\n<p>Le texte s\u2019adresse directement \u00e0 Young\u00a0; l\u2019auteur le tutoie, l\u2019encourage, exulte quand il gagne &#8230; et parle \u00e0 sa place au moment o\u00f9 une balle l\u2019assassine.<\/p>\n\n\n\n<p>Nous avons ensuite pris le temps de mettre en r\u00e9seau les diff\u00e9rents livres lus en classe afin de croiser les regards de ces histoires vraies singuli\u00e8res qui parlent toutes de la m\u00eame \u00e9poque mais racontent \u00e0 chaque fois une histoire diff\u00e9rente. <\/p>\n\n\n\n<p>Cela nous a permis de comprendre la place singuli\u00e8re du personnage dans le r\u00e9cit. <\/p>\n\n\n\n<p>A chaque fois, l&rsquo;\u00e9clairage est diff\u00e9rent et nous fait d\u00e9couvrir une autre entr\u00e9e sur l&rsquo;histoire qui enrichit encore notre connaissance. <\/p>\n\n\n\n<p>C&rsquo;est la force de la litt\u00e9rature !<\/p>\n\n\n\n<p>Nous sommes alors en plein dans les programmes du cycle 4 voire du CAP avec ce travail d&rsquo;histoire, d&rsquo;EMC et de fran\u00e7ais !<\/p>\n\n\n\n<p class=\"has-text-align-center\">Laurent Lan\u00e7on<\/p>\n","protected":false},"excerpt":{"rendered":"<p>Aujourd&rsquo;hui, un nouvel \u00e9clairage sur la seconde guerre mondiale avec le livre de Gilles Rapaport: \u00ab\u00a0Champion\u00a0\u00bb Cet album raconte l\u2019histoire vraie de Young Perez (Victor Younk), n\u00e9 \u00e0 Tunis en 1911, boxeur professionnel de haut niveau. Il est arr\u00eat\u00e9 le &hellip; <a href=\"https:\/\/www.imelasavoie.fr\/?p=24583\">Continuer la lecture <span class=\"meta-nav\">&rarr;<\/span><\/a><\/p>\n","protected":false},"author":1,"featured_media":0,"comment_status":"open","ping_status":"closed","sticky":false,"template":"","format":"standard","meta":{"footnotes":""},"categories":[56,58],"tags":[],"class_list":["post-24583","post","type-post","status-publish","format-standard","hentry","category-les-classes-et-ateliers","category-mandela2"],"_links":{"self":[{"href":"https:\/\/www.imelasavoie.fr\/index.php?rest_route=\/wp\/v2\/posts\/24583","targetHints":{"allow":["GET"]}}],"collection":[{"href":"https:\/\/www.imelasavoie.fr\/index.php?rest_route=\/wp\/v2\/posts"}],"about":[{"href":"https:\/\/www.imelasavoie.fr\/index.php?rest_route=\/wp\/v2\/types\/post"}],"author":[{"embeddable":true,"href":"https:\/\/www.imelasavoie.fr\/index.php?rest_route=\/wp\/v2\/users\/1"}],"replies":[{"embeddable":true,"href":"https:\/\/www.imelasavoie.fr\/index.php?rest_route=%2Fwp%2Fv2%2Fcomments&post=24583"}],"version-history":[{"count":0,"href":"https:\/\/www.imelasavoie.fr\/index.php?rest_route=\/wp\/v2\/posts\/24583\/revisions"}],"wp:attachment":[{"href":"https:\/\/www.imelasavoie.fr\/index.php?rest_route=%2Fwp%2Fv2%2Fmedia&parent=24583"}],"wp:term":[{"taxonomy":"category","embeddable":true,"href":"https:\/\/www.imelasavoie.fr\/index.php?rest_route=%2Fwp%2Fv2%2Fcategories&post=24583"},{"taxonomy":"post_tag","embeddable":true,"href":"https:\/\/www.imelasavoie.fr\/index.php?rest_route=%2Fwp%2Fv2%2Ftags&post=24583"}],"curies":[{"name":"wp","href":"https:\/\/api.w.org\/{rel}","templated":true}]}}