{"id":24589,"date":"2022-05-23T16:27:03","date_gmt":"2022-05-23T14:27:03","guid":{"rendered":"https:\/\/www.imelasavoie.fr\/?p=24589"},"modified":"2022-07-06T11:23:52","modified_gmt":"2022-07-06T09:23:52","slug":"recit-de-vie-mon-voyage-de-delegue-cvc","status":"publish","type":"post","link":"https:\/\/www.imelasavoie.fr\/?p=24589","title":{"rendered":"[R\u00e9cit de vie] Mon voyage de d\u00e9l\u00e9gu\u00e9 CVC par Lilian"},"content":{"rendered":"\n<p>Lundi 11 avril ,je me suis r\u00e9veill\u00e9 \u00e0 5h pour partir \u00e0 6h45.<\/p>\n\n\n\n<p>Notre bus de voyage partait pour Paris. C&rsquo;\u00e9tait le voyage des d\u00e9l\u00e9gu\u00e9s du coll\u00e8ge d&rsquo;Hauteville.<\/p>\n\n\n\n<p>Nous nous sommes arr\u00eat\u00e9s vers 14h au sous sol du mus\u00e9e du Louvre. <\/p>\n\n\n<div class=\"wp-block-image\">\n<figure class=\"aligncenter size-full\"><a href=\"https:\/\/www.imelasavoie.fr\/wp-content\/uploads\/2022\/07\/images6.jpg\"><img loading=\"lazy\" decoding=\"async\" width=\"275\" height=\"183\" src=\"https:\/\/www.imelasavoie.fr\/wp-content\/uploads\/2022\/07\/images6.jpg\" alt=\"\" class=\"wp-image-25011\"\/><\/a><\/figure>\n<\/div>\n\n\n<p>Nous sommes partis \u00e0 pied vers l\u2019arc de triomphe. Le professeur Madame Ripper nous \u00e0 un peu parler de son histoire. <\/p>\n\n\n\n<figure class=\"wp-block-image size-full\"><a href=\"https:\/\/www.imelasavoie.fr\/wp-content\/uploads\/2022\/07\/arc-de-triomphe-paris.jpg\"><img loading=\"lazy\" decoding=\"async\" width=\"1000\" height=\"560\" src=\"https:\/\/www.imelasavoie.fr\/wp-content\/uploads\/2022\/07\/arc-de-triomphe-paris.jpg\" alt=\"\" class=\"wp-image-25007\" srcset=\"https:\/\/www.imelasavoie.fr\/wp-content\/uploads\/2022\/07\/arc-de-triomphe-paris.jpg 1000w, https:\/\/www.imelasavoie.fr\/wp-content\/uploads\/2022\/07\/arc-de-triomphe-paris-300x168.jpg 300w, https:\/\/www.imelasavoie.fr\/wp-content\/uploads\/2022\/07\/arc-de-triomphe-paris-768x430.jpg 768w\" sizes=\"auto, (max-width: 1000px) 100vw, 1000px\" \/><\/a><\/figure>\n\n\n\n<p>Apr\u00e8s nous sommes retourn\u00e9s dans le bus. Nous avons mang\u00e9 dans un restaurant universitaire et nous avons dormi dans une auberge de jeunesse. <\/p>\n\n\n\n<p>Le lendemain, nous avons pris un petit train pour visiter Monmartre. Il nous a d\u00e9pos\u00e9 au pied de l\u2019\u00e9glise du sacr\u00e9-c\u0153ur.<\/p>\n\n\n<div class=\"wp-block-image\">\n<figure class=\"aligncenter size-full\"><a href=\"https:\/\/www.imelasavoie.fr\/wp-content\/uploads\/2022\/07\/ead7742_102852924-000-1wt0eu.jpg\"><img loading=\"lazy\" decoding=\"async\" width=\"664\" height=\"452\" src=\"https:\/\/www.imelasavoie.fr\/wp-content\/uploads\/2022\/07\/ead7742_102852924-000-1wt0eu.jpg\" alt=\"\" class=\"wp-image-25009\" srcset=\"https:\/\/www.imelasavoie.fr\/wp-content\/uploads\/2022\/07\/ead7742_102852924-000-1wt0eu.jpg 664w, https:\/\/www.imelasavoie.fr\/wp-content\/uploads\/2022\/07\/ead7742_102852924-000-1wt0eu-300x204.jpg 300w\" sizes=\"auto, (max-width: 664px) 100vw, 664px\" \/><\/a><\/figure>\n<\/div>\n\n\n<p>Nous avons fait une photo de tout le monde et ensuite nous avons fait les boutiques et nous avons pique-niqu\u00e9. <\/p>\n\n\n\n<p>Puis nous avons repris le bus. Direction la Normandie et les plages du d\u00e9barquement. <\/p>\n\n\n<div class=\"wp-block-image\">\n<figure class=\"aligncenter size-full\"><a href=\"https:\/\/www.imelasavoie.fr\/wp-content\/uploads\/2022\/07\/505a804ea953302050011e90dee10ec0-d-day-normandie.jpg\"><img loading=\"lazy\" decoding=\"async\" width=\"500\" height=\"286\" src=\"https:\/\/www.imelasavoie.fr\/wp-content\/uploads\/2022\/07\/505a804ea953302050011e90dee10ec0-d-day-normandie.jpg\" alt=\"\" class=\"wp-image-25005\" srcset=\"https:\/\/www.imelasavoie.fr\/wp-content\/uploads\/2022\/07\/505a804ea953302050011e90dee10ec0-d-day-normandie.jpg 500w, https:\/\/www.imelasavoie.fr\/wp-content\/uploads\/2022\/07\/505a804ea953302050011e90dee10ec0-d-day-normandie-300x172.jpg 300w\" sizes=\"auto, (max-width: 500px) 100vw, 500px\" \/><\/a><\/figure>\n<\/div>\n\n\n<p>Nous sommes arriv\u00e9s le mardi en fin de journ\u00e9e. Il pleuvait mais les temp\u00e9ratures \u00e9taient douces. <\/p>\n\n\n\n<p>Nous sommes all\u00e9s manger dans un restaurant \u00e0 buffet a volont\u00e9. Puis nous sommes partis dans un h\u00f4tel premi\u00e8re classe. <\/p>\n\n\n\n<p>Le matin, nous sommes partis pour le m\u00e9morial de Caen. Nous avons vu des objets historiques de la deuxi\u00e8me guerre mondiale. Nous avons visionn\u00e9 un film du d\u00e9barquement. C\u2019\u00e9tait tr\u00e8s int\u00e9ressant et tr\u00e8s historique. <\/p>\n\n\n<div class=\"wp-block-image\">\n<figure class=\"aligncenter size-large\"><a href=\"https:\/\/www.imelasavoie.fr\/wp-content\/uploads\/2022\/07\/memorial-caen.jpg\"><img loading=\"lazy\" decoding=\"async\" width=\"1024\" height=\"448\" src=\"https:\/\/www.imelasavoie.fr\/wp-content\/uploads\/2022\/07\/memorial-caen-1024x448.jpg\" alt=\"\" class=\"wp-image-25016\" srcset=\"https:\/\/www.imelasavoie.fr\/wp-content\/uploads\/2022\/07\/memorial-caen-1024x448.jpg 1024w, https:\/\/www.imelasavoie.fr\/wp-content\/uploads\/2022\/07\/memorial-caen-300x131.jpg 300w, https:\/\/www.imelasavoie.fr\/wp-content\/uploads\/2022\/07\/memorial-caen-768x336.jpg 768w, https:\/\/www.imelasavoie.fr\/wp-content\/uploads\/2022\/07\/memorial-caen.jpg 1120w\" sizes=\"auto, (max-width: 1024px) 100vw, 1024px\" \/><\/a><\/figure>\n<\/div>\n\n\n<figure class=\"wp-block-image size-large\"><a href=\"https:\/\/www.imelasavoie.fr\/wp-content\/uploads\/2022\/07\/Memorial-de-Caen2.jpg\"><img loading=\"lazy\" decoding=\"async\" width=\"768\" height=\"1024\" src=\"https:\/\/www.imelasavoie.fr\/wp-content\/uploads\/2022\/07\/Memorial-de-Caen2-768x1024.jpg\" alt=\"\" class=\"wp-image-25017\" srcset=\"https:\/\/www.imelasavoie.fr\/wp-content\/uploads\/2022\/07\/Memorial-de-Caen2-768x1024.jpg 768w, https:\/\/www.imelasavoie.fr\/wp-content\/uploads\/2022\/07\/Memorial-de-Caen2-225x300.jpg 225w, https:\/\/www.imelasavoie.fr\/wp-content\/uploads\/2022\/07\/Memorial-de-Caen2-1152x1536.jpg 1152w, https:\/\/www.imelasavoie.fr\/wp-content\/uploads\/2022\/07\/Memorial-de-Caen2-1536x2048.jpg 1536w, https:\/\/www.imelasavoie.fr\/wp-content\/uploads\/2022\/07\/Memorial-de-Caen2.jpg 1800w\" sizes=\"auto, (max-width: 768px) 100vw, 768px\" \/><\/a><\/figure>\n\n\n\n<figure class=\"wp-block-image size-full\"><a href=\"https:\/\/www.imelasavoie.fr\/wp-content\/uploads\/2022\/07\/guerre-froide_1.jpg\"><img loading=\"lazy\" decoding=\"async\" width=\"615\" height=\"555\" src=\"https:\/\/www.imelasavoie.fr\/wp-content\/uploads\/2022\/07\/guerre-froide_1.jpg\" alt=\"\" class=\"wp-image-25010\" srcset=\"https:\/\/www.imelasavoie.fr\/wp-content\/uploads\/2022\/07\/guerre-froide_1.jpg 615w, https:\/\/www.imelasavoie.fr\/wp-content\/uploads\/2022\/07\/guerre-froide_1-300x271.jpg 300w\" sizes=\"auto, (max-width: 615px) 100vw, 615px\" \/><\/a><\/figure>\n\n\n\n<p>Apr\u00e8s avoir mang\u00e9, nous sommes all\u00e9s voir des structures historiques sur la c\u00f4te (bunkers, canons&#8230;). <\/p>\n\n\n\n<figure class=\"wp-block-image size-large\"><a href=\"https:\/\/www.imelasavoie.fr\/wp-content\/uploads\/2022\/07\/295406-Caen-la-mer-Tourisme-Les-Conteurs-Droits-reserves-Office-de-Tourisme-des-Congres-1200px.jpg\"><img loading=\"lazy\" decoding=\"async\" width=\"1024\" height=\"683\" src=\"https:\/\/www.imelasavoie.fr\/wp-content\/uploads\/2022\/07\/295406-Caen-la-mer-Tourisme-Les-Conteurs-Droits-reserves-Office-de-Tourisme-des-Congres-1200px-1024x683.jpg\" alt=\"\" class=\"wp-image-25006\" srcset=\"https:\/\/www.imelasavoie.fr\/wp-content\/uploads\/2022\/07\/295406-Caen-la-mer-Tourisme-Les-Conteurs-Droits-reserves-Office-de-Tourisme-des-Congres-1200px-1024x683.jpg 1024w, https:\/\/www.imelasavoie.fr\/wp-content\/uploads\/2022\/07\/295406-Caen-la-mer-Tourisme-Les-Conteurs-Droits-reserves-Office-de-Tourisme-des-Congres-1200px-300x200.jpg 300w, https:\/\/www.imelasavoie.fr\/wp-content\/uploads\/2022\/07\/295406-Caen-la-mer-Tourisme-Les-Conteurs-Droits-reserves-Office-de-Tourisme-des-Congres-1200px-768x512.jpg 768w, https:\/\/www.imelasavoie.fr\/wp-content\/uploads\/2022\/07\/295406-Caen-la-mer-Tourisme-Les-Conteurs-Droits-reserves-Office-de-Tourisme-des-Congres-1200px.jpg 1200w\" sizes=\"auto, (max-width: 1024px) 100vw, 1024px\" \/><\/a><\/figure>\n\n\n\n<p>Puis nous sommes all\u00e9s au cimeti\u00e8re du m\u00e9morial de Caen. <\/p>\n\n\n\n<figure class=\"wp-block-image size-full\"><a href=\"https:\/\/www.imelasavoie.fr\/wp-content\/uploads\/2022\/07\/cimetiere-americain-colleville-sur-mer-omaha-a.jpg\"><img loading=\"lazy\" decoding=\"async\" width=\"640\" height=\"327\" src=\"https:\/\/www.imelasavoie.fr\/wp-content\/uploads\/2022\/07\/cimetiere-americain-colleville-sur-mer-omaha-a.jpg\" alt=\"\" class=\"wp-image-25008\" srcset=\"https:\/\/www.imelasavoie.fr\/wp-content\/uploads\/2022\/07\/cimetiere-americain-colleville-sur-mer-omaha-a.jpg 640w, https:\/\/www.imelasavoie.fr\/wp-content\/uploads\/2022\/07\/cimetiere-americain-colleville-sur-mer-omaha-a-300x153.jpg 300w\" sizes=\"auto, (max-width: 640px) 100vw, 640px\" \/><\/a><\/figure>\n\n\n<div class=\"wp-block-image\">\n<figure class=\"aligncenter size-full\"><a href=\"https:\/\/www.imelasavoie.fr\/wp-content\/uploads\/2022\/07\/index-2.jpg\"><img loading=\"lazy\" decoding=\"async\" width=\"259\" height=\"194\" src=\"https:\/\/www.imelasavoie.fr\/wp-content\/uploads\/2022\/07\/index-2.jpg\" alt=\"\" class=\"wp-image-25013\"\/><\/a><\/figure>\n<\/div>\n\n\n<p>Le soir, nous avons dormi dans le m\u00eame h\u00f4tel et mang\u00e9 dans le m\u00eame restaurant. <\/p>\n\n\n\n<p>Le lendemain, nous sommes retourn\u00e9s sur Paris. Nous avons vu la tour Eiffel. Elle \u00e9tait trop belle. <\/p>\n\n\n<div class=\"wp-block-image\">\n<figure class=\"aligncenter size-full is-resized\"><a href=\"https:\/\/www.imelasavoie.fr\/wp-content\/uploads\/2022\/07\/index-6.jpg\"><img loading=\"lazy\" decoding=\"async\" src=\"https:\/\/www.imelasavoie.fr\/wp-content\/uploads\/2022\/07\/index-6.jpg\" alt=\"\" class=\"wp-image-25014\" width=\"403\" height=\"259\"\/><\/a><\/figure>\n<\/div>\n\n\n<p>Puis nous avons visit\u00e9 Paris en bateau mouche. <\/p>\n\n\n\n<p>Le soir, nous avons mang\u00e9 au restaurant universitaire et dormi dans un magnifique h\u00f4tel.<\/p>\n\n\n\n<figure class=\"wp-block-image size-full\"><a href=\"https:\/\/www.imelasavoie.fr\/wp-content\/uploads\/2022\/07\/PHO99481e1c-4703-11e3-96c6-6417404927fe-805x453-1.jpg\"><img loading=\"lazy\" decoding=\"async\" width=\"805\" height=\"453\" src=\"https:\/\/www.imelasavoie.fr\/wp-content\/uploads\/2022\/07\/PHO99481e1c-4703-11e3-96c6-6417404927fe-805x453-1.jpg\" alt=\"\" class=\"wp-image-25019\" srcset=\"https:\/\/www.imelasavoie.fr\/wp-content\/uploads\/2022\/07\/PHO99481e1c-4703-11e3-96c6-6417404927fe-805x453-1.jpg 805w, https:\/\/www.imelasavoie.fr\/wp-content\/uploads\/2022\/07\/PHO99481e1c-4703-11e3-96c6-6417404927fe-805x453-1-300x169.jpg 300w, https:\/\/www.imelasavoie.fr\/wp-content\/uploads\/2022\/07\/PHO99481e1c-4703-11e3-96c6-6417404927fe-805x453-1-768x432.jpg 768w\" sizes=\"auto, (max-width: 805px) 100vw, 805px\" \/><\/a><\/figure>\n\n\n<div class=\"wp-block-image\">\n<figure class=\"aligncenter size-full is-resized\"><a href=\"https:\/\/www.imelasavoie.fr\/wp-content\/uploads\/2022\/07\/index1.jpg\"><img loading=\"lazy\" decoding=\"async\" src=\"https:\/\/www.imelasavoie.fr\/wp-content\/uploads\/2022\/07\/index1.jpg\" alt=\"\" class=\"wp-image-25015\" width=\"393\" height=\"294\"\/><\/a><\/figure>\n<\/div>\n\n\n<p>Le lendemain, nous avons visit\u00e9 le ch\u00e2teau de Vaux le vicomte. Il y avait des histoires incroyables. <\/p>\n\n\n<div class=\"wp-block-image\">\n<figure class=\"aligncenter size-full\"><a href=\"https:\/\/www.imelasavoie.fr\/wp-content\/uploads\/2022\/07\/chateau_de_vaux_le_vicomte_07726900_171159768.jpg\"><img loading=\"lazy\" decoding=\"async\" width=\"550\" height=\"412\" src=\"https:\/\/www.imelasavoie.fr\/wp-content\/uploads\/2022\/07\/chateau_de_vaux_le_vicomte_07726900_171159768.jpg\" alt=\"\" class=\"wp-image-25022\" srcset=\"https:\/\/www.imelasavoie.fr\/wp-content\/uploads\/2022\/07\/chateau_de_vaux_le_vicomte_07726900_171159768.jpg 550w, https:\/\/www.imelasavoie.fr\/wp-content\/uploads\/2022\/07\/chateau_de_vaux_le_vicomte_07726900_171159768-300x225.jpg 300w\" sizes=\"auto, (max-width: 550px) 100vw, 550px\" \/><\/a><\/figure>\n<\/div>\n\n\n<p>Nous sommes ensuite rentr\u00e9s sur Hauteville. <\/p>\n\n\n\n<p>Je garde de tr\u00e8s bon souvenirs de ce voyage de d\u00e9l\u00e9gu\u00e9s CVC.<\/p>\n\n\n\n<p>Bient\u00f4t des photos de mon voyage !!!<\/p>\n\n\n\n<p class=\"has-text-align-center\">Lilian M<\/p>\n","protected":false},"excerpt":{"rendered":"<p>Lundi 11 avril ,je me suis r\u00e9veill\u00e9 \u00e0 5h pour partir \u00e0 6h45. Notre bus de voyage partait pour Paris. C&rsquo;\u00e9tait le voyage des d\u00e9l\u00e9gu\u00e9s du coll\u00e8ge d&rsquo;Hauteville. Nous nous sommes arr\u00eat\u00e9s vers 14h au sous sol du mus\u00e9e du &hellip; <a href=\"https:\/\/www.imelasavoie.fr\/?p=24589\">Continuer la lecture <span class=\"meta-nav\">&rarr;<\/span><\/a><\/p>\n","protected":false},"author":1,"featured_media":0,"comment_status":"open","ping_status":"closed","sticky":false,"template":"","format":"standard","meta":{"footnotes":""},"categories":[56,58],"tags":[],"class_list":["post-24589","post","type-post","status-publish","format-standard","hentry","category-les-classes-et-ateliers","category-mandela2"],"_links":{"self":[{"href":"https:\/\/www.imelasavoie.fr\/index.php?rest_route=\/wp\/v2\/posts\/24589","targetHints":{"allow":["GET"]}}],"collection":[{"href":"https:\/\/www.imelasavoie.fr\/index.php?rest_route=\/wp\/v2\/posts"}],"about":[{"href":"https:\/\/www.imelasavoie.fr\/index.php?rest_route=\/wp\/v2\/types\/post"}],"author":[{"embeddable":true,"href":"https:\/\/www.imelasavoie.fr\/index.php?rest_route=\/wp\/v2\/users\/1"}],"replies":[{"embeddable":true,"href":"https:\/\/www.imelasavoie.fr\/index.php?rest_route=%2Fwp%2Fv2%2Fcomments&post=24589"}],"version-history":[{"count":0,"href":"https:\/\/www.imelasavoie.fr\/index.php?rest_route=\/wp\/v2\/posts\/24589\/revisions"}],"wp:attachment":[{"href":"https:\/\/www.imelasavoie.fr\/index.php?rest_route=%2Fwp%2Fv2%2Fmedia&parent=24589"}],"wp:term":[{"taxonomy":"category","embeddable":true,"href":"https:\/\/www.imelasavoie.fr\/index.php?rest_route=%2Fwp%2Fv2%2Fcategories&post=24589"},{"taxonomy":"post_tag","embeddable":true,"href":"https:\/\/www.imelasavoie.fr\/index.php?rest_route=%2Fwp%2Fv2%2Ftags&post=24589"}],"curies":[{"name":"wp","href":"https:\/\/api.w.org\/{rel}","templated":true}]}}