{"id":24942,"date":"2022-06-24T21:08:12","date_gmt":"2022-06-24T19:08:12","guid":{"rendered":"https:\/\/www.imelasavoie.fr\/?p=24942"},"modified":"2022-06-24T21:08:53","modified_gmt":"2022-06-24T19:08:53","slug":"expo-dinamobjet","status":"publish","type":"post","link":"https:\/\/www.imelasavoie.fr\/?p=24942","title":{"rendered":"[Expo] Dinam&rsquo;objet"},"content":{"rendered":"\n<p>Mardi 21 juin, nous avons visit\u00e9 l&rsquo;exposition \u00ab\u00a0dinam&rsquo;objet\u00a0\u00bb au sein du coll\u00e8ge d&rsquo;Hauteville. Superbe exposition qui \u00e9tait en r\u00e9sonance avec notre travail sur le surr\u00e9alisme r\u00e9alis\u00e9 au cours de l&rsquo;ann\u00e9e avec notamment le visionnage du film de Jacques Tati \u00ab\u00a0Mon oncle\u00a0\u00bb, les chansons de Boris Vian et Georges Brassens et les cr\u00e9ations po\u00e9tiques r\u00e9alis\u00e9es en classe. <\/p>\n\n\n\n<p>Une tr\u00e8s belle exposition qui a pu mettre en valeur le travail r\u00e9alis\u00e9 tout au long de l&rsquo;ann\u00e9e par les \u00e9l\u00e8ves des classes Dinamo 1 et 2. Bravo !<\/p>\n\n\n\n<figure class=\"wp-block-image size-full\"><a href=\"https:\/\/www.imelasavoie.fr\/wp-content\/uploads\/2022\/06\/DSC02527.jpg\"><img loading=\"lazy\" decoding=\"async\" width=\"800\" height=\"450\" src=\"https:\/\/www.imelasavoie.fr\/wp-content\/uploads\/2022\/06\/DSC02527.jpg\" alt=\"\" class=\"wp-image-24891\" srcset=\"https:\/\/www.imelasavoie.fr\/wp-content\/uploads\/2022\/06\/DSC02527.jpg 800w, https:\/\/www.imelasavoie.fr\/wp-content\/uploads\/2022\/06\/DSC02527-300x169.jpg 300w, https:\/\/www.imelasavoie.fr\/wp-content\/uploads\/2022\/06\/DSC02527-768x432.jpg 768w\" sizes=\"auto, (max-width: 800px) 100vw, 800px\" \/><\/a><\/figure>\n\n\n\n<figure class=\"wp-block-image size-full\"><a href=\"https:\/\/www.imelasavoie.fr\/wp-content\/uploads\/2022\/06\/DSC02525.jpg\"><img loading=\"lazy\" decoding=\"async\" width=\"800\" height=\"450\" src=\"https:\/\/www.imelasavoie.fr\/wp-content\/uploads\/2022\/06\/DSC02525.jpg\" alt=\"\" class=\"wp-image-24890\" srcset=\"https:\/\/www.imelasavoie.fr\/wp-content\/uploads\/2022\/06\/DSC02525.jpg 800w, https:\/\/www.imelasavoie.fr\/wp-content\/uploads\/2022\/06\/DSC02525-300x169.jpg 300w, https:\/\/www.imelasavoie.fr\/wp-content\/uploads\/2022\/06\/DSC02525-768x432.jpg 768w\" sizes=\"auto, (max-width: 800px) 100vw, 800px\" \/><\/a><\/figure>\n\n\n\n<figure class=\"wp-block-image size-full\"><a href=\"https:\/\/www.imelasavoie.fr\/wp-content\/uploads\/2022\/06\/DSC02528.jpg\"><img loading=\"lazy\" decoding=\"async\" width=\"800\" height=\"450\" src=\"https:\/\/www.imelasavoie.fr\/wp-content\/uploads\/2022\/06\/DSC02528.jpg\" alt=\"\" class=\"wp-image-24892\" srcset=\"https:\/\/www.imelasavoie.fr\/wp-content\/uploads\/2022\/06\/DSC02528.jpg 800w, https:\/\/www.imelasavoie.fr\/wp-content\/uploads\/2022\/06\/DSC02528-300x169.jpg 300w, https:\/\/www.imelasavoie.fr\/wp-content\/uploads\/2022\/06\/DSC02528-768x432.jpg 768w\" sizes=\"auto, (max-width: 800px) 100vw, 800px\" \/><\/a><\/figure>\n\n\n\n<figure class=\"wp-block-image size-full\"><a href=\"https:\/\/www.imelasavoie.fr\/wp-content\/uploads\/2022\/06\/DSC02529.jpg\"><img loading=\"lazy\" decoding=\"async\" width=\"800\" height=\"450\" src=\"https:\/\/www.imelasavoie.fr\/wp-content\/uploads\/2022\/06\/DSC02529.jpg\" alt=\"\" class=\"wp-image-24893\" srcset=\"https:\/\/www.imelasavoie.fr\/wp-content\/uploads\/2022\/06\/DSC02529.jpg 800w, https:\/\/www.imelasavoie.fr\/wp-content\/uploads\/2022\/06\/DSC02529-300x169.jpg 300w, https:\/\/www.imelasavoie.fr\/wp-content\/uploads\/2022\/06\/DSC02529-768x432.jpg 768w\" sizes=\"auto, (max-width: 800px) 100vw, 800px\" \/><\/a><\/figure>\n\n\n\n<figure class=\"wp-block-image size-full\"><a href=\"https:\/\/www.imelasavoie.fr\/wp-content\/uploads\/2022\/06\/DSC02530.jpg\"><img loading=\"lazy\" decoding=\"async\" width=\"800\" height=\"450\" src=\"https:\/\/www.imelasavoie.fr\/wp-content\/uploads\/2022\/06\/DSC02530.jpg\" alt=\"\" class=\"wp-image-24894\" srcset=\"https:\/\/www.imelasavoie.fr\/wp-content\/uploads\/2022\/06\/DSC02530.jpg 800w, https:\/\/www.imelasavoie.fr\/wp-content\/uploads\/2022\/06\/DSC02530-300x169.jpg 300w, https:\/\/www.imelasavoie.fr\/wp-content\/uploads\/2022\/06\/DSC02530-768x432.jpg 768w\" sizes=\"auto, (max-width: 800px) 100vw, 800px\" \/><\/a><\/figure>\n\n\n\n<figure class=\"wp-block-image size-full\"><a href=\"https:\/\/www.imelasavoie.fr\/wp-content\/uploads\/2022\/06\/DSC02531.jpg\"><img loading=\"lazy\" decoding=\"async\" width=\"800\" height=\"450\" src=\"https:\/\/www.imelasavoie.fr\/wp-content\/uploads\/2022\/06\/DSC02531.jpg\" alt=\"\" class=\"wp-image-24895\" srcset=\"https:\/\/www.imelasavoie.fr\/wp-content\/uploads\/2022\/06\/DSC02531.jpg 800w, https:\/\/www.imelasavoie.fr\/wp-content\/uploads\/2022\/06\/DSC02531-300x169.jpg 300w, https:\/\/www.imelasavoie.fr\/wp-content\/uploads\/2022\/06\/DSC02531-768x432.jpg 768w\" sizes=\"auto, (max-width: 800px) 100vw, 800px\" \/><\/a><\/figure>\n\n\n\n<figure class=\"wp-block-image size-full\"><a href=\"https:\/\/www.imelasavoie.fr\/wp-content\/uploads\/2022\/06\/DSC02532.jpg\"><img loading=\"lazy\" decoding=\"async\" width=\"800\" height=\"450\" src=\"https:\/\/www.imelasavoie.fr\/wp-content\/uploads\/2022\/06\/DSC02532.jpg\" alt=\"\" class=\"wp-image-24896\" srcset=\"https:\/\/www.imelasavoie.fr\/wp-content\/uploads\/2022\/06\/DSC02532.jpg 800w, https:\/\/www.imelasavoie.fr\/wp-content\/uploads\/2022\/06\/DSC02532-300x169.jpg 300w, https:\/\/www.imelasavoie.fr\/wp-content\/uploads\/2022\/06\/DSC02532-768x432.jpg 768w\" sizes=\"auto, (max-width: 800px) 100vw, 800px\" \/><\/a><\/figure>\n\n\n\n<figure class=\"wp-block-image size-full\"><a href=\"https:\/\/www.imelasavoie.fr\/wp-content\/uploads\/2022\/06\/DSC02533.jpg\"><img loading=\"lazy\" decoding=\"async\" width=\"800\" height=\"450\" src=\"https:\/\/www.imelasavoie.fr\/wp-content\/uploads\/2022\/06\/DSC02533.jpg\" alt=\"\" class=\"wp-image-24897\" srcset=\"https:\/\/www.imelasavoie.fr\/wp-content\/uploads\/2022\/06\/DSC02533.jpg 800w, https:\/\/www.imelasavoie.fr\/wp-content\/uploads\/2022\/06\/DSC02533-300x169.jpg 300w, https:\/\/www.imelasavoie.fr\/wp-content\/uploads\/2022\/06\/DSC02533-768x432.jpg 768w\" sizes=\"auto, (max-width: 800px) 100vw, 800px\" \/><\/a><\/figure>\n\n\n\n<p class=\"has-text-align-center\">Les classes Mandela 1 et 2<\/p>\n\n\n\n<p><\/p>\n\n\n\n<p><\/p>\n\n\n\n<p><\/p>\n","protected":false},"excerpt":{"rendered":"<p>Mardi 21 juin, nous avons visit\u00e9 l&rsquo;exposition \u00ab\u00a0dinam&rsquo;objet\u00a0\u00bb au sein du coll\u00e8ge d&rsquo;Hauteville. Superbe exposition qui \u00e9tait en r\u00e9sonance avec notre travail sur le surr\u00e9alisme r\u00e9alis\u00e9 au cours de l&rsquo;ann\u00e9e avec notamment le visionnage du film de Jacques Tati \u00ab\u00a0Mon &hellip; <a href=\"https:\/\/www.imelasavoie.fr\/?p=24942\">Continuer la lecture <span class=\"meta-nav\">&rarr;<\/span><\/a><\/p>\n","protected":false},"author":1,"featured_media":0,"comment_status":"open","ping_status":"closed","sticky":false,"template":"","format":"standard","meta":{"footnotes":""},"categories":[48,56,57,58],"tags":[],"class_list":["post-24942","post","type-post","status-publish","format-standard","hentry","category-actualites","category-les-classes-et-ateliers","category-mandela1","category-mandela2"],"_links":{"self":[{"href":"https:\/\/www.imelasavoie.fr\/index.php?rest_route=\/wp\/v2\/posts\/24942","targetHints":{"allow":["GET"]}}],"collection":[{"href":"https:\/\/www.imelasavoie.fr\/index.php?rest_route=\/wp\/v2\/posts"}],"about":[{"href":"https:\/\/www.imelasavoie.fr\/index.php?rest_route=\/wp\/v2\/types\/post"}],"author":[{"embeddable":true,"href":"https:\/\/www.imelasavoie.fr\/index.php?rest_route=\/wp\/v2\/users\/1"}],"replies":[{"embeddable":true,"href":"https:\/\/www.imelasavoie.fr\/index.php?rest_route=%2Fwp%2Fv2%2Fcomments&post=24942"}],"version-history":[{"count":0,"href":"https:\/\/www.imelasavoie.fr\/index.php?rest_route=\/wp\/v2\/posts\/24942\/revisions"}],"wp:attachment":[{"href":"https:\/\/www.imelasavoie.fr\/index.php?rest_route=%2Fwp%2Fv2%2Fmedia&parent=24942"}],"wp:term":[{"taxonomy":"category","embeddable":true,"href":"https:\/\/www.imelasavoie.fr\/index.php?rest_route=%2Fwp%2Fv2%2Fcategories&post=24942"},{"taxonomy":"post_tag","embeddable":true,"href":"https:\/\/www.imelasavoie.fr\/index.php?rest_route=%2Fwp%2Fv2%2Ftags&post=24942"}],"curies":[{"name":"wp","href":"https:\/\/api.w.org\/{rel}","templated":true}]}}