{"id":25409,"date":"2022-10-10T11:21:20","date_gmt":"2022-10-10T09:21:20","guid":{"rendered":"https:\/\/www.imelasavoie.fr\/?p=25409"},"modified":"2022-10-10T11:22:50","modified_gmt":"2022-10-10T09:22:50","slug":"dessin-libre-la-pelle-araignee","status":"publish","type":"post","link":"https:\/\/www.imelasavoie.fr\/?p=25409","title":{"rendered":"[Dessin libre] La pelle araign\u00e9e par Vianney"},"content":{"rendered":"\n<p>En classe, Math\u00e9o nous a relat\u00e9 sa passion pour les tracteurs que vous n&rsquo;avez pas manqu\u00e9 de commenter \ud83d\ude09<\/p>\n\n\n\n<figure class=\"wp-block-embed is-type-wp-embed is-provider-ime-dinamo wp-block-embed-ime-dinamo\"><div class=\"wp-block-embed__wrapper\">\n<blockquote class=\"wp-embedded-content\" data-secret=\"hk5Xl0y0Lo\"><a href=\"https:\/\/www.imelasavoie.fr\/?p=25224\">[Texte libre] Expos\u00e9 sur les tracteurs et la ferme par Math\u00e9o Hugon<\/a><\/blockquote><iframe loading=\"lazy\" class=\"wp-embedded-content\" sandbox=\"allow-scripts\" security=\"restricted\" style=\"position: absolute; clip: rect(1px, 1px, 1px, 1px);\" title=\"\u00ab\u00a0[Texte libre] Expos\u00e9 sur les tracteurs et la ferme par Math\u00e9o Hugon\u00a0\u00bb &#8212; IME DINAMO\" src=\"https:\/\/www.imelasavoie.fr\/?p=25224&#038;embed=true#?secret=B0xJrSUsNn#?secret=hk5Xl0y0Lo\" data-secret=\"hk5Xl0y0Lo\" width=\"600\" height=\"338\" frameborder=\"0\" marginwidth=\"0\" marginheight=\"0\" scrolling=\"no\"><\/iframe>\n<\/div><\/figure>\n\n\n\n<p>Math\u00e9o nous a \u00e9galement fait d\u00e9couvrir les pelles araign\u00e9es dont vous trouverez une vid\u00e9o impressionnante ci-dessous:<\/p>\n\n\n\n<figure class=\"wp-block-embed is-type-video is-provider-youtube wp-block-embed-youtube wp-embed-aspect-16-9 wp-has-aspect-ratio\"><div class=\"wp-block-embed__wrapper\">\n<iframe loading=\"lazy\" title=\"Travaux d&#039;acc\u00e8s difficile   -EUROMACH R45-  DUPERIER TP- Pelle Araign\u00e9e\" width=\"640\" height=\"360\" src=\"https:\/\/www.youtube.com\/embed\/gqLdRYVJGQw?feature=oembed\" frameborder=\"0\" allow=\"accelerometer; autoplay; clipboard-write; encrypted-media; gyroscope; picture-in-picture; web-share\" referrerpolicy=\"strict-origin-when-cross-origin\" allowfullscreen><\/iframe>\n<\/div><\/figure>\n\n\n\n<p>Alors \u00e9videmment, Vianney a repris ses crayons pour nous apporter sa contribution artistique sur le sujet :<\/p>\n\n\n\n<figure class=\"wp-block-image size-full\"><a href=\"https:\/\/www.imelasavoie.fr\/wp-content\/uploads\/2022\/10\/pelle-araignee.jpg\"><img loading=\"lazy\" decoding=\"async\" width=\"910\" height=\"687\" src=\"https:\/\/www.imelasavoie.fr\/wp-content\/uploads\/2022\/10\/pelle-araignee.jpg\" alt=\"\" class=\"wp-image-25412\" srcset=\"https:\/\/www.imelasavoie.fr\/wp-content\/uploads\/2022\/10\/pelle-araignee.jpg 910w, https:\/\/www.imelasavoie.fr\/wp-content\/uploads\/2022\/10\/pelle-araignee-300x226.jpg 300w, https:\/\/www.imelasavoie.fr\/wp-content\/uploads\/2022\/10\/pelle-araignee-768x580.jpg 768w\" sizes=\"auto, (max-width: 910px) 100vw, 910px\" \/><\/a><\/figure>\n\n\n\n<p><\/p>\n","protected":false},"excerpt":{"rendered":"<p>En classe, Math\u00e9o nous a relat\u00e9 sa passion pour les tracteurs que vous n&rsquo;avez pas manqu\u00e9 de commenter \ud83d\ude09 Math\u00e9o nous a \u00e9galement fait d\u00e9couvrir les pelles araign\u00e9es dont vous trouverez une vid\u00e9o impressionnante ci-dessous: Alors \u00e9videmment, Vianney a repris &hellip; <a href=\"https:\/\/www.imelasavoie.fr\/?p=25409\">Continuer la lecture <span class=\"meta-nav\">&rarr;<\/span><\/a><\/p>\n","protected":false},"author":1,"featured_media":0,"comment_status":"open","ping_status":"closed","sticky":false,"template":"","format":"standard","meta":{"footnotes":""},"categories":[56,58],"tags":[],"class_list":["post-25409","post","type-post","status-publish","format-standard","hentry","category-les-classes-et-ateliers","category-mandela2"],"_links":{"self":[{"href":"https:\/\/www.imelasavoie.fr\/index.php?rest_route=\/wp\/v2\/posts\/25409","targetHints":{"allow":["GET"]}}],"collection":[{"href":"https:\/\/www.imelasavoie.fr\/index.php?rest_route=\/wp\/v2\/posts"}],"about":[{"href":"https:\/\/www.imelasavoie.fr\/index.php?rest_route=\/wp\/v2\/types\/post"}],"author":[{"embeddable":true,"href":"https:\/\/www.imelasavoie.fr\/index.php?rest_route=\/wp\/v2\/users\/1"}],"replies":[{"embeddable":true,"href":"https:\/\/www.imelasavoie.fr\/index.php?rest_route=%2Fwp%2Fv2%2Fcomments&post=25409"}],"version-history":[{"count":2,"href":"https:\/\/www.imelasavoie.fr\/index.php?rest_route=\/wp\/v2\/posts\/25409\/revisions"}],"predecessor-version":[{"id":25413,"href":"https:\/\/www.imelasavoie.fr\/index.php?rest_route=\/wp\/v2\/posts\/25409\/revisions\/25413"}],"wp:attachment":[{"href":"https:\/\/www.imelasavoie.fr\/index.php?rest_route=%2Fwp%2Fv2%2Fmedia&parent=25409"}],"wp:term":[{"taxonomy":"category","embeddable":true,"href":"https:\/\/www.imelasavoie.fr\/index.php?rest_route=%2Fwp%2Fv2%2Fcategories&post=25409"},{"taxonomy":"post_tag","embeddable":true,"href":"https:\/\/www.imelasavoie.fr\/index.php?rest_route=%2Fwp%2Fv2%2Ftags&post=25409"}],"curies":[{"name":"wp","href":"https:\/\/api.w.org\/{rel}","templated":true}]}}