{"id":25416,"date":"2022-10-10T14:40:21","date_gmt":"2022-10-10T12:40:21","guid":{"rendered":"https:\/\/www.imelasavoie.fr\/?p=25416"},"modified":"2022-10-10T14:40:21","modified_gmt":"2022-10-10T12:40:21","slug":"elections-cvc-les-premiers-resultats-pour-la-classe-mandela-2","status":"publish","type":"post","link":"https:\/\/www.imelasavoie.fr\/?p=25416","title":{"rendered":"[Elections CVC] Les premiers r\u00e9sultats pour la classe Mandela 2"},"content":{"rendered":"\n<p>Aujourd&rsquo;hui, c&rsquo;\u00e9tait jour de d\u00e9pouillement pour la classe Mandela 2. Voici les r\u00e9sultats sortis de l&rsquo;urne:<\/p>\n\n\n\n<p>Mehdi = 6 votes<\/p>\n\n\n\n<p>Inaya = 6 votes<\/p>\n\n\n\n<p>R\u00e9my = 3 votes<\/p>\n\n\n\n<p>Vianney = 7 votes<\/p>\n\n\n\n<p>Les r\u00e9sultats \u00e9taient tr\u00e8s serr\u00e9s et jusqu&rsquo;au dernier moment, l&rsquo;incertitude \u00e9tait de mise. Pas mal de stress chez les candidats pr\u00e9sents&#8230;<\/p>\n\n\n\n<p>Vianney est donc \u00e9lu pour une voix d\u00e9l\u00e9gu\u00e9 CVC (Titulaire). Il faudra proc\u00e9der \u00e0 un second tour afin de d\u00e9partager Mehdi et Inaya pour le poste de suppl\u00e9ant. <\/p>\n\n\n\n<p>Nous proc\u00e9derons \u00e0 ce second tour pendant la semaine avec un d\u00e9pouillement ce jeudi matin avec les \u00e9l\u00e8ves pr\u00e9sents en classe.<\/p>\n\n\n\n<p class=\"has-text-align-center\">La classe Mandela 2<\/p>\n","protected":false},"excerpt":{"rendered":"<p>Aujourd&rsquo;hui, c&rsquo;\u00e9tait jour de d\u00e9pouillement pour la classe Mandela 2. Voici les r\u00e9sultats sortis de l&rsquo;urne: Mehdi = 6 votes Inaya = 6 votes R\u00e9my = 3 votes Vianney = 7 votes Les r\u00e9sultats \u00e9taient tr\u00e8s serr\u00e9s et jusqu&rsquo;au dernier &hellip; <a href=\"https:\/\/www.imelasavoie.fr\/?p=25416\">Continuer la lecture <span class=\"meta-nav\">&rarr;<\/span><\/a><\/p>\n","protected":false},"author":1,"featured_media":0,"comment_status":"open","ping_status":"closed","sticky":false,"template":"","format":"standard","meta":{"footnotes":""},"categories":[56,58],"tags":[],"class_list":["post-25416","post","type-post","status-publish","format-standard","hentry","category-les-classes-et-ateliers","category-mandela2"],"_links":{"self":[{"href":"https:\/\/www.imelasavoie.fr\/index.php?rest_route=\/wp\/v2\/posts\/25416","targetHints":{"allow":["GET"]}}],"collection":[{"href":"https:\/\/www.imelasavoie.fr\/index.php?rest_route=\/wp\/v2\/posts"}],"about":[{"href":"https:\/\/www.imelasavoie.fr\/index.php?rest_route=\/wp\/v2\/types\/post"}],"author":[{"embeddable":true,"href":"https:\/\/www.imelasavoie.fr\/index.php?rest_route=\/wp\/v2\/users\/1"}],"replies":[{"embeddable":true,"href":"https:\/\/www.imelasavoie.fr\/index.php?rest_route=%2Fwp%2Fv2%2Fcomments&post=25416"}],"version-history":[{"count":1,"href":"https:\/\/www.imelasavoie.fr\/index.php?rest_route=\/wp\/v2\/posts\/25416\/revisions"}],"predecessor-version":[{"id":25417,"href":"https:\/\/www.imelasavoie.fr\/index.php?rest_route=\/wp\/v2\/posts\/25416\/revisions\/25417"}],"wp:attachment":[{"href":"https:\/\/www.imelasavoie.fr\/index.php?rest_route=%2Fwp%2Fv2%2Fmedia&parent=25416"}],"wp:term":[{"taxonomy":"category","embeddable":true,"href":"https:\/\/www.imelasavoie.fr\/index.php?rest_route=%2Fwp%2Fv2%2Fcategories&post=25416"},{"taxonomy":"post_tag","embeddable":true,"href":"https:\/\/www.imelasavoie.fr\/index.php?rest_route=%2Fwp%2Fv2%2Ftags&post=25416"}],"curies":[{"name":"wp","href":"https:\/\/api.w.org\/{rel}","templated":true}]}}