{"id":25421,"date":"2022-10-10T15:59:35","date_gmt":"2022-10-10T13:59:35","guid":{"rendered":"https:\/\/www.imelasavoie.fr\/?p=25421"},"modified":"2022-10-10T16:01:36","modified_gmt":"2022-10-10T14:01:36","slug":"texte-libre-presentation-de-judy","status":"publish","type":"post","link":"https:\/\/www.imelasavoie.fr\/?p=25421","title":{"rendered":"[Texte libre] Pr\u00e9sentation de Judy"},"content":{"rendered":"\n<p>Bonjour, je m\u2019appelle Judy. J\u2019ai 13 ans. <\/p>\n\n\n\n<p>Mon anniversaire c\u2019est le 16 mai. <\/p>\n\n\n\n<p>J\u2019habite \u00e0 Champagne en Valromey avec ma maman et mon fr\u00e8re. <\/p>\n\n\n\n<p>Mon fr\u00e8re s\u2019appelle Noam. Il a 11 ans.<\/p>\n\n\n\n<p>J\u2019aime bien faire du v\u00e9lo et regarder mon fr\u00e8re jouer au foot.<\/p>\n\n\n\n<p>J\u2019aime bien \u00e9couter de la musique surtout du rap comme yanns.<\/p>\n\n\n\n<figure class=\"wp-block-image size-large\"><a href=\"https:\/\/www.imelasavoie.fr\/wp-content\/uploads\/2022\/10\/hq720.jpg\"><img loading=\"lazy\" decoding=\"async\" width=\"1024\" height=\"576\" src=\"https:\/\/www.imelasavoie.fr\/wp-content\/uploads\/2022\/10\/hq720-1024x576.jpg\" alt=\"\" class=\"wp-image-25423\" srcset=\"https:\/\/www.imelasavoie.fr\/wp-content\/uploads\/2022\/10\/hq720-1024x576.jpg 1024w, https:\/\/www.imelasavoie.fr\/wp-content\/uploads\/2022\/10\/hq720-300x169.jpg 300w, https:\/\/www.imelasavoie.fr\/wp-content\/uploads\/2022\/10\/hq720-768x432.jpg 768w, https:\/\/www.imelasavoie.fr\/wp-content\/uploads\/2022\/10\/hq720.jpg 1280w\" sizes=\"auto, (max-width: 1024px) 100vw, 1024px\" \/><\/a><\/figure>\n\n\n\n<p>J\u2019ai d\u00e9j\u00e0 fait du basket. J\u2019aime bien les math\u00e9matiques et lire des livres.<\/p>\n\n\n\n<p>Mon plat pr\u00e9f\u00e9r\u00e9, c\u2019est des frites avec du poisson pan\u00e9.<\/p>\n\n\n\n<p>Plus tard, j\u2019aimerais travailler dans un magasin pour vendre des choses.<\/p>\n\n\n\n<p class=\"has-text-align-center\">Judy avec l&rsquo;aide de Monsieur Lan\u00e7on<\/p>\n","protected":false},"excerpt":{"rendered":"<p>Bonjour, je m\u2019appelle Judy. J\u2019ai 13 ans. Mon anniversaire c\u2019est le 16 mai. J\u2019habite \u00e0 Champagne en Valromey avec ma maman et mon fr\u00e8re. Mon fr\u00e8re s\u2019appelle Noam. Il a 11 ans. J\u2019aime bien faire du v\u00e9lo et regarder mon &hellip; <a href=\"https:\/\/www.imelasavoie.fr\/?p=25421\">Continuer la lecture <span class=\"meta-nav\">&rarr;<\/span><\/a><\/p>\n","protected":false},"author":1,"featured_media":0,"comment_status":"open","ping_status":"closed","sticky":false,"template":"","format":"standard","meta":{"footnotes":""},"categories":[56,58],"tags":[],"class_list":["post-25421","post","type-post","status-publish","format-standard","hentry","category-les-classes-et-ateliers","category-mandela2"],"_links":{"self":[{"href":"https:\/\/www.imelasavoie.fr\/index.php?rest_route=\/wp\/v2\/posts\/25421","targetHints":{"allow":["GET"]}}],"collection":[{"href":"https:\/\/www.imelasavoie.fr\/index.php?rest_route=\/wp\/v2\/posts"}],"about":[{"href":"https:\/\/www.imelasavoie.fr\/index.php?rest_route=\/wp\/v2\/types\/post"}],"author":[{"embeddable":true,"href":"https:\/\/www.imelasavoie.fr\/index.php?rest_route=\/wp\/v2\/users\/1"}],"replies":[{"embeddable":true,"href":"https:\/\/www.imelasavoie.fr\/index.php?rest_route=%2Fwp%2Fv2%2Fcomments&post=25421"}],"version-history":[{"count":4,"href":"https:\/\/www.imelasavoie.fr\/index.php?rest_route=\/wp\/v2\/posts\/25421\/revisions"}],"predecessor-version":[{"id":25426,"href":"https:\/\/www.imelasavoie.fr\/index.php?rest_route=\/wp\/v2\/posts\/25421\/revisions\/25426"}],"wp:attachment":[{"href":"https:\/\/www.imelasavoie.fr\/index.php?rest_route=%2Fwp%2Fv2%2Fmedia&parent=25421"}],"wp:term":[{"taxonomy":"category","embeddable":true,"href":"https:\/\/www.imelasavoie.fr\/index.php?rest_route=%2Fwp%2Fv2%2Fcategories&post=25421"},{"taxonomy":"post_tag","embeddable":true,"href":"https:\/\/www.imelasavoie.fr\/index.php?rest_route=%2Fwp%2Fv2%2Ftags&post=25421"}],"curies":[{"name":"wp","href":"https:\/\/api.w.org\/{rel}","templated":true}]}}