{"id":25428,"date":"2022-10-11T15:19:19","date_gmt":"2022-10-11T13:19:19","guid":{"rendered":"https:\/\/www.imelasavoie.fr\/?p=25428"},"modified":"2022-10-11T15:19:19","modified_gmt":"2022-10-11T13:19:19","slug":"les-gobelets-de-lime-seront-bientot-prets-par-augustin-et-judy","status":"publish","type":"post","link":"https:\/\/www.imelasavoie.fr\/?p=25428","title":{"rendered":"Les gobelets de l&rsquo;IME seront bient\u00f4t pr\u00eats!( par Augustin et Judy)"},"content":{"rendered":"\n<p>L&rsquo;ann\u00e9e derni\u00e8re des jeunes de l&rsquo;IME et du coll\u00e8ge ont particip\u00e9 \u00e0 un concours de logo pour d\u00e9corer les gobelets en plastique de l&rsquo;IME.<\/p>\n\n\n\n<p>Un logo a \u00e9t\u00e9 s\u00e9lectionn\u00e9 gr\u00e2ce \u00e0 de nombreux votes.<\/p>\n\n\n\n<p>Le logo a \u00e9t\u00e9 imprim\u00e9 sur des \u00e9tiquettes sp\u00e9ciales qui r\u00e9sistent \u00e0 l&rsquo;eau.<\/p>\n\n\n\n<p>Aujourd&rsquo;hui, nous avons d\u00e9coup\u00e9 et coll\u00e9 les \u00e9tiquettes sur les gobelets en plastique.<\/p>\n\n\n\n<p>Ca prend beaucoup de temps. Il faut \u00eatre pr\u00e9cis, concentr\u00e9 et ne pas coller l&rsquo;\u00e9tiquette de travers.<\/p>\n\n\n\n<p>Ces gobelets sont r\u00e9utilisables alors que les gobelets en plastique ou en carton sont jetables!<\/p>\n\n\n\n<p>Nous pourrons les utiliser pour le sport adapt\u00e9, les sorties d&rsquo;extra scolaire, les pique-niques, le sport sant\u00e9, l&rsquo;AJS, les f\u00eates de fin d&rsquo;ann\u00e9e&#8230;.<\/p>\n\n\n\n<figure class=\"wp-block-image size-large\"><a href=\"https:\/\/www.imelasavoie.fr\/wp-content\/uploads\/2022\/10\/IMG_20221011_145125-scaled.jpg\"><img loading=\"lazy\" decoding=\"async\" width=\"768\" height=\"1024\" src=\"https:\/\/www.imelasavoie.fr\/wp-content\/uploads\/2022\/10\/IMG_20221011_145125-768x1024.jpg\" alt=\"\" class=\"wp-image-25429\" srcset=\"https:\/\/www.imelasavoie.fr\/wp-content\/uploads\/2022\/10\/IMG_20221011_145125-768x1024.jpg 768w, https:\/\/www.imelasavoie.fr\/wp-content\/uploads\/2022\/10\/IMG_20221011_145125-225x300.jpg 225w, https:\/\/www.imelasavoie.fr\/wp-content\/uploads\/2022\/10\/IMG_20221011_145125-1152x1536.jpg 1152w, https:\/\/www.imelasavoie.fr\/wp-content\/uploads\/2022\/10\/IMG_20221011_145125-1536x2048.jpg 1536w, https:\/\/www.imelasavoie.fr\/wp-content\/uploads\/2022\/10\/IMG_20221011_145125-scaled.jpg 1920w\" sizes=\"auto, (max-width: 768px) 100vw, 768px\" \/><\/a><figcaption class=\"wp-element-caption\">rpt<\/figcaption><\/figure>\n\n\n\n<figure class=\"wp-block-image size-large\"><a href=\"https:\/\/www.imelasavoie.fr\/wp-content\/uploads\/2022\/10\/IMG_20220628_091555_edit_1211498240440655.jpg\"><img loading=\"lazy\" decoding=\"async\" width=\"1024\" height=\"892\" src=\"https:\/\/www.imelasavoie.fr\/wp-content\/uploads\/2022\/10\/IMG_20220628_091555_edit_1211498240440655-1024x892.jpg\" alt=\"\" class=\"wp-image-25430\" srcset=\"https:\/\/www.imelasavoie.fr\/wp-content\/uploads\/2022\/10\/IMG_20220628_091555_edit_1211498240440655-1024x892.jpg 1024w, https:\/\/www.imelasavoie.fr\/wp-content\/uploads\/2022\/10\/IMG_20220628_091555_edit_1211498240440655-300x261.jpg 300w, https:\/\/www.imelasavoie.fr\/wp-content\/uploads\/2022\/10\/IMG_20220628_091555_edit_1211498240440655-768x669.jpg 768w, https:\/\/www.imelasavoie.fr\/wp-content\/uploads\/2022\/10\/IMG_20220628_091555_edit_1211498240440655-1536x1337.jpg 1536w, https:\/\/www.imelasavoie.fr\/wp-content\/uploads\/2022\/10\/IMG_20220628_091555_edit_1211498240440655.jpg 1972w\" sizes=\"auto, (max-width: 1024px) 100vw, 1024px\" \/><\/a><figcaption class=\"wp-element-caption\">qrf<\/figcaption><\/figure>\n\n\n\n<figure class=\"wp-block-image size-large\"><a href=\"https:\/\/www.imelasavoie.fr\/wp-content\/uploads\/2022\/10\/IMG_20221011_144925-scaled.jpg\"><img loading=\"lazy\" decoding=\"async\" width=\"1024\" height=\"768\" src=\"https:\/\/www.imelasavoie.fr\/wp-content\/uploads\/2022\/10\/IMG_20221011_144925-1024x768.jpg\" alt=\"\" class=\"wp-image-25431\" srcset=\"https:\/\/www.imelasavoie.fr\/wp-content\/uploads\/2022\/10\/IMG_20221011_144925-1024x768.jpg 1024w, https:\/\/www.imelasavoie.fr\/wp-content\/uploads\/2022\/10\/IMG_20221011_144925-300x225.jpg 300w, https:\/\/www.imelasavoie.fr\/wp-content\/uploads\/2022\/10\/IMG_20221011_144925-768x576.jpg 768w, https:\/\/www.imelasavoie.fr\/wp-content\/uploads\/2022\/10\/IMG_20221011_144925-1536x1152.jpg 1536w, https:\/\/www.imelasavoie.fr\/wp-content\/uploads\/2022\/10\/IMG_20221011_144925-2048x1536.jpg 2048w\" sizes=\"auto, (max-width: 1024px) 100vw, 1024px\" \/><\/a><figcaption class=\"wp-element-caption\">rpt<\/figcaption><\/figure>\n","protected":false},"excerpt":{"rendered":"<p>L&rsquo;ann\u00e9e derni\u00e8re des jeunes de l&rsquo;IME et du coll\u00e8ge ont particip\u00e9 \u00e0 un concours de logo pour d\u00e9corer les gobelets en plastique de l&rsquo;IME. Un logo a \u00e9t\u00e9 s\u00e9lectionn\u00e9 gr\u00e2ce \u00e0 de nombreux votes. Le logo a \u00e9t\u00e9 imprim\u00e9 sur &hellip; <a href=\"https:\/\/www.imelasavoie.fr\/?p=25428\">Continuer la lecture <span class=\"meta-nav\">&rarr;<\/span><\/a><\/p>\n","protected":false},"author":18,"featured_media":0,"comment_status":"open","ping_status":"closed","sticky":false,"template":"","format":"standard","meta":{"footnotes":""},"categories":[31],"tags":[],"class_list":["post-25428","post","type-post","status-publish","format-standard","hentry","category-aej"],"_links":{"self":[{"href":"https:\/\/www.imelasavoie.fr\/index.php?rest_route=\/wp\/v2\/posts\/25428","targetHints":{"allow":["GET"]}}],"collection":[{"href":"https:\/\/www.imelasavoie.fr\/index.php?rest_route=\/wp\/v2\/posts"}],"about":[{"href":"https:\/\/www.imelasavoie.fr\/index.php?rest_route=\/wp\/v2\/types\/post"}],"author":[{"embeddable":true,"href":"https:\/\/www.imelasavoie.fr\/index.php?rest_route=\/wp\/v2\/users\/18"}],"replies":[{"embeddable":true,"href":"https:\/\/www.imelasavoie.fr\/index.php?rest_route=%2Fwp%2Fv2%2Fcomments&post=25428"}],"version-history":[{"count":1,"href":"https:\/\/www.imelasavoie.fr\/index.php?rest_route=\/wp\/v2\/posts\/25428\/revisions"}],"predecessor-version":[{"id":25432,"href":"https:\/\/www.imelasavoie.fr\/index.php?rest_route=\/wp\/v2\/posts\/25428\/revisions\/25432"}],"wp:attachment":[{"href":"https:\/\/www.imelasavoie.fr\/index.php?rest_route=%2Fwp%2Fv2%2Fmedia&parent=25428"}],"wp:term":[{"taxonomy":"category","embeddable":true,"href":"https:\/\/www.imelasavoie.fr\/index.php?rest_route=%2Fwp%2Fv2%2Fcategories&post=25428"},{"taxonomy":"post_tag","embeddable":true,"href":"https:\/\/www.imelasavoie.fr\/index.php?rest_route=%2Fwp%2Fv2%2Ftags&post=25428"}],"curies":[{"name":"wp","href":"https:\/\/api.w.org\/{rel}","templated":true}]}}