{"id":25513,"date":"2022-11-14T17:27:52","date_gmt":"2022-11-14T15:27:52","guid":{"rendered":"https:\/\/www.imelasavoie.fr\/?p=25513"},"modified":"2022-11-14T17:27:52","modified_gmt":"2022-11-14T15:27:52","slug":"expression-ecrite-pendant-les-vacances-2-2","status":"publish","type":"post","link":"https:\/\/www.imelasavoie.fr\/?p=25513","title":{"rendered":"[Expression \u00e9crite] Pendant les vacances&#8230;. (2)"},"content":{"rendered":"\n<p>Pendant les vacances, j\u2019ai jou\u00e9 avec mon chien. J\u2019ai aussi une chienne qui a fait une b\u00eatise&nbsp;! Elle a attrap\u00e9 une souris et elle a tent\u00e9 de l\u2019assassiner&nbsp;! Ma m\u00e8re a pris la souris par la queue, mais la souris \u00e9tait encore vivante! Elle l\u2019a jet\u00e9e \u00e0 la poubelle. (Vianney)<\/p>\n\n\n\n<p>Pendant les vacances, j\u2019ai f\u00eat\u00e9 l\u2019anniversaire de Ka\u00efza qui a eu 19 ans. C\u2019est une fille qui est aussi accueillie par ma famille d\u2019accueil. J\u2019ai aussi fait des promenades. (Enola)<\/p>\n\n\n\n<p>Pendant les vacances, j\u2019ai mang\u00e9 au Burger King de Gex. J\u2019ai fait du v\u00e9lo sur une ancienne voie ferr\u00e9e. J\u2019ai fait une tarte aux pommes. Avec ma m\u00e8re, j\u2019ai aussi cuisin\u00e9 un plat maison, un gratin dauphinois. J\u2019ai visit\u00e9 le mus\u00e9e des pompiers. J\u2019ai vu des vieux camions de pompiers. Et j\u2019ai fait pleins de promenades&nbsp;! (J\u00e9r\u00e9my)<\/p>\n\n\n\n<p>Pendant les vacances, j\u2019ai f\u00eat\u00e9 l\u2019anniversaire de mon meilleur ami, qui a eu 19 ans. On a bu des sodas et on a mang\u00e9 des chips. On s\u2019est bien amus\u00e9&nbsp;! Le dimanche, je suis all\u00e9 chez mon grand-p\u00e8re. On a mang\u00e9 du couscous et on a f\u00eat\u00e9 l\u2019anniversaire de ma s\u0153ur Abigaelle qui a eu 11 ans. C\u2019\u00e9tait de bonnes vacances&nbsp;! (Ilona)<\/p>\n","protected":false},"excerpt":{"rendered":"<p>Pendant les vacances, j\u2019ai jou\u00e9 avec mon chien. J\u2019ai aussi une chienne qui a fait une b\u00eatise&nbsp;! Elle a attrap\u00e9 une souris et elle a tent\u00e9 de l\u2019assassiner&nbsp;! Ma m\u00e8re a pris la souris par la queue, mais la souris &hellip; <a href=\"https:\/\/www.imelasavoie.fr\/?p=25513\">Continuer la lecture <span class=\"meta-nav\">&rarr;<\/span><\/a><\/p>\n","protected":false},"author":13,"featured_media":0,"comment_status":"open","ping_status":"closed","sticky":false,"template":"","format":"standard","meta":{"footnotes":""},"categories":[1],"tags":[],"class_list":["post-25513","post","type-post","status-publish","format-standard","hentry","category-non-classe"],"_links":{"self":[{"href":"https:\/\/www.imelasavoie.fr\/index.php?rest_route=\/wp\/v2\/posts\/25513","targetHints":{"allow":["GET"]}}],"collection":[{"href":"https:\/\/www.imelasavoie.fr\/index.php?rest_route=\/wp\/v2\/posts"}],"about":[{"href":"https:\/\/www.imelasavoie.fr\/index.php?rest_route=\/wp\/v2\/types\/post"}],"author":[{"embeddable":true,"href":"https:\/\/www.imelasavoie.fr\/index.php?rest_route=\/wp\/v2\/users\/13"}],"replies":[{"embeddable":true,"href":"https:\/\/www.imelasavoie.fr\/index.php?rest_route=%2Fwp%2Fv2%2Fcomments&post=25513"}],"version-history":[{"count":1,"href":"https:\/\/www.imelasavoie.fr\/index.php?rest_route=\/wp\/v2\/posts\/25513\/revisions"}],"predecessor-version":[{"id":25514,"href":"https:\/\/www.imelasavoie.fr\/index.php?rest_route=\/wp\/v2\/posts\/25513\/revisions\/25514"}],"wp:attachment":[{"href":"https:\/\/www.imelasavoie.fr\/index.php?rest_route=%2Fwp%2Fv2%2Fmedia&parent=25513"}],"wp:term":[{"taxonomy":"category","embeddable":true,"href":"https:\/\/www.imelasavoie.fr\/index.php?rest_route=%2Fwp%2Fv2%2Fcategories&post=25513"},{"taxonomy":"post_tag","embeddable":true,"href":"https:\/\/www.imelasavoie.fr\/index.php?rest_route=%2Fwp%2Fv2%2Ftags&post=25513"}],"curies":[{"name":"wp","href":"https:\/\/api.w.org\/{rel}","templated":true}]}}